{"id":9972,"date":"2022-02-20T10:01:19","date_gmt":"2022-02-20T09:01:19","guid":{"rendered":"https:\/\/stansgar.katolsk.no\/?p=9972"},"modified":"2022-02-18T12:47:42","modified_gmt":"2022-02-18T11:47:42","slug":"kunngjoringer-sondag-20-februar-2022","status":"publish","type":"post","link":"https:\/\/stansgar.katolsk.no\/?p=9972","title":{"rendered":"KUNNGJ\u00d8RINGER S\u00d8NDAG 20. FEBRUAR 2022"},"content":{"rendered":"<p style=\"text-align: center;\"><strong>&nbsp;KUNNGJ\u00d8RINGER S\u00d8NDAG 20. FEBRUAR 2022<\/strong><\/p>\n<table width=\"595\">\n<tbody>\n<tr>\n<td width=\"76\">Tirsdag<\/td>\n<td width=\"73\">22.02.<\/td>\n<td colspan=\"3\" width=\"32\">&nbsp;<\/p>\n<p>kl.<\/p>\n<p>kl.<\/td>\n<td width=\"56\">&nbsp;<\/p>\n<p>17.30<\/p>\n<p>18.00<\/td>\n<td width=\"359\">Fest: Apostelen Peters stol<\/p>\n<p>Vesper<\/p>\n<p>Messe &#8211; etterfulgt av sakramentstilbedelse<\/td>\n<\/tr>\n<tr>\n<td width=\"76\">Onsdag<\/td>\n<td width=\"73\">23.02.<\/td>\n<td colspan=\"3\" width=\"32\">kl.<\/td>\n<td width=\"56\">18.00<\/td>\n<td width=\"359\">Messe &#8211; Den hellige Polykarp<\/td>\n<\/tr>\n<tr>\n<td width=\"76\">Torsdag<\/td>\n<td width=\"73\">24.02.<\/td>\n<td colspan=\"3\" width=\"32\">kl.<\/p>\n<p>kl.<\/td>\n<td width=\"56\">11.00<\/p>\n<p>18.00<\/td>\n<td width=\"359\">Messe<\/p>\n<p>Messe<\/td>\n<\/tr>\n<tr>\n<td width=\"76\">Fredag<\/td>\n<td width=\"73\">25.02.<\/td>\n<td colspan=\"3\" width=\"32\">kl.<\/td>\n<td width=\"56\">18.00<\/td>\n<td width=\"359\">Messe<\/td>\n<\/tr>\n<tr>\n<td width=\"76\">L\u00f8rdag<\/td>\n<td width=\"73\">26.02.<\/td>\n<td colspan=\"3\" width=\"32\">kl.<\/p>\n<p>kl.<\/p>\n<p>kl.<\/p>\n<p>kl.<\/p>\n<p>kl.<\/td>\n<td width=\"56\">12.30<\/p>\n<p>13.00<\/p>\n<p>14.00<\/p>\n<p>16.00<\/p>\n<p>18.00<\/td>\n<td width=\"359\">Rosenkransb\u00f8nn<\/p>\n<p>Messe<\/p>\n<p>Messe p\u00e5 tagalog<\/p>\n<p>Messe p\u00e5 fransk<\/p>\n<p>Messe p\u00e5 polsk<\/td>\n<\/tr>\n<tr>\n<td width=\"76\">S\u00f8ndag<\/td>\n<td colspan=\"6\" width=\"520\">27.02.&nbsp; &nbsp;&nbsp;&nbsp;&nbsp;&nbsp;&nbsp; 8. S\u00d8NDAG I DET ALMINNELIGE KIRKE\u00c5R<\/td>\n<\/tr>\n<tr>\n<td width=\"76\">&nbsp;<\/td>\n<td colspan=\"2\" width=\"74\">&nbsp;<\/td>\n<td width=\"31\">kl.<\/p>\n<p>kl.<\/p>\n<p>kl.<\/td>\n<td colspan=\"2\" width=\"56\">09.00<\/p>\n<p>11.00<\/p>\n<p>13.00<\/td>\n<td width=\"359\">Messe p\u00e5 polsk<\/p>\n<p>H\u00f8ymesse<\/p>\n<p>Messe p\u00e5 vietnamesisk<\/td>\n<\/tr>\n<\/tbody>\n<\/table>\n<p><strong>Annet:&nbsp;&nbsp;&nbsp;&nbsp;&nbsp;&nbsp;&nbsp;&nbsp;&nbsp;&nbsp;&nbsp; <\/strong><\/p>\n<ol>\n<li><strong>Torsdag 24. februar<\/strong> 18.45 er det troskurs.<\/li>\n<li><strong>L\u00f8rdag 26. februar, kl. 14.00 &#8211; 17.30 i Kiga: <\/strong>Kurset om \u00abForebygging av seksuelle overgrep\u00bb<\/li>\n<li><strong>Fastetiden begynner med askeonsdag 2. mars<\/strong>. Dersom noen har palmegreiner fra palmes\u00f8ndag i fjor, ber vi dere om \u00e5 levere dem i kirken innen s\u00f8ndag 27. februar. Grenene brennes og askene brukes p\u00e5 askeonsdag.<\/li>\n<li><strong>Retrett i fastetiden 2022:<\/strong> <strong>fra torsdag 10. mars til l\u00f8rdag 12. mars.<\/strong><\/li>\n<\/ol>\n<p>Pater Andreas Rupprecht SM fra maristerordnenen skal holde retrett for v\u00e5r menighet.<\/p>\n<p><strong>-Torsdag og fredag kveld 10. og 11. mars<\/strong>: Retrett for voksne<br \/>\nRetretten begynner med messe <strong>kl. 18.00<\/strong> etterfulgt av impulser, tilbedelse og skriftem\u00e5l.<\/p>\n<p>P. Andreas blir til disposisjon for individuelle samtaler om b\u00f8nn for alle som \u00f8nsker det.<\/p>\n<p><strong>-L\u00f8rdag 12. mars<\/strong>: Retrett for barn, ungdommer og kateketer fra kl.10.00 \u2013 kl.17.00.<\/p>\n<p>Program og mer informasjon kommer senere.<\/p>\n<ol start=\"5\">\n<li><strong>Endring av katekesedato for 5., 6., 7., 8. og 9. trinn<br \/>\n<\/strong>Katekesen for 5., 6., 7., 8. og 9. trinn er flyttet fra 5. mars til 12. mars fordi barna og ungdommene skal ha retrett sammen med p. Andreas Rupprecht l\u00f8rdag 12. mars.<\/li>\n<\/ol>\n<p><strong>&nbsp;<\/strong><\/p>\n<p style=\"text-align: center;\"><strong>Alle er hjertelig velkommen til kirkekaffe. \u00d8nsker dere riktig god s\u00f8ndag!<\/strong><\/p>\n","protected":false},"excerpt":{"rendered":"<p>&nbsp;KUNNGJ\u00d8RINGER S\u00d8NDAG 20. FEBRUAR 2022 Tirsdag 22.02. &nbsp; kl. kl. &nbsp; 17.30 18.00 Fest: Apostelen Peters stol Vesper Messe &#8211; etterfulgt av sakramentstilbedelse Onsdag 23.02. kl. 18.00 Messe &#8211; Den hellige Polykarp Torsdag 24.02. kl. kl. 11.00 18.00 Messe Messe&#8230;<br \/><a class=\"read-more-button\" href=\"https:\/\/stansgar.katolsk.no\/?p=9972\">Read more<\/a><\/p>\n","protected":false},"author":1,"featured_media":0,"comment_status":"open","ping_status":"open","sticky":false,"template":"","format":"standard","meta":{"footnotes":""},"categories":[482],"tags":[],"class_list":["post-9972","post","type-post","status-publish","format-standard","hentry","category-kunngjoringer"],"_links":{"self":[{"href":"https:\/\/stansgar.katolsk.no\/index.php?rest_route=\/wp\/v2\/posts\/9972","targetHints":{"allow":["GET"]}}],"collection":[{"href":"https:\/\/stansgar.katolsk.no\/index.php?rest_route=\/wp\/v2\/posts"}],"about":[{"href":"https:\/\/stansgar.katolsk.no\/index.php?rest_route=\/wp\/v2\/types\/post"}],"author":[{"embeddable":true,"href":"https:\/\/stansgar.katolsk.no\/index.php?rest_route=\/wp\/v2\/users\/1"}],"replies":[{"embeddable":true,"href":"https:\/\/stansgar.katolsk.no\/index.php?rest_route=%2Fwp%2Fv2%2Fcomments&post=9972"}],"version-history":[{"count":1,"href":"https:\/\/stansgar.katolsk.no\/index.php?rest_route=\/wp\/v2\/posts\/9972\/revisions"}],"predecessor-version":[{"id":9973,"href":"https:\/\/stansgar.katolsk.no\/index.php?rest_route=\/wp\/v2\/posts\/9972\/revisions\/9973"}],"wp:attachment":[{"href":"https:\/\/stansgar.katolsk.no\/index.php?rest_route=%2Fwp%2Fv2%2Fmedia&parent=9972"}],"wp:term":[{"taxonomy":"category","embeddable":true,"href":"https:\/\/stansgar.katolsk.no\/index.php?rest_route=%2Fwp%2Fv2%2Fcategories&post=9972"},{"taxonomy":"post_tag","embeddable":true,"href":"https:\/\/stansgar.katolsk.no\/index.php?rest_route=%2Fwp%2Fv2%2Ftags&post=9972"}],"curies":[{"name":"wp","href":"https:\/\/api.w.org\/{rel}","templated":true}]}}