{"id":991,"date":"2012-11-22T09:50:00","date_gmt":"2012-11-22T08:50:00","guid":{"rendered":"http:\/\/stansgar.katolsk.no\/index.php\/2012\/11\/22\/de-vietnamesiske-martyrers-minnedag\/"},"modified":"2018-10-12T09:13:02","modified_gmt":"2018-10-12T07:13:02","slug":"de-vietnamesiske-martyrers-minnedag","status":"publish","type":"post","link":"https:\/\/stansgar.katolsk.no\/?p=991","title":{"rendered":"De vietnamesiske martyrers minnedag"},"content":{"rendered":"<p><a href=\"http:\/\/www.vietcatholic.net\/Pics\/121124Martyrs.jpg\" imageanchor=\"1\" style=\"clear: right; float: right; margin-bottom: 1em; margin-left: 1em;\"><img loading=\"lazy\" decoding=\"async\" border=\"0\" height=\"400\" src=\"http:\/\/www.vietcatholic.net\/Pics\/121124Martyrs.jpg\" width=\"328\" \/><\/a><b style=\"background-color: white; color: #222222; font-family: Times, 'Times New Roman', serif; line-height: 21px;\"><\/b><br \/>\n<b style=\"background-color: white; color: #222222; font-family: Times, 'Times New Roman', serif; line-height: 21px;\"><b style=\"background-color: white; color: #222222; font-family: Times, 'Times New Roman', serif; line-height: 21px;\"><br \/><\/b><\/b><br \/>\n<b style=\"background-color: white; color: #222222; font-family: Times, 'Times New Roman', serif; line-height: 21px;\"><b style=\"background-color: white; color: #222222; font-family: Times, 'Times New Roman', serif; line-height: 21px;\"><br \/><\/b><\/b><br \/>\n<b style=\"background-color: white; color: #222222; font-family: Times, 'Times New Roman', serif; line-height: 21px;\"><b style=\"background-color: white; color: #222222; font-family: Times, 'Times New Roman', serif; line-height: 21px;\"><br \/><\/b><\/b><br \/>\n<b style=\"background-color: white; color: #222222; font-family: Times, 'Times New Roman', serif; line-height: 21px;\">L\u00f8rdag 24. november&nbsp;<\/b>er det messe p\u00e5 vietnamesisk kl 17, i anledning de vietnamesiske martyrers minnedag.<br \/>\nDe 117 martyrene som minnes denne dagen d\u00f8de mellom 1745 og 1862 under kristendomsforf\u00f8lgelser som egentlig varte helt fra 1625 til 1886 og kostet 130 000 mennesker livet. Les mer&nbsp;<a href=\"http:\/\/www.katolsk.no\/biografier\/historisk\/117viet\" target=\"_blank\">her<\/a><\/p>\n<p><\/p>\n","protected":false},"excerpt":{"rendered":"<p>L\u00f8rdag 24. november&nbsp;er det messe p\u00e5 vietnamesisk kl 17, i anledning de vietnamesiske martyrers minnedag. De 117 martyrene som minnes denne dagen d\u00f8de mellom 1745 og 1862 under kristendomsforf\u00f8lgelser som egentlig varte helt fra 1625 til 1886 og kostet 130&#8230;<br \/><a class=\"read-more-button\" href=\"https:\/\/stansgar.katolsk.no\/?p=991\">Read more<\/a><\/p>\n","protected":false},"author":3,"featured_media":0,"comment_status":"open","ping_status":"open","sticky":false,"template":"","format":"standard","meta":{"footnotes":""},"categories":[1],"tags":[137,52,31],"class_list":["post-991","post","type-post","status-publish","format-standard","hentry","category-ukategorisert","tag-martyrer","tag-messe","tag-vietnamesisk"],"_links":{"self":[{"href":"https:\/\/stansgar.katolsk.no\/index.php?rest_route=\/wp\/v2\/posts\/991","targetHints":{"allow":["GET"]}}],"collection":[{"href":"https:\/\/stansgar.katolsk.no\/index.php?rest_route=\/wp\/v2\/posts"}],"about":[{"href":"https:\/\/stansgar.katolsk.no\/index.php?rest_route=\/wp\/v2\/types\/post"}],"author":[{"embeddable":true,"href":"https:\/\/stansgar.katolsk.no\/index.php?rest_route=\/wp\/v2\/users\/3"}],"replies":[{"embeddable":true,"href":"https:\/\/stansgar.katolsk.no\/index.php?rest_route=%2Fwp%2Fv2%2Fcomments&post=991"}],"version-history":[{"count":1,"href":"https:\/\/stansgar.katolsk.no\/index.php?rest_route=\/wp\/v2\/posts\/991\/revisions"}],"predecessor-version":[{"id":3095,"href":"https:\/\/stansgar.katolsk.no\/index.php?rest_route=\/wp\/v2\/posts\/991\/revisions\/3095"}],"wp:attachment":[{"href":"https:\/\/stansgar.katolsk.no\/index.php?rest_route=%2Fwp%2Fv2%2Fmedia&parent=991"}],"wp:term":[{"taxonomy":"category","embeddable":true,"href":"https:\/\/stansgar.katolsk.no\/index.php?rest_route=%2Fwp%2Fv2%2Fcategories&post=991"},{"taxonomy":"post_tag","embeddable":true,"href":"https:\/\/stansgar.katolsk.no\/index.php?rest_route=%2Fwp%2Fv2%2Ftags&post=991"}],"curies":[{"name":"wp","href":"https:\/\/api.w.org\/{rel}","templated":true}]}}