{"id":9902,"date":"2022-01-23T10:01:50","date_gmt":"2022-01-23T09:01:50","guid":{"rendered":"https:\/\/stansgar.katolsk.no\/?p=9902"},"modified":"2022-01-21T09:48:36","modified_gmt":"2022-01-21T08:48:36","slug":"kunngjoringer-sondag-23-januar-2022","status":"publish","type":"post","link":"https:\/\/stansgar.katolsk.no\/?p=9902","title":{"rendered":"KUNNGJ\u00d8RINGER S\u00d8NDAG 23. JANUAR 2022"},"content":{"rendered":"<p style=\"text-align: center;\"><strong>KUNNGJ\u00d8RINGER S\u00d8NDAG 23. JANUAR 2022<\/strong><\/p>\n<table width=\"624\">\n<tbody>\n<tr>\n<td width=\"76\">Tirsdag<\/td>\n<td width=\"64\">&nbsp;<\/td>\n<td width=\"73\">25.01.<\/td>\n<td colspan=\"3\" width=\"32\">kl.<\/p>\n<p>&nbsp;<\/p>\n<p>kl.<\/td>\n<td colspan=\"2\" width=\"52\">17.30<\/p>\n<p>&nbsp;<\/p>\n<p>18.00<\/td>\n<td width=\"327\">Vesper<\/p>\n<p>APOSTELEN PAULUS&#8217; OMVENDELSE<\/p>\n<p>Messe &#8211; etterfulgt av sakramentstilbedelse<\/td>\n<\/tr>\n<tr>\n<td width=\"76\">Onsdag<\/td>\n<td width=\"64\">&nbsp;<\/td>\n<td width=\"73\">26.01.<\/td>\n<td colspan=\"3\" width=\"32\">kl.<\/td>\n<td colspan=\"2\" width=\"52\">18.00<\/td>\n<td width=\"327\">Messe &#8211; Den hellige Eystein<\/td>\n<\/tr>\n<tr>\n<td width=\"76\">Torsdag<\/td>\n<td width=\"64\">&nbsp;<\/td>\n<td width=\"73\">27.01.<\/td>\n<td colspan=\"3\" width=\"32\">kl.<\/p>\n<p>kl.<\/td>\n<td colspan=\"2\" width=\"52\">11.00<\/p>\n<p>18.00<\/td>\n<td width=\"327\">Messe &#8211; De hellige Timoteus og Titus<\/p>\n<p>Messe<\/td>\n<\/tr>\n<tr>\n<td width=\"76\">Fredag<\/td>\n<td width=\"64\">&nbsp;<\/td>\n<td width=\"73\">28.01.<\/td>\n<td colspan=\"3\" width=\"32\">kl.<\/td>\n<td colspan=\"2\" width=\"52\">18.00<\/td>\n<td width=\"327\">Messe &#8211; Den hellige Thomas Aquinas<\/p>\n<p>&nbsp;<\/td>\n<\/tr>\n<tr>\n<td width=\"76\">L\u00f8rdag<\/p>\n<p>&nbsp;<\/p>\n<p>&nbsp;<\/td>\n<td width=\"64\">&nbsp;<\/td>\n<td width=\"73\">29.01.<\/td>\n<td colspan=\"3\" width=\"32\">kl.<\/p>\n<p>kl.<\/td>\n<td width=\"51\">13.00<\/p>\n<p>18.00<\/td>\n<td colspan=\"2\" width=\"329\">Messe<\/p>\n<p>Messe p\u00e5 polsk<\/td>\n<\/tr>\n<tr>\n<td width=\"76\">S\u00f8ndag<\/td>\n<td width=\"64\">&nbsp;<\/td>\n<td colspan=\"7\" width=\"484\">30.01.&nbsp; &nbsp;&nbsp;&nbsp;&nbsp;&nbsp;&nbsp; 4. S\u00d8NDAG I DET ALMINNELIGE KIRKE\u00c5R<\/td>\n<\/tr>\n<tr>\n<td width=\"76\">&nbsp;<\/p>\n<p>&nbsp;<\/td>\n<td width=\"64\">&nbsp;<\/td>\n<td colspan=\"2\" width=\"74\">&nbsp;<\/td>\n<td width=\"31\">kl.<\/p>\n<p>kl.<\/p>\n<p>kl.<\/td>\n<td colspan=\"2\" width=\"51\">09.00<\/p>\n<p>11.00<\/p>\n<p>13.00<\/td>\n<td colspan=\"2\" width=\"329\">Messe p\u00e5 polsk<\/p>\n<p>H\u00f8ytidmesse (ogs\u00e5 direktesendt)<\/p>\n<p>Messe p\u00e5 vietnamesisk<\/td>\n<\/tr>\n<\/tbody>\n<\/table>\n<p><strong>Annet:&nbsp;&nbsp;&nbsp;&nbsp;&nbsp;&nbsp;&nbsp;&nbsp;&nbsp;&nbsp;&nbsp; <\/strong><\/p>\n<ul>\n<li><strong>Torsdag 27. januar <\/strong> 18.45 er det troskurs.<strong>\n<p><\/strong><\/li>\n<li><strong>Kurs om <\/strong><strong>\u00abForebygging av seksuelle overgrep\u00bb l\u00f8rdag 29. januar<\/strong><\/li>\n<\/ul>\n<p>Ewa Bivand fra Oslo Katolske Bisped\u00f8mme kommer til v\u00e5r menighet for \u00e5 holde et kurs om \u00abForebygging av seksuelle overgrep\u00bb l\u00f8rdag 29. januar, kl. 14.00 &#8211; 17.30.<\/p>\n<p>Kurset er for alle som har kontakt med barn og alle andre interesserte.<\/p>\n<p>Ved deltakelse p\u00e5 kurset m\u00e5 deltakere registrere seg i billettsystemet.<\/p>\n<p>&nbsp;<\/p>\n<p style=\"text-align: center;\"><strong>&nbsp;<\/strong><strong>&nbsp;\u00d8nsker dere en riktig god s\u00f8ndag!<\/strong><\/p>\n","protected":false},"excerpt":{"rendered":"<p>KUNNGJ\u00d8RINGER S\u00d8NDAG 23. JANUAR 2022 Tirsdag &nbsp; 25.01. kl. &nbsp; kl. 17.30 &nbsp; 18.00 Vesper APOSTELEN PAULUS&#8217; OMVENDELSE Messe &#8211; etterfulgt av sakramentstilbedelse Onsdag &nbsp; 26.01. kl. 18.00 Messe &#8211; Den hellige Eystein Torsdag &nbsp; 27.01. kl. kl. 11.00 18.00&#8230;<br \/><a class=\"read-more-button\" href=\"https:\/\/stansgar.katolsk.no\/?p=9902\">Read more<\/a><\/p>\n","protected":false},"author":1,"featured_media":0,"comment_status":"open","ping_status":"open","sticky":false,"template":"","format":"standard","meta":{"footnotes":""},"categories":[482],"tags":[],"class_list":["post-9902","post","type-post","status-publish","format-standard","hentry","category-kunngjoringer"],"_links":{"self":[{"href":"https:\/\/stansgar.katolsk.no\/index.php?rest_route=\/wp\/v2\/posts\/9902","targetHints":{"allow":["GET"]}}],"collection":[{"href":"https:\/\/stansgar.katolsk.no\/index.php?rest_route=\/wp\/v2\/posts"}],"about":[{"href":"https:\/\/stansgar.katolsk.no\/index.php?rest_route=\/wp\/v2\/types\/post"}],"author":[{"embeddable":true,"href":"https:\/\/stansgar.katolsk.no\/index.php?rest_route=\/wp\/v2\/users\/1"}],"replies":[{"embeddable":true,"href":"https:\/\/stansgar.katolsk.no\/index.php?rest_route=%2Fwp%2Fv2%2Fcomments&post=9902"}],"version-history":[{"count":1,"href":"https:\/\/stansgar.katolsk.no\/index.php?rest_route=\/wp\/v2\/posts\/9902\/revisions"}],"predecessor-version":[{"id":9903,"href":"https:\/\/stansgar.katolsk.no\/index.php?rest_route=\/wp\/v2\/posts\/9902\/revisions\/9903"}],"wp:attachment":[{"href":"https:\/\/stansgar.katolsk.no\/index.php?rest_route=%2Fwp%2Fv2%2Fmedia&parent=9902"}],"wp:term":[{"taxonomy":"category","embeddable":true,"href":"https:\/\/stansgar.katolsk.no\/index.php?rest_route=%2Fwp%2Fv2%2Fcategories&post=9902"},{"taxonomy":"post_tag","embeddable":true,"href":"https:\/\/stansgar.katolsk.no\/index.php?rest_route=%2Fwp%2Fv2%2Ftags&post=9902"}],"curies":[{"name":"wp","href":"https:\/\/api.w.org\/{rel}","templated":true}]}}