{"id":989,"date":"2012-11-27T08:24:00","date_gmt":"2012-11-27T07:24:00","guid":{"rendered":"http:\/\/stansgar.katolsk.no\/index.php\/2012\/11\/27\/troens-ar-faith-hour\/"},"modified":"2018-10-12T09:13:02","modified_gmt":"2018-10-12T07:13:02","slug":"troens-ar-faith-hour","status":"publish","type":"post","link":"https:\/\/stansgar.katolsk.no\/?p=989","title":{"rendered":"Troens \u00e5r &#8212; Faith Hour"},"content":{"rendered":"<div class=\"separator\" style=\"clear: both; text-align: center;\">\n<a href=\"http:\/\/troensar.katolsk.no\/wp-content\/uploads\/2012\/06\/bannerWEB-300x189.jpg\" imageanchor=\"1\" style=\"margin-left: 1em; margin-right: 1em;\"><img loading=\"lazy\" decoding=\"async\" border=\"0\" height=\"251\" src=\"http:\/\/troensar.katolsk.no\/wp-content\/uploads\/2012\/06\/bannerWEB-300x189.jpg\" width=\"400\" \/><\/a><\/div>\n<div class=\"separator\" style=\"clear: both; text-align: center;\">\n<\/div>\n<div class=\"separator\" style=\"clear: both; text-align: center;\">\n<\/div>\n<p><b style=\"background-color: white; color: #222222; line-height: 21px;\"><br \/><\/b><br \/>\n<b style=\"background-color: white; color: #222222; line-height: 21px;\">Fredag 30. november&nbsp;<\/b>g\u00e5r katolske menigheter i hele Norge sammen om \u00e5 arrangere<b> Faith Hour <\/b>som en del av markeringen av&nbsp;<a href=\"http:\/\/troensar.katolsk.no\/\" target=\"_blank\">Troens \u00e5r<\/a>.<br \/>\n<b>&nbsp;Fra kl 19 til 20 vil det v\u00e6re sakramentstilbedelse i kirken.<\/b> Det vil ogs\u00e5 v\u00e6re anledning til skriftem\u00e5l. Ungdomslaget SAUL vil st\u00e5 for sang og lesninger. Alle er hjertelig velkommen til \u00e5 v\u00e6re med p\u00e5 hele eller deler av Faith Hour. Er du i n\u00e6rheten og har tid til \u00e5 bes\u00f8ke sakramentet bare i 5 eller 10 minutter er det ogs\u00e5 verdifullt.<\/p>\n<p>Les mer&nbsp;<a href=\"http:\/\/troensar.katolsk.no\/?p=434\" target=\"_blank\">her<\/a><\/p>\n<p>\n<iframe loading=\"lazy\" allowfullscreen=\"allowfullscreen\" frameborder=\"0\" height=\"315\" src=\"http:\/\/www.youtube.com\/embed\/ZFLTwdUgldA?rel=0\" width=\"560\"><\/iframe><\/p>\n","protected":false},"excerpt":{"rendered":"<p>Fredag 30. november&nbsp;g\u00e5r katolske menigheter i hele Norge sammen om \u00e5 arrangere Faith Hour som en del av markeringen av&nbsp;Troens \u00e5r. &nbsp;Fra kl 19 til 20 vil det v\u00e6re sakramentstilbedelse i kirken. Det vil ogs\u00e5 v\u00e6re anledning til skriftem\u00e5l. Ungdomslaget&#8230;<br \/><a class=\"read-more-button\" href=\"https:\/\/stansgar.katolsk.no\/?p=989\">Read more<\/a><\/p>\n","protected":false},"author":3,"featured_media":0,"comment_status":"open","ping_status":"open","sticky":false,"template":"","format":"standard","meta":{"footnotes":""},"categories":[1],"tags":[32,163],"class_list":["post-989","post","type-post","status-publish","format-standard","hentry","category-ukategorisert","tag-sakramentstilbedelse","tag-troens-ar"],"_links":{"self":[{"href":"https:\/\/stansgar.katolsk.no\/index.php?rest_route=\/wp\/v2\/posts\/989","targetHints":{"allow":["GET"]}}],"collection":[{"href":"https:\/\/stansgar.katolsk.no\/index.php?rest_route=\/wp\/v2\/posts"}],"about":[{"href":"https:\/\/stansgar.katolsk.no\/index.php?rest_route=\/wp\/v2\/types\/post"}],"author":[{"embeddable":true,"href":"https:\/\/stansgar.katolsk.no\/index.php?rest_route=\/wp\/v2\/users\/3"}],"replies":[{"embeddable":true,"href":"https:\/\/stansgar.katolsk.no\/index.php?rest_route=%2Fwp%2Fv2%2Fcomments&post=989"}],"version-history":[{"count":1,"href":"https:\/\/stansgar.katolsk.no\/index.php?rest_route=\/wp\/v2\/posts\/989\/revisions"}],"predecessor-version":[{"id":3092,"href":"https:\/\/stansgar.katolsk.no\/index.php?rest_route=\/wp\/v2\/posts\/989\/revisions\/3092"}],"wp:attachment":[{"href":"https:\/\/stansgar.katolsk.no\/index.php?rest_route=%2Fwp%2Fv2%2Fmedia&parent=989"}],"wp:term":[{"taxonomy":"category","embeddable":true,"href":"https:\/\/stansgar.katolsk.no\/index.php?rest_route=%2Fwp%2Fv2%2Fcategories&post=989"},{"taxonomy":"post_tag","embeddable":true,"href":"https:\/\/stansgar.katolsk.no\/index.php?rest_route=%2Fwp%2Fv2%2Ftags&post=989"}],"curies":[{"name":"wp","href":"https:\/\/api.w.org\/{rel}","templated":true}]}}