{"id":9723,"date":"2021-12-05T10:01:00","date_gmt":"2021-12-05T09:01:00","guid":{"rendered":"https:\/\/stansgar.katolsk.no\/?p=9723"},"modified":"2021-12-03T20:16:47","modified_gmt":"2021-12-03T19:16:47","slug":"kunngjoringer-sondag-5-desember-2021","status":"publish","type":"post","link":"https:\/\/stansgar.katolsk.no\/?p=9723","title":{"rendered":"KUNNGJ\u00d8RINGER S\u00d8NDAG 5. DESEMBER 2021"},"content":{"rendered":"<p style=\"text-align: center;\"><strong>KUNNGJ\u00d8RINGER S\u00d8NDAG 5. DESEMBER 2021<\/strong><\/p>\n<table width=\"624\">\n<tbody>\n<tr>\n<td width=\"79\">Tirsdag<\/td>\n<td width=\"79\">7.12.<\/td>\n<td colspan=\"3\" width=\"32\">&nbsp;<\/p>\n<p>kl.<\/p>\n<p>kl.<\/td>\n<td colspan=\"2\" width=\"53\">&nbsp;<\/p>\n<p>17.30<\/p>\n<p>18.00<\/td>\n<td width=\"382\">Minnedag: Den hellige Ambrosius<\/p>\n<p>Vesper<\/p>\n<p>Messe &#8211; etterfulgt av sakramentstilbedelse<\/td>\n<\/tr>\n<tr>\n<td width=\"79\">Onsdag<\/td>\n<td width=\"79\">8.12.<\/td>\n<td colspan=\"3\" width=\"32\">&nbsp;<\/p>\n<p>&nbsp;<\/p>\n<p>kl.<\/td>\n<td colspan=\"2\" width=\"53\">&nbsp;<\/p>\n<p>&nbsp;<\/p>\n<p>18.00<\/td>\n<td width=\"382\">H\u00d8YTID: JOMFRU MARIAS UPLETTEDE UNNFANGELSE<\/p>\n<p>Messe \u2013 etterfulgt av skriftem\u00e5l<\/td>\n<\/tr>\n<tr>\n<td width=\"79\">Torsdag<\/td>\n<td width=\"79\">9.12.<\/td>\n<td colspan=\"3\" width=\"32\">kl.<\/p>\n<p>kl.<\/td>\n<td colspan=\"2\" width=\"53\">11.00<\/p>\n<p>18.00<\/td>\n<td width=\"382\">Messe \u2013 etterfulgt av felles lunsj i Kiga.<\/p>\n<p>Messe<\/td>\n<\/tr>\n<tr>\n<td width=\"79\">Fredag<\/td>\n<td width=\"79\">10.12.<\/td>\n<td colspan=\"3\" width=\"32\">kl.<\/td>\n<td colspan=\"2\" width=\"53\">18.00<\/td>\n<td width=\"382\">Messe<\/td>\n<\/tr>\n<tr>\n<td width=\"79\">L\u00f8rdag<\/td>\n<td width=\"79\">11.12.<\/td>\n<td colspan=\"3\" width=\"32\">kl.<\/p>\n<p>kl.<\/td>\n<td colspan=\"2\" width=\"53\">13.00<\/p>\n<p>18.00<\/td>\n<td width=\"382\">Katekesemesse<\/p>\n<p>Messe p\u00e5 polsk<\/td>\n<\/tr>\n<tr>\n<td width=\"79\">S\u00f8ndag<\/td>\n<td colspan=\"7\" width=\"545\">12.11.&nbsp; 3. S\u00d8NDAG I ADVENT<\/td>\n<\/tr>\n<tr>\n<td width=\"79\">&nbsp;<\/p>\n<p>&nbsp;<\/p>\n<p>&nbsp;<\/p>\n<p>Stella Maris<\/td>\n<td colspan=\"2\" width=\"79\">&nbsp;<\/td>\n<td width=\"31\">kl.<\/p>\n<p>kl.<\/p>\n<p>kl.<\/p>\n<p>kl.<\/td>\n<td colspan=\"2\" width=\"51\">09.00<\/p>\n<p>11.00<\/p>\n<p>13.00<\/p>\n<p>17.00<\/td>\n<td colspan=\"2\" width=\"384\">Messe p\u00e5 polsk<\/p>\n<p>H\u00f8ytidmesse<\/p>\n<p>Messe p\u00e5 vietnamesisk<\/p>\n<p>Messe p\u00e5 Stella Maris<\/td>\n<\/tr>\n<\/tbody>\n<\/table>\n<p><strong>Annet:<\/strong><\/p>\n<p><strong>&nbsp;<\/strong><\/p>\n<p><strong>1) Kollekten fra alle messene 2. s\u00f8ndag i advent<\/strong> (ogs\u00e5 messene feiret l\u00f8rdag) i Trondheim stift og OKB vil i sin helhet g\u00e5 til klosterbygget p\u00e5 Munkeby.<\/p>\n<p><strong>&nbsp;<\/strong><\/p>\n<p><strong>2) Caritas St. Ansgar ber om din hjelp<\/strong><\/p>\n<p><strong><em>Gi en gave til et ukjent barn.<\/em><\/strong><\/p>\n<p>Hvert 8. barn i Kristiansand lever i fattigdom. For noen betyr det en jul uten samme oppmerksomhet, fest og gaver som barn flest opplever i h\u00f8ytiden.<\/p>\n<p>Caritas St.Ansgar oppfordrer alle familier i menigheten til \u00e5 kj\u00f8pe en barne-julegave &laquo;for mye&raquo;. Merke gaven med alder og kj\u00f8nn den passer til og levere den i menighetskontoret innen 15. desember. Gavene vil da bli fordelt anonymt til barnefamilier med sv\u00e6rt d\u00e5rlig \u00f8konomi.<\/p>\n<p>Vi kan ikke hjelpe alle, men sammen kan vi glede mange.<\/p>\n<p>P\u00e5 forh\u00e5nd tusen takk<\/p>\n<p>Caritas St. Ansgar<\/p>\n<p>&#8211; Caritas arrangerer i dag adventsbasar i Menighetssalen etter messen.<\/p>\n<p>Alle inviteres til \u00e5 st\u00f8tte Caritas sitt diakonale arbeid ved \u00e5 kj\u00f8pe julepynt eller ta lodd i adventslotteriet.<\/p>\n<p>P\u00e5 grunn av smittesituasjonen ber vi alle bruke munnbind n\u00e5r de bes\u00f8ker basaren.<\/p>\n<p>&nbsp;<\/p>\n<p><strong>3)<\/strong> Tirsdag 7. desember kl. 19.00 er det bibelgruppe.<\/p>\n<p><strong>&nbsp;<\/strong><strong>4) \u00c5ndelig forberedelse til Jesu Kristi F\u00f8dselsfest:<\/strong><\/p>\n<ol start=\"8\">\n<li>Sigurd Markussen skal feire h\u00f8ytid for Jomfru Marias uplettede unnfangelse, 8. desember, kl. 18.00 i St. Ansgar kirke, og etter messen h\u00f8rer p. Sigurd skriftem\u00e5l.<\/li>\n<\/ol>\n<p><strong>5)<\/strong> Torsdag 9. desember kl. 18.45 er det troskurs.<\/p>\n<p><strong>6) Katekese l\u00f8rdag 11. desember<\/strong><\/p>\n<p><strong>Kl. 10.00 \u2013 14.00: Katekese for barn p\u00e5 1., 2. og 4. trinn<\/strong><\/p>\n<p>Kl. 10.15 \u2013 11.00: Katekesemesse for barn, ungdommer og foreldre<\/p>\n<p>&nbsp;<\/p>\n<p><strong>Kl. 13.00 \u2013 17.00: Katekese for barn p\u00e5 3. trinn<\/strong><\/p>\n<p>Kl. 13.00 \u2013 13.45: Katekesemesse for barn, ungdommer og foreldre<\/p>\n<p>&nbsp;<\/p>\n<p>Vi minner om smitteverntiltak. Dersom barn og ungdommer er syke eller har symptomer p\u00e5 forkj\u00f8lelse, kan de <u>ikke<\/u> komme til katekesen.<\/p>\n<p><strong>&nbsp;<\/strong><\/p>\n<p><strong>7) Adventstidens retrett 17. desember:<\/strong><strong>&nbsp;<\/strong><\/p>\n<p>Alle ungdommer er invitert til Adventsretrett retrett med p. Phu fra Stavanger.<\/p>\n<p>Det blir en hellige ettermiddag for \u00e5 tenke p\u00e5 Guds kj\u00e6rlighet til hver av oss og \u00e5 forberede hjertet for Jesus Kristus som kommer for \u00e5 frelse oss.<\/p>\n<p>Programmet: kl. 17.00 skriftem\u00e5l, kl. 18.00 messe og kl.19.00 refleksjon. P\u00f8lser, chips og drikke serveres under m\u00f8tet.<\/p>\n<p style=\"text-align: center;\"><strong>&nbsp;<\/strong><\/p>\n<p style=\"text-align: center;\"><strong>Alle er hjertelig velkomne til kirkekaffe. \u00d8nsker dere en riktig god s\u00f8ndag!<\/strong><\/p>\n","protected":false},"excerpt":{"rendered":"<p>KUNNGJ\u00d8RINGER S\u00d8NDAG 5. DESEMBER 2021 Tirsdag 7.12. &nbsp; kl. kl. &nbsp; 17.30 18.00 Minnedag: Den hellige Ambrosius Vesper Messe &#8211; etterfulgt av sakramentstilbedelse Onsdag 8.12. &nbsp; &nbsp; kl. &nbsp; &nbsp; 18.00 H\u00d8YTID: JOMFRU MARIAS UPLETTEDE UNNFANGELSE Messe \u2013 etterfulgt av&#8230;<br \/><a class=\"read-more-button\" href=\"https:\/\/stansgar.katolsk.no\/?p=9723\">Read more<\/a><\/p>\n","protected":false},"author":1,"featured_media":0,"comment_status":"open","ping_status":"open","sticky":false,"template":"","format":"standard","meta":{"footnotes":""},"categories":[482],"tags":[],"class_list":["post-9723","post","type-post","status-publish","format-standard","hentry","category-kunngjoringer"],"_links":{"self":[{"href":"https:\/\/stansgar.katolsk.no\/index.php?rest_route=\/wp\/v2\/posts\/9723","targetHints":{"allow":["GET"]}}],"collection":[{"href":"https:\/\/stansgar.katolsk.no\/index.php?rest_route=\/wp\/v2\/posts"}],"about":[{"href":"https:\/\/stansgar.katolsk.no\/index.php?rest_route=\/wp\/v2\/types\/post"}],"author":[{"embeddable":true,"href":"https:\/\/stansgar.katolsk.no\/index.php?rest_route=\/wp\/v2\/users\/1"}],"replies":[{"embeddable":true,"href":"https:\/\/stansgar.katolsk.no\/index.php?rest_route=%2Fwp%2Fv2%2Fcomments&post=9723"}],"version-history":[{"count":3,"href":"https:\/\/stansgar.katolsk.no\/index.php?rest_route=\/wp\/v2\/posts\/9723\/revisions"}],"predecessor-version":[{"id":9731,"href":"https:\/\/stansgar.katolsk.no\/index.php?rest_route=\/wp\/v2\/posts\/9723\/revisions\/9731"}],"wp:attachment":[{"href":"https:\/\/stansgar.katolsk.no\/index.php?rest_route=%2Fwp%2Fv2%2Fmedia&parent=9723"}],"wp:term":[{"taxonomy":"category","embeddable":true,"href":"https:\/\/stansgar.katolsk.no\/index.php?rest_route=%2Fwp%2Fv2%2Fcategories&post=9723"},{"taxonomy":"post_tag","embeddable":true,"href":"https:\/\/stansgar.katolsk.no\/index.php?rest_route=%2Fwp%2Fv2%2Ftags&post=9723"}],"curies":[{"name":"wp","href":"https:\/\/api.w.org\/{rel}","templated":true}]}}