{"id":9674,"date":"2021-11-21T10:01:43","date_gmt":"2021-11-21T09:01:43","guid":{"rendered":"https:\/\/stansgar.katolsk.no\/?p=9674"},"modified":"2021-11-19T14:35:26","modified_gmt":"2021-11-19T13:35:26","slug":"kunngjoringer-sondag-21-november-2021","status":"publish","type":"post","link":"https:\/\/stansgar.katolsk.no\/?p=9674","title":{"rendered":"KUNNGJ\u00d8RINGER S\u00d8NDAG 21. NOVEMBER 2021"},"content":{"rendered":"<p style=\"text-align: center;\"><strong>&nbsp;KUNNGJ\u00d8RINGER S\u00d8NDAG 21. NOVEMBER 2021<\/strong><\/p>\n<table width=\"624\">\n<tbody>\n<tr>\n<td width=\"79\">Tirsdag<\/td>\n<td width=\"79\">23.11.<\/td>\n<td colspan=\"3\" width=\"32\">kl.<\/p>\n<p>kl.<\/td>\n<td colspan=\"2\" width=\"53\">17.30<\/p>\n<p>18.00<\/td>\n<td width=\"382\">Vesper<\/p>\n<p>Messe &#8211; etterfulgt av sakramentstilbedelse<\/td>\n<\/tr>\n<tr>\n<td width=\"79\">Onsdag<\/td>\n<td width=\"79\">24.11.<\/td>\n<td colspan=\"3\" width=\"32\">kl.<\/td>\n<td colspan=\"2\" width=\"53\">18.00<\/td>\n<td width=\"382\">Messe &#8211; Den hellige Andreas Dung-Lac og hans ledsagere<\/td>\n<\/tr>\n<tr>\n<td width=\"79\">Torsdag<\/td>\n<td width=\"79\">25.11.<\/td>\n<td colspan=\"3\" width=\"32\">&nbsp;<\/p>\n<p>kl.<\/p>\n<p>kl.<\/td>\n<td colspan=\"2\" width=\"53\">&nbsp;<\/p>\n<p>11.00<\/p>\n<p>18.00<\/td>\n<td width=\"382\">Den salige Niels Steensen<\/p>\n<p>Messe \u2013 etterfulgt av felles lunsj i Kiga.<\/p>\n<p>Messe<\/p>\n<p>&nbsp;<\/td>\n<\/tr>\n<tr>\n<td width=\"79\">Fredag<\/td>\n<td width=\"79\">26.11.<\/td>\n<td colspan=\"3\" width=\"32\">kl.<\/td>\n<td colspan=\"2\" width=\"53\">18.00<\/td>\n<td width=\"382\">Messe &#8211; Den hellige Leonard av Porto Maurizio, prest<\/td>\n<\/tr>\n<tr>\n<td width=\"79\">L\u00f8rdag<\/td>\n<td width=\"79\">27.11.<\/td>\n<td colspan=\"3\" width=\"32\">kl.<\/p>\n<p>kl.<\/p>\n<p>kl.<\/p>\n<p>kl.<\/p>\n<p>kl.<\/p>\n<p>&nbsp;<\/p>\n<p>kl.<\/p>\n<p>kl.<\/td>\n<td colspan=\"2\" width=\"53\">12.30<\/p>\n<p>13.00<\/p>\n<p>14.00<\/p>\n<p>16.00<\/p>\n<p>18.00<\/p>\n<p>&nbsp;<\/p>\n<p>14.00<\/p>\n<p>17.00<\/td>\n<td width=\"382\">Rosenkransb\u00f8nn<\/p>\n<p>Messe<\/p>\n<p>Messe p\u00e5 tagalog<\/p>\n<p>Messe p\u00e5 fransk<\/p>\n<p>Messe p\u00e5 polsk<\/p>\n<p>&nbsp;<\/p>\n<p>Messe i Lyngdal<\/p>\n<p>Messe i Flekkefjord<\/td>\n<\/tr>\n<tr>\n<td width=\"79\">S\u00f8ndag<\/td>\n<td colspan=\"7\" width=\"545\">28.11.&nbsp; <span style=\"color: #cc99ff;\"><strong>1. S\u00d8NDAG I ADVENT<\/strong><\/span><\/td>\n<\/tr>\n<tr>\n<td width=\"79\">&nbsp;<\/td>\n<td colspan=\"2\" width=\"79\">&nbsp;<\/td>\n<td width=\"31\">kl.<\/p>\n<p>kl.<\/p>\n<p>kl.<\/td>\n<td colspan=\"2\" width=\"51\">09.00<\/p>\n<p>11.00<\/p>\n<p>13.00<\/td>\n<td colspan=\"2\" width=\"384\">Messe p\u00e5 polsk<\/p>\n<p>H\u00f8ytidmesse<\/p>\n<p>Messe p\u00e5 vietnamesisk<\/td>\n<\/tr>\n<\/tbody>\n<\/table>\n<p><strong>Annet:<\/strong><\/p>\n<ul>\n<li>Det nye liturgiske \u00e5r C begynner med 1. s\u00f8ndag i Advent. Da leser vi s\u00f8ndagens tekster for \u00e5r C. Hverdagslesninger er for \u00e5r II.<\/li>\n<li><strong>Onsdag 24.11<br \/>\n<\/strong>Caritas St. Ansgar inviterer til vaffelkveld i Menighetslokalet etter kveldsmessen. Vi har pyntet til advent og \u00f8nsker alle velkommen til sosialt fellesskap i hyggelige rammer. Vi fortsetter v\u00e5r produksjon av gaver til julebasaren.&nbsp; Og her kan alle som \u00f8nsker det bidra, mens snakken g\u00e5r. Vi serverer vafler, kaffe og varm Caritas-suppe. Det blir loddsalg til inntekt for Caritas.<\/li>\n<\/ul>\n<p style=\"text-align: center;\">Ingen p\u00e5melding, og ALLE er hjertelig velkommen.&nbsp;<br \/>\n&nbsp;<\/p>\n<ul>\n<li><strong>Torsdag 25. november<\/strong> kl. 18.45 er det troskurs.<\/li>\n<\/ul>\n<p style=\"text-align: center;\"><strong>Alle er hjertelig velkomne til kirkekaffe. \u00d8nsker dere en riktig god s\u00f8ndag!<\/strong><\/p>\n","protected":false},"excerpt":{"rendered":"<p>&nbsp;KUNNGJ\u00d8RINGER S\u00d8NDAG 21. NOVEMBER 2021 Tirsdag 23.11. kl. kl. 17.30 18.00 Vesper Messe &#8211; etterfulgt av sakramentstilbedelse Onsdag 24.11. kl. 18.00 Messe &#8211; Den hellige Andreas Dung-Lac og hans ledsagere Torsdag 25.11. &nbsp; kl. kl. &nbsp; 11.00 18.00 Den salige&#8230;<br \/><a class=\"read-more-button\" href=\"https:\/\/stansgar.katolsk.no\/?p=9674\">Read more<\/a><\/p>\n","protected":false},"author":1,"featured_media":0,"comment_status":"open","ping_status":"open","sticky":false,"template":"","format":"standard","meta":{"footnotes":""},"categories":[482],"tags":[],"class_list":["post-9674","post","type-post","status-publish","format-standard","hentry","category-kunngjoringer"],"_links":{"self":[{"href":"https:\/\/stansgar.katolsk.no\/index.php?rest_route=\/wp\/v2\/posts\/9674","targetHints":{"allow":["GET"]}}],"collection":[{"href":"https:\/\/stansgar.katolsk.no\/index.php?rest_route=\/wp\/v2\/posts"}],"about":[{"href":"https:\/\/stansgar.katolsk.no\/index.php?rest_route=\/wp\/v2\/types\/post"}],"author":[{"embeddable":true,"href":"https:\/\/stansgar.katolsk.no\/index.php?rest_route=\/wp\/v2\/users\/1"}],"replies":[{"embeddable":true,"href":"https:\/\/stansgar.katolsk.no\/index.php?rest_route=%2Fwp%2Fv2%2Fcomments&post=9674"}],"version-history":[{"count":2,"href":"https:\/\/stansgar.katolsk.no\/index.php?rest_route=\/wp\/v2\/posts\/9674\/revisions"}],"predecessor-version":[{"id":9676,"href":"https:\/\/stansgar.katolsk.no\/index.php?rest_route=\/wp\/v2\/posts\/9674\/revisions\/9676"}],"wp:attachment":[{"href":"https:\/\/stansgar.katolsk.no\/index.php?rest_route=%2Fwp%2Fv2%2Fmedia&parent=9674"}],"wp:term":[{"taxonomy":"category","embeddable":true,"href":"https:\/\/stansgar.katolsk.no\/index.php?rest_route=%2Fwp%2Fv2%2Fcategories&post=9674"},{"taxonomy":"post_tag","embeddable":true,"href":"https:\/\/stansgar.katolsk.no\/index.php?rest_route=%2Fwp%2Fv2%2Ftags&post=9674"}],"curies":[{"name":"wp","href":"https:\/\/api.w.org\/{rel}","templated":true}]}}