{"id":9652,"date":"2021-11-14T10:01:45","date_gmt":"2021-11-14T09:01:45","guid":{"rendered":"https:\/\/stansgar.katolsk.no\/?p=9652"},"modified":"2021-11-12T13:36:00","modified_gmt":"2021-11-12T12:36:00","slug":"kunngjoringer-sondag-14-november-2021","status":"publish","type":"post","link":"https:\/\/stansgar.katolsk.no\/?p=9652","title":{"rendered":"KUNNGJ\u00d8RINGER S\u00d8NDAG 14. NOVEMBER 2021"},"content":{"rendered":"<p style=\"text-align: center;\"><strong>KUNNGJ\u00d8RINGER S\u00d8NDAG 14. NOVEMBER 2021<\/strong><\/p>\n<table width=\"624\">\n<tbody>\n<tr>\n<td width=\"79\">Tirsdag<\/td>\n<td width=\"79\">16.11.<\/td>\n<td colspan=\"3\" width=\"32\">kl.<\/p>\n<p>kl.<\/td>\n<td colspan=\"2\" width=\"53\">17.30<\/p>\n<p>18.00<\/td>\n<td width=\"382\">Vesper<\/p>\n<p>Messe &#8211; etterfulgt av sakramentstilbedelse<\/td>\n<\/tr>\n<tr>\n<td width=\"79\">Onsdag<\/td>\n<td width=\"79\">17.11.<\/td>\n<td colspan=\"3\" width=\"32\">kl.<\/td>\n<td colspan=\"2\" width=\"53\">18.00<\/td>\n<td width=\"382\">Messe &#8211; Den hellige Elisabeth av Ungarn<\/td>\n<\/tr>\n<tr>\n<td width=\"79\">Torsdag<\/td>\n<td width=\"79\">18.11.<\/td>\n<td colspan=\"3\" width=\"32\">&nbsp;<\/p>\n<p>kl.<\/p>\n<p>kl.<\/td>\n<td colspan=\"2\" width=\"53\">&nbsp;<\/p>\n<p>11.00<\/p>\n<p>18.00<\/td>\n<td width=\"382\">Vigselsfesten for Peters og Paulus&#8217; basilikaer<\/p>\n<p>Messe \u2013 etterfulgt av felles lunsj i Kiga.<\/p>\n<p>Messe<\/p>\n<p>&nbsp;<\/td>\n<\/tr>\n<tr>\n<td width=\"79\">Fredag<\/td>\n<td width=\"79\">19.11.<\/td>\n<td colspan=\"3\" width=\"32\">kl.<\/td>\n<td colspan=\"2\" width=\"53\">18.00<\/td>\n<td width=\"382\">Messe &#8211; Den hellige Agnes av Assisi<\/td>\n<\/tr>\n<tr>\n<td width=\"79\">L\u00f8rdag<\/td>\n<td width=\"79\">20.11.<\/td>\n<td colspan=\"3\" width=\"32\">kl.<\/p>\n<p>kl.<\/p>\n<p>kl.<\/p>\n<p>kl.<\/td>\n<td colspan=\"2\" width=\"53\">12.30<\/p>\n<p>13.00<\/p>\n<p>14.00<\/p>\n<p>18.00<\/td>\n<td width=\"382\">Rosenkransb\u00f8nn<\/p>\n<p>Messe<\/p>\n<p>Messe p\u00e5 spansk<\/p>\n<p>Messe p\u00e5 polsk<\/td>\n<\/tr>\n<tr>\n<td width=\"79\">S\u00f8ndag<\/td>\n<td colspan=\"7\" width=\"545\">21.11.&nbsp; KRISTI KONGEFEST<\/td>\n<\/tr>\n<tr>\n<td width=\"79\">&nbsp;<\/td>\n<td colspan=\"2\" width=\"79\">&nbsp;<\/td>\n<td width=\"31\">kl.<\/p>\n<p>kl.<\/p>\n<p>kl.<\/td>\n<td colspan=\"2\" width=\"51\">09.00<\/p>\n<p>11.00<\/p>\n<p>13.00<\/td>\n<td colspan=\"2\" width=\"384\">Messe p\u00e5 polsk<\/p>\n<p>H\u00f8ytidmesse<\/p>\n<p>Messe p\u00e5 vietnamesisk<\/td>\n<\/tr>\n<\/tbody>\n<\/table>\n<p>&nbsp;<\/p>\n<p><strong>Annet:<\/strong><\/p>\n<p><strong>Resultatet av menighetsr\u00e5dsvalget 2021<\/strong><\/p>\n<p>Kandidatene som ble valg til det nye menighetsr\u00e5det for 2021-2023 er:<\/p>\n<p>Ane Ugland Alb\u00e6k, Helen Maty, Jocelyn Augland, Kaja Kristine Gustavsen Tho, Lucyna Zawadzka, Lan Ngoc Nguyen, Sigrid Therese Kornbrekke, Victor Munoz, Wlodzimierz Dyzma og Xuat Minh Dang.<\/p>\n<p>Prestene og menigheten takker hjertelig kandidatene som stilte til valg ved menighetsr\u00e5dsvalget. Vi ber om velsignelse for dere, og vi \u00f8nsker at dere i enhet st\u00f8tter og bygger opp menigheten p\u00e5 forskjellige m\u00e5ter.<\/p>\n<p>Det nye menighetsr\u00e5det skal bli innstiftet s\u00f8ndag 05.12.2021 i h\u00f8ymessen kl. 11.00.<\/p>\n<p>Prestene og menigheten takker hjertelig dere som var med i valgkomiteen og opptellingskomiteen for den store oppgaven dere har gjort for menigheten.<\/p>\n<p><strong>Katekese fredag 19. november:<\/strong><\/p>\n<p>Fredag 19. november er det 1. Hellige Kommunionskatekese:<\/p>\n<p>\u2013 Kl. 18.00 \u2013 18.30: Katekesemesse for barn og foreldre<\/p>\n<p>\u2013 Kl. 18.30 \u2013 20.00: Katekese<\/p>\n<p style=\"text-align: center;\"><strong>Alle er hjertelig velkomne til kirkekaffe. \u00d8nsker dere en riktig god s\u00f8ndag!<\/strong><\/p>\n","protected":false},"excerpt":{"rendered":"<p>KUNNGJ\u00d8RINGER S\u00d8NDAG 14. NOVEMBER 2021 Tirsdag 16.11. kl. kl. 17.30 18.00 Vesper Messe &#8211; etterfulgt av sakramentstilbedelse Onsdag 17.11. kl. 18.00 Messe &#8211; Den hellige Elisabeth av Ungarn Torsdag 18.11. &nbsp; kl. kl. &nbsp; 11.00 18.00 Vigselsfesten for Peters og&#8230;<br \/><a class=\"read-more-button\" href=\"https:\/\/stansgar.katolsk.no\/?p=9652\">Read more<\/a><\/p>\n","protected":false},"author":1,"featured_media":0,"comment_status":"open","ping_status":"open","sticky":false,"template":"","format":"standard","meta":{"footnotes":""},"categories":[482],"tags":[],"class_list":["post-9652","post","type-post","status-publish","format-standard","hentry","category-kunngjoringer"],"_links":{"self":[{"href":"https:\/\/stansgar.katolsk.no\/index.php?rest_route=\/wp\/v2\/posts\/9652","targetHints":{"allow":["GET"]}}],"collection":[{"href":"https:\/\/stansgar.katolsk.no\/index.php?rest_route=\/wp\/v2\/posts"}],"about":[{"href":"https:\/\/stansgar.katolsk.no\/index.php?rest_route=\/wp\/v2\/types\/post"}],"author":[{"embeddable":true,"href":"https:\/\/stansgar.katolsk.no\/index.php?rest_route=\/wp\/v2\/users\/1"}],"replies":[{"embeddable":true,"href":"https:\/\/stansgar.katolsk.no\/index.php?rest_route=%2Fwp%2Fv2%2Fcomments&post=9652"}],"version-history":[{"count":1,"href":"https:\/\/stansgar.katolsk.no\/index.php?rest_route=\/wp\/v2\/posts\/9652\/revisions"}],"predecessor-version":[{"id":9653,"href":"https:\/\/stansgar.katolsk.no\/index.php?rest_route=\/wp\/v2\/posts\/9652\/revisions\/9653"}],"wp:attachment":[{"href":"https:\/\/stansgar.katolsk.no\/index.php?rest_route=%2Fwp%2Fv2%2Fmedia&parent=9652"}],"wp:term":[{"taxonomy":"category","embeddable":true,"href":"https:\/\/stansgar.katolsk.no\/index.php?rest_route=%2Fwp%2Fv2%2Fcategories&post=9652"},{"taxonomy":"post_tag","embeddable":true,"href":"https:\/\/stansgar.katolsk.no\/index.php?rest_route=%2Fwp%2Fv2%2Ftags&post=9652"}],"curies":[{"name":"wp","href":"https:\/\/api.w.org\/{rel}","templated":true}]}}