{"id":9615,"date":"2021-10-31T10:01:29","date_gmt":"2021-10-31T09:01:29","guid":{"rendered":"https:\/\/stansgar.katolsk.no\/?p=9615"},"modified":"2021-10-29T14:38:27","modified_gmt":"2021-10-29T12:38:27","slug":"kunngjoringer-sondag-31-oktober-2021","status":"publish","type":"post","link":"https:\/\/stansgar.katolsk.no\/?p=9615","title":{"rendered":"KUNNGJ\u00d8RINGER S\u00d8NDAG 31. OKTOBER 2021"},"content":{"rendered":"<p style=\"text-align: center;\"><strong>KUNNGJ\u00d8RINGER S\u00d8NDAG 31. OKTOBER 2021<\/strong><\/p>\n<table width=\"624\">\n<tbody>\n<tr>\n<td width=\"79\">Mandag<\/td>\n<td width=\"79\">01.11.<\/td>\n<td colspan=\"3\" width=\"31\">kl.<\/td>\n<td colspan=\"2\" width=\"53\">18.00<\/td>\n<td width=\"382\">H\u00f8ytid: ALLEHELGENSDAG<\/td>\n<\/tr>\n<tr>\n<td width=\"79\">Tirsdag<\/td>\n<td width=\"79\">02.11.<\/td>\n<td colspan=\"3\" width=\"31\">kl.<\/p>\n<p>kl.<\/p>\n<p>kl.<\/td>\n<td colspan=\"2\" width=\"53\">17.30<\/p>\n<p>18.00<\/p>\n<p>19.30<\/td>\n<td width=\"382\">Vesper<\/p>\n<p>Requiemmesse: ALLESJELERSDAG<\/p>\n<p>Messe p\u00e5 polsk<\/td>\n<\/tr>\n<tr>\n<td width=\"79\">Onsdag<\/td>\n<td width=\"79\">03.11.<\/td>\n<td colspan=\"3\" width=\"31\">kl.<\/td>\n<td colspan=\"2\" width=\"53\">18.00<\/td>\n<td width=\"382\">Messe &#8211; Den hellige Martin av Porres<\/td>\n<\/tr>\n<tr>\n<td width=\"79\">Torsdag<\/td>\n<td width=\"79\">04.11.<\/td>\n<td colspan=\"3\" width=\"31\">kl.<\/p>\n<p>&nbsp;<\/p>\n<p>&nbsp;<\/p>\n<p>kl.<\/td>\n<td colspan=\"2\" width=\"53\">11.00<\/p>\n<p>&nbsp;<\/p>\n<p>&nbsp;<\/p>\n<p>18.00<\/td>\n<td width=\"382\">Messe \u2013 etterfulgt av felles lunsj i Kiga.<\/p>\n<p>Etter messen er det stille tilbedelse fram til kl. 17.45.<\/p>\n<p>Vi ber spesielt for kall til ordenslivet og presteskapet.<\/p>\n<p>Messe<\/td>\n<\/tr>\n<tr>\n<td width=\"79\">Fredag<\/td>\n<td width=\"79\">05.11.<\/td>\n<td colspan=\"3\" width=\"31\">kl.<\/p>\n<p>kl.<\/td>\n<td colspan=\"2\" width=\"53\">17.00<\/p>\n<p>18.00<\/td>\n<td width=\"382\">Sakramentstilbedelse \u2013 Skriftem\u00e5l under tilbedelsen<\/p>\n<p>Messe<\/td>\n<\/tr>\n<tr>\n<td width=\"79\">L\u00f8rdag<\/td>\n<td width=\"79\">06.11.<\/td>\n<td colspan=\"3\" width=\"31\">kl.<\/p>\n<p>kl.<\/td>\n<td colspan=\"2\" width=\"53\">13.00<\/p>\n<p>18.00<\/td>\n<td width=\"382\">Katekesemesse<\/p>\n<p>Messe p\u00e5 polsk<\/td>\n<\/tr>\n<tr>\n<td width=\"79\">S\u00f8ndag<\/td>\n<td colspan=\"7\" width=\"545\">07.11.&nbsp; 32. S\u00d8NDAG I DET ALMINNELIGE KIRKE\u00c5R<\/td>\n<\/tr>\n<tr>\n<td width=\"79\">&nbsp;<\/p>\n<p>&nbsp;<\/p>\n<p>&nbsp;<\/p>\n<p>&nbsp;<\/p>\n<p>Stella Maris<\/p>\n<p>&nbsp;<\/td>\n<td colspan=\"2\" width=\"79\">&nbsp;<\/td>\n<td width=\"30\">kl.<\/p>\n<p>kl.<\/p>\n<p>kl.<\/p>\n<p>kl.<\/p>\n<p>&nbsp;<\/p>\n<p>kl.<\/td>\n<td colspan=\"2\" width=\"51\">09.00<\/p>\n<p>11.00<\/p>\n<p>13.00<\/p>\n<p>15.00<\/p>\n<p>&nbsp;<\/p>\n<p>17.00<\/td>\n<td colspan=\"2\" width=\"384\">Messe p\u00e5 polsk<\/p>\n<p>H\u00f8ytidmesse<\/p>\n<p>Messe p\u00e5 vietnamesisk<\/p>\n<p>Messe p\u00e5 kaldeisk<\/p>\n<p>&nbsp;<\/p>\n<p>Messe p\u00e5 norsk<\/td>\n<\/tr>\n<\/tbody>\n<\/table>\n<p>&nbsp;<\/p>\n<p><strong>Annet:<\/strong><\/p>\n<ul>\n<li>I requiemmessen ber vi for alle de avd\u00f8de, og s\u00e6rlig for menighetens avd\u00f8de det siste \u00e5ret.<br \/>\nI forb\u00f8nnsboken kan alle som vil skrive navnene p\u00e5 sine kj\u00e6re avd\u00f8de. Messen bes for dem ogs\u00e5.<\/li>\n<li>Etter gammel katolsk tradisjon oppfordres vi til \u00e5 bes\u00f8ke kirkeg\u00e5rden den f\u00f8rste uken<br \/>\ni november, og be for de avd\u00f8de der.<\/li>\n<\/ul>\n<p>&nbsp;<\/p>\n<p><strong>1) Juniorklubbkveld fredag 5. november<\/strong><\/p>\n<p>Det skal v\u00e6re treff i juniorklubben i menighetssalen fredag 05.11. kl. 18.30 \u2013 20.45.<\/p>\n<p>Vi skal lage julegaver og spise pizza. P\u00e5melding til Dung 41 84 42 23 innen torsdag 04.11.<\/p>\n<p><strong>2) Katekese l\u00f8rdag 6. november<\/strong><\/p>\n<p><strong>Kl. 10.00 &#8211; 13.45: Katekese for ungdommer p\u00e5 5., 7. og 9. trinn<\/strong><\/p>\n<ul>\n<li>13.00 \u2013 14.00: Katekesemesse for barn, ungdommer og foreldre<\/li>\n<\/ul>\n<p>&nbsp;<\/p>\n<p><strong>Kl. 13.00 &#8211; 17.00: Katekese for ungdommer p\u00e5 6. og 8. trinn <\/strong><\/p>\n<ul>\n<li>13.00 \u2013 14.00: Katekesemesse for barn, ungdommer og foreldre<\/li>\n<\/ul>\n<p>&nbsp;<\/p>\n<p>I lunsjen p\u00e5 formiddagen og ettermiddagen er det igjen felles lunsj med \u00abverdens beste katekesep\u00f8lser\u00bb og saft. Derfor trenger ikke barna \u00e5 ta med seg matpakke.<\/p>\n<p>Vi minner om smitteverntiltak. Dersom barn og ungdommer er syke eller har symptomer p\u00e5 forkj\u00f8lelse, kan de <u>ikke<\/u> komme til katekesen.<\/p>\n<p><strong>&nbsp;<\/strong><\/p>\n<p><strong>3) Siste frist for \u00e5 begynne forberedelse til 1. Hellige Kommunion er l\u00f8rdag 13.11.2021.<\/strong><\/p>\n<p>L\u00f8rdag 13. november er siste frist for barn \u00e5 begynne i katekesen for \u00e5 forberede seg til 1. Hellige Kommunion i juni 2022. Etter 13. november tar vi ikke imot nye barn i 1. Hellige Kommunionsklassene. Det betyr at de m\u00e5 vente til september 2022 for \u00e5 begynne i 1. Hellige Kommunionskatekesen.<\/p>\n<p><strong>4) Menighetsr\u00e5dsvalg <\/strong><\/p>\n<p>Vi fortsetter med stemmegivning og siste mulighet til \u00e5 avgi stemme ved menighetsr\u00e5dsvalg er neste l\u00f8rdag og s\u00f8ndag (6.11-7. 11).<\/p>\n<p><strong>5)<\/strong> Pga. menighetsr\u00e5dsvalg flyttes messe p\u00e5 <strong>Stella Maris<\/strong> i november til f\u00f8rste<br \/>\n<strong>s\u00f8ndag- 7. november.<\/strong> Det blir mulig \u00e5 avgi stemme f\u00f8r og etter messe.&nbsp;<\/p>\n<p><strong>6) <\/strong>Tirsdag 2. november kl. 19.00 er det bibelgruppe.<\/p>\n<p><strong>7) <\/strong>Torsdag 4. november til lunsj etter messe kl. 11.00 serveres det suppe, kake og varme drikker.<\/p>\n<p><strong>&nbsp;<\/strong><\/p>\n<p><strong>&nbsp;<\/strong><\/p>\n<p style=\"text-align: center;\"><strong>Alle er hjertelig velkomne til kirkekaffe. \u00d8nsker dere en riktig god s\u00f8ndag!<\/strong><\/p>\n<p>&nbsp;<\/p>\n","protected":false},"excerpt":{"rendered":"<p>KUNNGJ\u00d8RINGER S\u00d8NDAG 31. OKTOBER 2021 Mandag 01.11. kl. 18.00 H\u00f8ytid: ALLEHELGENSDAG Tirsdag 02.11. kl. kl. kl. 17.30 18.00 19.30 Vesper Requiemmesse: ALLESJELERSDAG Messe p\u00e5 polsk Onsdag 03.11. kl. 18.00 Messe &#8211; Den hellige Martin av Porres Torsdag 04.11. kl. &nbsp;&#8230;<br \/><a class=\"read-more-button\" href=\"https:\/\/stansgar.katolsk.no\/?p=9615\">Read more<\/a><\/p>\n","protected":false},"author":1,"featured_media":0,"comment_status":"open","ping_status":"open","sticky":false,"template":"","format":"standard","meta":{"footnotes":""},"categories":[482],"tags":[],"class_list":["post-9615","post","type-post","status-publish","format-standard","hentry","category-kunngjoringer"],"_links":{"self":[{"href":"https:\/\/stansgar.katolsk.no\/index.php?rest_route=\/wp\/v2\/posts\/9615","targetHints":{"allow":["GET"]}}],"collection":[{"href":"https:\/\/stansgar.katolsk.no\/index.php?rest_route=\/wp\/v2\/posts"}],"about":[{"href":"https:\/\/stansgar.katolsk.no\/index.php?rest_route=\/wp\/v2\/types\/post"}],"author":[{"embeddable":true,"href":"https:\/\/stansgar.katolsk.no\/index.php?rest_route=\/wp\/v2\/users\/1"}],"replies":[{"embeddable":true,"href":"https:\/\/stansgar.katolsk.no\/index.php?rest_route=%2Fwp%2Fv2%2Fcomments&post=9615"}],"version-history":[{"count":2,"href":"https:\/\/stansgar.katolsk.no\/index.php?rest_route=\/wp\/v2\/posts\/9615\/revisions"}],"predecessor-version":[{"id":9617,"href":"https:\/\/stansgar.katolsk.no\/index.php?rest_route=\/wp\/v2\/posts\/9615\/revisions\/9617"}],"wp:attachment":[{"href":"https:\/\/stansgar.katolsk.no\/index.php?rest_route=%2Fwp%2Fv2%2Fmedia&parent=9615"}],"wp:term":[{"taxonomy":"category","embeddable":true,"href":"https:\/\/stansgar.katolsk.no\/index.php?rest_route=%2Fwp%2Fv2%2Fcategories&post=9615"},{"taxonomy":"post_tag","embeddable":true,"href":"https:\/\/stansgar.katolsk.no\/index.php?rest_route=%2Fwp%2Fv2%2Ftags&post=9615"}],"curies":[{"name":"wp","href":"https:\/\/api.w.org\/{rel}","templated":true}]}}