{"id":9604,"date":"2021-10-29T09:52:25","date_gmt":"2021-10-29T07:52:25","guid":{"rendered":"https:\/\/stansgar.katolsk.no\/?p=9604"},"modified":"2021-10-29T09:52:25","modified_gmt":"2021-10-29T07:52:25","slug":"verdensungdomsdagen-i-lisboa-2023","status":"publish","type":"post","link":"https:\/\/stansgar.katolsk.no\/?p=9604","title":{"rendered":"Verdensungdomsdagen i Lisboa 2023"},"content":{"rendered":"<p>I 2023 skal verdens ungdom samles igjen til Verdensungdomsdagen i Lisboa. Pave Frans oppfordrer alle til \u00e5 starte denne pilegrimsreisen allerede n\u00e5 lokalt p\u00e5 Kristi Kongefesten.<\/p>\n<p>St. Franciskus Xaverius menighet i Arendal har takket ja til \u00e5 v\u00e6re vertsmenighet.<\/p>\n<p>NUK er takknemlig for denne gjestfriheten og inviterer alle ungdommer og unge voksne til WYD-helg i Arendal 19. \u2013 21. november. Temaet er \u00abDeling av troen v\u00e5r\u00bb. Det blir b\u00e5de \u00e5ndelige og praktiske aktiviteter i l\u00f8pet av helgen. Bli med \u00e5 feire at Kristus er v\u00e5r sanne konge sammen med andre NUK\u2019ere og la oss g\u00e5 sammen i b\u00f8nn med Paven.<\/p>\n<p>P\u00e5meldingsfrist for helgen er 5. november.<\/p>\n<p><img loading=\"lazy\" decoding=\"async\" class=\"wp-image-9605 size-full aligncenter\" src=\"https:\/\/stansgar.katolsk.no\/wp-content\/uploads\/2021\/10\/num-29.10.png\" alt=\"\" width=\"506\" height=\"715\" srcset=\"https:\/\/stansgar.katolsk.no\/wp-content\/uploads\/2021\/10\/num-29.10.png 506w, https:\/\/stansgar.katolsk.no\/wp-content\/uploads\/2021\/10\/num-29.10-212x300.png 212w\" sizes=\"auto, (max-width: 506px) 100vw, 506px\" \/><\/p>\n","protected":false},"excerpt":{"rendered":"<p>I 2023 skal verdens ungdom samles igjen til Verdensungdomsdagen i Lisboa. Pave Frans oppfordrer alle til \u00e5 starte denne pilegrimsreisen allerede n\u00e5 lokalt p\u00e5 Kristi Kongefesten. St. Franciskus Xaverius menighet i Arendal har takket ja til \u00e5 v\u00e6re vertsmenighet. NUK&#8230;<br \/><a class=\"read-more-button\" href=\"https:\/\/stansgar.katolsk.no\/?p=9604\">Read more<\/a><\/p>\n","protected":false},"author":1,"featured_media":0,"comment_status":"open","ping_status":"open","sticky":false,"template":"","format":"standard","meta":{"footnotes":""},"categories":[488,503],"tags":[],"class_list":["post-9604","post","type-post","status-publish","format-standard","hentry","category-bonn","category-nuk"],"_links":{"self":[{"href":"https:\/\/stansgar.katolsk.no\/index.php?rest_route=\/wp\/v2\/posts\/9604","targetHints":{"allow":["GET"]}}],"collection":[{"href":"https:\/\/stansgar.katolsk.no\/index.php?rest_route=\/wp\/v2\/posts"}],"about":[{"href":"https:\/\/stansgar.katolsk.no\/index.php?rest_route=\/wp\/v2\/types\/post"}],"author":[{"embeddable":true,"href":"https:\/\/stansgar.katolsk.no\/index.php?rest_route=\/wp\/v2\/users\/1"}],"replies":[{"embeddable":true,"href":"https:\/\/stansgar.katolsk.no\/index.php?rest_route=%2Fwp%2Fv2%2Fcomments&post=9604"}],"version-history":[{"count":1,"href":"https:\/\/stansgar.katolsk.no\/index.php?rest_route=\/wp\/v2\/posts\/9604\/revisions"}],"predecessor-version":[{"id":9606,"href":"https:\/\/stansgar.katolsk.no\/index.php?rest_route=\/wp\/v2\/posts\/9604\/revisions\/9606"}],"wp:attachment":[{"href":"https:\/\/stansgar.katolsk.no\/index.php?rest_route=%2Fwp%2Fv2%2Fmedia&parent=9604"}],"wp:term":[{"taxonomy":"category","embeddable":true,"href":"https:\/\/stansgar.katolsk.no\/index.php?rest_route=%2Fwp%2Fv2%2Fcategories&post=9604"},{"taxonomy":"post_tag","embeddable":true,"href":"https:\/\/stansgar.katolsk.no\/index.php?rest_route=%2Fwp%2Fv2%2Ftags&post=9604"}],"curies":[{"name":"wp","href":"https:\/\/api.w.org\/{rel}","templated":true}]}}