{"id":959,"date":"2013-01-12T19:38:00","date_gmt":"2013-01-12T18:38:00","guid":{"rendered":"http:\/\/stansgar.katolsk.no\/index.php\/2013\/01\/12\/vinterens-mter-i-menighetsrade\/"},"modified":"2018-10-12T09:12:59","modified_gmt":"2018-10-12T07:12:59","slug":"vinterens-mter-i-menighetsrade","status":"publish","type":"post","link":"https:\/\/stansgar.katolsk.no\/?p=959","title":{"rendered":"Vinterens m\u00f8ter i menighetsr\u00e5det"},"content":{"rendered":"<p><\/p>\n<div class=\"MsoNormal\" style=\"background-color: white; color: #222222; font-family: arial, sans-serif; font-size: 13px;\">\nMenighetsr\u00e5det m\u00f8tes f\u00f8lgende datoer i vinter:&nbsp;<\/div>\n<div class=\"MsoNormal\" style=\"background-color: white; color: #222222; font-family: arial, sans-serif; font-size: 13px;\">\n<\/div>\n<div class=\"MsoNormal\" style=\"background-color: white; color: #222222; font-family: arial, sans-serif; font-size: 13px;\">\nONSDAG 30. januar.<u><\/u><u><\/u><\/div>\n<div class=\"MsoNormal\" style=\"background-color: white; color: #222222; font-family: arial, sans-serif; font-size: 13px;\">\nTIRSDAG 19.februar.<u><\/u><u><\/u><\/div>\n<div class=\"MsoNormal\" style=\"background-color: white; color: #222222; font-family: arial, sans-serif; font-size: 13px;\">\nTIRSDAG 12.mars.<u><\/u><u><\/u><\/div>\n<div class=\"MsoNormal\" style=\"background-color: white; color: #222222; font-family: arial, sans-serif; font-size: 13px;\">\n<\/div>\n<div class=\"MsoNormal\" style=\"background-color: white;\">\nDersom man har saker menighetsr\u00e5det b\u00f8r ta opp, meldes disse minst en uke f\u00f8r m\u00f8tene, til leder Tore Heidenreich p\u00e5 the@aforsk.no<\/div>\n","protected":false},"excerpt":{"rendered":"<p>Menighetsr\u00e5det m\u00f8tes f\u00f8lgende datoer i vinter:&nbsp; ONSDAG 30. januar. TIRSDAG 19.februar. TIRSDAG 12.mars. Dersom man har saker menighetsr\u00e5det b\u00f8r ta opp, meldes disse minst en uke f\u00f8r m\u00f8tene, til leder Tore Heidenreich p\u00e5 the@aforsk.no<\/p>\n","protected":false},"author":3,"featured_media":0,"comment_status":"open","ping_status":"open","sticky":false,"template":"","format":"standard","meta":{"footnotes":""},"categories":[1],"tags":[24],"class_list":["post-959","post","type-post","status-publish","format-standard","hentry","category-ukategorisert","tag-menighetsrad"],"_links":{"self":[{"href":"https:\/\/stansgar.katolsk.no\/index.php?rest_route=\/wp\/v2\/posts\/959","targetHints":{"allow":["GET"]}}],"collection":[{"href":"https:\/\/stansgar.katolsk.no\/index.php?rest_route=\/wp\/v2\/posts"}],"about":[{"href":"https:\/\/stansgar.katolsk.no\/index.php?rest_route=\/wp\/v2\/types\/post"}],"author":[{"embeddable":true,"href":"https:\/\/stansgar.katolsk.no\/index.php?rest_route=\/wp\/v2\/users\/3"}],"replies":[{"embeddable":true,"href":"https:\/\/stansgar.katolsk.no\/index.php?rest_route=%2Fwp%2Fv2%2Fcomments&post=959"}],"version-history":[{"count":1,"href":"https:\/\/stansgar.katolsk.no\/index.php?rest_route=\/wp\/v2\/posts\/959\/revisions"}],"predecessor-version":[{"id":3045,"href":"https:\/\/stansgar.katolsk.no\/index.php?rest_route=\/wp\/v2\/posts\/959\/revisions\/3045"}],"wp:attachment":[{"href":"https:\/\/stansgar.katolsk.no\/index.php?rest_route=%2Fwp%2Fv2%2Fmedia&parent=959"}],"wp:term":[{"taxonomy":"category","embeddable":true,"href":"https:\/\/stansgar.katolsk.no\/index.php?rest_route=%2Fwp%2Fv2%2Fcategories&post=959"},{"taxonomy":"post_tag","embeddable":true,"href":"https:\/\/stansgar.katolsk.no\/index.php?rest_route=%2Fwp%2Fv2%2Ftags&post=959"}],"curies":[{"name":"wp","href":"https:\/\/api.w.org\/{rel}","templated":true}]}}