{"id":9577,"date":"2021-10-24T10:01:47","date_gmt":"2021-10-24T08:01:47","guid":{"rendered":"https:\/\/stansgar.katolsk.no\/?p=9577"},"modified":"2021-10-22T14:53:10","modified_gmt":"2021-10-22T12:53:10","slug":"kunngjoringer-sondag-24-oktober-2021","status":"publish","type":"post","link":"https:\/\/stansgar.katolsk.no\/?p=9577","title":{"rendered":"KUNNGJ\u00d8RINGER S\u00d8NDAG 24. OKTOBER 2021"},"content":{"rendered":"<p style=\"text-align: center;\"><strong>KUNNGJ\u00d8RINGER S\u00d8NDAG 24. OKTOBER 2021<\/strong><\/p>\n<table width=\"668\">\n<tbody>\n<tr style=\"height: 78px;\">\n<td style=\"height: 78px;\" width=\"123\">Tirsdag<\/td>\n<td style=\"height: 78px;\" colspan=\"2\" width=\"79\">26.10.<\/td>\n<td style=\"height: 78px;\" width=\"31\">kl.<\/p>\n<p>kl.<\/td>\n<td style=\"height: 78px;\" width=\"53\">17.30<\/p>\n<p>18.00<\/td>\n<td style=\"height: 78px;\" width=\"382\">Vesper<\/p>\n<p>Messe &#8211; etterfulgt av sakramentstilbedelse<\/td>\n<\/tr>\n<tr style=\"height: 39px;\">\n<td style=\"height: 39px;\" width=\"123\">Onsdag<\/td>\n<td style=\"height: 39px;\" colspan=\"2\" width=\"79\">27.10.<\/td>\n<td style=\"height: 39px;\" width=\"31\">kl.<\/td>\n<td style=\"height: 39px;\" width=\"53\">18.00<\/td>\n<td style=\"height: 39px;\" width=\"382\">Messe<\/td>\n<\/tr>\n<tr style=\"height: 117px;\">\n<td style=\"height: 117px;\" width=\"123\">Torsdag<\/td>\n<td style=\"height: 117px;\" colspan=\"2\" width=\"79\">28.10.<\/td>\n<td style=\"height: 117px;\" width=\"31\">&nbsp;<\/p>\n<p>kl.<\/p>\n<p>kl.<\/td>\n<td style=\"height: 117px;\" width=\"53\">&nbsp;<\/p>\n<p>11.00<\/p>\n<p>18.00<\/td>\n<td style=\"height: 117px;\" width=\"382\">Fest: De hellige apostler Simon og Judas<\/p>\n<p>Messe &#8211; etterfulgt av felles lunsj i Kiga<\/p>\n<p>Messe<\/td>\n<\/tr>\n<tr style=\"height: 39px;\">\n<td style=\"height: 39px;\" width=\"123\">Fredag<\/td>\n<td style=\"height: 39px;\" colspan=\"2\" width=\"79\">29.10.<\/td>\n<td style=\"height: 39px;\" width=\"31\">kl.<\/td>\n<td style=\"height: 39px;\" width=\"53\">18.00<\/td>\n<td style=\"height: 39px;\" width=\"382\">Messe<\/td>\n<\/tr>\n<tr style=\"height: 273px;\">\n<td style=\"height: 273px;\" width=\"123\">L\u00f8rdag<\/p>\n<p>&nbsp;<\/p>\n<p>&nbsp;<\/p>\n<p>&nbsp;<\/p>\n<p>Andre steder:<\/p>\n<p>&nbsp;<\/p>\n<p>&nbsp;<\/td>\n<td style=\"height: 273px;\" colspan=\"2\" width=\"79\">30.10.<\/td>\n<td style=\"height: 273px;\" width=\"31\">kl.<\/p>\n<p>kl.<\/p>\n<p>kl.<\/p>\n<p>&nbsp;<\/p>\n<p>kl.<\/p>\n<p>kl.<\/td>\n<td style=\"height: 273px;\" width=\"53\">12.30<\/p>\n<p>13.00<\/p>\n<p>18.00<\/p>\n<p>&nbsp;<\/p>\n<p>14.00<\/p>\n<p>17.00<\/td>\n<td style=\"height: 273px;\" width=\"382\">Rosenkransb\u00f8nn<\/p>\n<p>Messe<\/p>\n<p>Messe p\u00e5 polsk<\/p>\n<p>&nbsp;<\/p>\n<p>Messe p\u00e5 norsk &#8211; Lyngdal<\/p>\n<p>Messe p\u00e5 norsk- Flekkefjord<\/td>\n<\/tr>\n<tr style=\"height: 39px;\">\n<td style=\"height: 39px;\" colspan=\"6\" width=\"668\">S\u00f8ndag&nbsp;&nbsp;&nbsp;&nbsp;&nbsp;&nbsp;&nbsp; 31.10.&nbsp;&nbsp;&nbsp;&nbsp;&nbsp; 31. S\u00d8NDAG I DET ALMINNELIGE KIRKE\u00c5R<\/td>\n<\/tr>\n<tr style=\"height: 153.5px;\">\n<td style=\"height: 153.5px;\" colspan=\"2\" width=\"199\">&nbsp;<\/p>\n<p>&nbsp;<\/p>\n<p>&nbsp;<\/p>\n<p>&nbsp;<\/td>\n<td style=\"height: 153.5px;\" colspan=\"2\" width=\"33\">kl.<\/p>\n<p>kl.<\/p>\n<p>kl.<\/p>\n<p>kl.<\/td>\n<td style=\"height: 153.5px;\" width=\"53\">09.00<\/p>\n<p>10.30<\/p>\n<p>11.00<\/p>\n<p>13.00<\/td>\n<td style=\"height: 153.5px;\" width=\"382\">Messe p\u00e5 polsk<\/p>\n<p>Rosenkransb\u00f8nn p\u00e5 norsk<\/p>\n<p>Messe p\u00e5 norsk<\/p>\n<p>Messe p\u00e5 vietnamesisk<\/td>\n<\/tr>\n<\/tbody>\n<\/table>\n<p><strong>Annet:<\/strong><\/p>\n<ol>\n<li><strong>L\u00f8rdag 30. oktober og s\u00f8ndag 31. oktober<\/strong> kan alle v\u00e5re registrerte medlemmer over 16 \u00e5r stemme ved menighetsr\u00e5dsvalg. Det er mulig \u00e5 avgi stemme f\u00f8r og etter alle messer. Det gjelder ogs\u00e5 messer i Lyngdal og Flekkefjord.<\/li>\n<li>Torsdag 28. oktober kl. 18.45 er det troskurs.<\/li>\n<li>Alle som vil delta i felleslunsj p\u00e5 torsdag 28. oktober etter messe kl. 11.00 m\u00e5 ta meg seg niste. Det skal serveres kaffe\/te.<\/li>\n<li><strong>Caritaskveld onsdag 27.oktober<br \/>\n<\/strong>Vi starter n\u00e5 opp igjen med Caritaskvelder.<br \/>\nCaritaskveld er en uformell sammenkomst, hvor vi over en kopp kaffe og kake m\u00f8ter gamle og nye venner i menigheten. Caritaskvelder arrangeres fremover annenhver onsdag. F\u00f8rste gang f\u00f8rstkommende onsdag 27. oktober. Vi begynner etter kveldsmessen (ca. 18.45) og holder p\u00e5 til kl. 21. Av og til vil det v\u00e6re en kulturell overraskelse p\u00e5 programmet.<br \/>\nIngen p\u00e5melding, og ALLE er hjertelig velkommen. Se ytterligere informasjon p\u00e5 menighetens nettside og p\u00e5 oppslag i kirkens inngangsparti.<\/li>\n<li><strong>Caritas takker for bidrag <\/strong><\/li>\n<\/ol>\n<p>Caritas St. Ansgar takker alle for helhjertet oppslutning under markeringen av Caritas-s\u00f8ndagen 26. september. Det var flott endelig \u00e5 kunne feire sammen uten munnbind<br \/>\nog meteravstand. Vi takker alle som bidrog til en vellykket h\u00f8sttakkefest. Sammen klarte vi<br \/>\n&nbsp;\u00e5 samle inn over 22.000,- kroner til Caritas sitt n\u00f8dhjelpsarbeid. Tusen takk.<strong>&nbsp;<\/strong><\/p>\n<p>&nbsp;<\/p>\n<p style=\"text-align: center;\"><strong>Alle er hjertelig velkomne til kirkekaffe. <\/strong><\/p>\n<p style=\"text-align: center;\"><strong>\u00d8nsker dere en riktig god s\u00f8ndag!<\/strong><\/p>\n","protected":false},"excerpt":{"rendered":"<p>KUNNGJ\u00d8RINGER S\u00d8NDAG 24. OKTOBER 2021 Tirsdag 26.10. kl. kl. 17.30 18.00 Vesper Messe &#8211; etterfulgt av sakramentstilbedelse Onsdag 27.10. kl. 18.00 Messe Torsdag 28.10. &nbsp; kl. kl. &nbsp; 11.00 18.00 Fest: De hellige apostler Simon og Judas Messe &#8211; etterfulgt&#8230;<br \/><a class=\"read-more-button\" href=\"https:\/\/stansgar.katolsk.no\/?p=9577\">Read more<\/a><\/p>\n","protected":false},"author":1,"featured_media":0,"comment_status":"open","ping_status":"open","sticky":false,"template":"","format":"standard","meta":{"footnotes":""},"categories":[482],"tags":[],"class_list":["post-9577","post","type-post","status-publish","format-standard","hentry","category-kunngjoringer"],"_links":{"self":[{"href":"https:\/\/stansgar.katolsk.no\/index.php?rest_route=\/wp\/v2\/posts\/9577","targetHints":{"allow":["GET"]}}],"collection":[{"href":"https:\/\/stansgar.katolsk.no\/index.php?rest_route=\/wp\/v2\/posts"}],"about":[{"href":"https:\/\/stansgar.katolsk.no\/index.php?rest_route=\/wp\/v2\/types\/post"}],"author":[{"embeddable":true,"href":"https:\/\/stansgar.katolsk.no\/index.php?rest_route=\/wp\/v2\/users\/1"}],"replies":[{"embeddable":true,"href":"https:\/\/stansgar.katolsk.no\/index.php?rest_route=%2Fwp%2Fv2%2Fcomments&post=9577"}],"version-history":[{"count":1,"href":"https:\/\/stansgar.katolsk.no\/index.php?rest_route=\/wp\/v2\/posts\/9577\/revisions"}],"predecessor-version":[{"id":9578,"href":"https:\/\/stansgar.katolsk.no\/index.php?rest_route=\/wp\/v2\/posts\/9577\/revisions\/9578"}],"wp:attachment":[{"href":"https:\/\/stansgar.katolsk.no\/index.php?rest_route=%2Fwp%2Fv2%2Fmedia&parent=9577"}],"wp:term":[{"taxonomy":"category","embeddable":true,"href":"https:\/\/stansgar.katolsk.no\/index.php?rest_route=%2Fwp%2Fv2%2Fcategories&post=9577"},{"taxonomy":"post_tag","embeddable":true,"href":"https:\/\/stansgar.katolsk.no\/index.php?rest_route=%2Fwp%2Fv2%2Ftags&post=9577"}],"curies":[{"name":"wp","href":"https:\/\/api.w.org\/{rel}","templated":true}]}}