{"id":950,"date":"2013-01-30T10:28:00","date_gmt":"2013-01-30T09:28:00","guid":{"rendered":"http:\/\/stansgar.katolsk.no\/index.php\/2013\/01\/30\/kyndelsmesse\/"},"modified":"2018-10-12T09:12:59","modified_gmt":"2018-10-12T07:12:59","slug":"kyndelsmesse","status":"publish","type":"post","link":"https:\/\/stansgar.katolsk.no\/?p=950","title":{"rendered":"Kyndelsmesse"},"content":{"rendered":"<p><a href=\"http:\/\/4.bp.blogspot.com\/_DXLElHuxREk\/TUgGa-la6CI\/AAAAAAAADXQ\/uKgodfNIclc\/s1600\/Kyndelsmesse.jpg\"><img decoding=\"async\" alt=\"\" border=\"0\" id=\"BLOGGER_PHOTO_ID_5568707999789934626\" src=\"http:\/\/stansgar.katolsk.no\/wp-content\/uploads\/2013\/01\/Kyndelsmesse.jpg\" style=\"cursor: hand; display: block; height: 400px; margin: 0px auto 10px; text-align: center; width: 369px;\" \/><\/a><\/p>\n<div>\nL\u00f8rdag 2. februar er det Festen for Herrens fremstilling i tempelet, ogs\u00e5 kalt Maria Lysmesse eller Kyndelsmesse.<br \/>\nDet blir velsignelse av lys, prosesjon og messe kl 13<\/div>\n<p><\/p>\n<div>\n<\/div>\n<p><\/p>\n<div>\n<\/div>\n<p><\/p>\n<div>\n<\/div>\n<p><\/p>\n<div>\nLes mer om tradisjonene rundt denne dagen <a href=\"http:\/\/www.katolsk.no\/biografier\/historisk\/feb02\" target=\"_blank\">her<\/a><\/div>\n<p><\/p>\n<div>\n<\/div>\n<p><\/p>\n<div>\nDenne dagen feires ogs\u00e5 ordenslivet, bl.a. med <a href=\"http:\/\/www.katolsk.no\/nyheter\/2013\/01\/velkommen-til-feiring-av-ordenslivets-dag-2.-februar\" target=\"_blank\">festmesse i St.Olav domkirke<\/a>&nbsp;for de som m\u00e5tte befinne seg i Oslo. De av oss som ikke gj\u00f8r det, kan jo huske ordenene i v\u00e5re b\u00f8nner, og sammen med dem be om kall. <\/div>\n","protected":false},"excerpt":{"rendered":"<p>L\u00f8rdag 2. februar er det Festen for Herrens fremstilling i tempelet, ogs\u00e5 kalt Maria Lysmesse eller Kyndelsmesse. Det blir velsignelse av lys, prosesjon og messe kl 13 Les mer om tradisjonene rundt denne dagen her Denne dagen feires ogs\u00e5 ordenslivet,&#8230;<br \/><a class=\"read-more-button\" href=\"https:\/\/stansgar.katolsk.no\/?p=950\">Read more<\/a><\/p>\n","protected":false},"author":3,"featured_media":3033,"comment_status":"open","ping_status":"open","sticky":false,"template":"","format":"standard","meta":{"footnotes":""},"categories":[1],"tags":[38,39],"class_list":["post-950","post","type-post","status-publish","format-standard","has-post-thumbnail","hentry","category-ukategorisert","tag-herrens-fremstilling","tag-kyndelsmesse"],"_links":{"self":[{"href":"https:\/\/stansgar.katolsk.no\/index.php?rest_route=\/wp\/v2\/posts\/950","targetHints":{"allow":["GET"]}}],"collection":[{"href":"https:\/\/stansgar.katolsk.no\/index.php?rest_route=\/wp\/v2\/posts"}],"about":[{"href":"https:\/\/stansgar.katolsk.no\/index.php?rest_route=\/wp\/v2\/types\/post"}],"author":[{"embeddable":true,"href":"https:\/\/stansgar.katolsk.no\/index.php?rest_route=\/wp\/v2\/users\/3"}],"replies":[{"embeddable":true,"href":"https:\/\/stansgar.katolsk.no\/index.php?rest_route=%2Fwp%2Fv2%2Fcomments&post=950"}],"version-history":[{"count":1,"href":"https:\/\/stansgar.katolsk.no\/index.php?rest_route=\/wp\/v2\/posts\/950\/revisions"}],"predecessor-version":[{"id":3034,"href":"https:\/\/stansgar.katolsk.no\/index.php?rest_route=\/wp\/v2\/posts\/950\/revisions\/3034"}],"wp:featuredmedia":[{"embeddable":true,"href":"https:\/\/stansgar.katolsk.no\/index.php?rest_route=\/wp\/v2\/media\/3033"}],"wp:attachment":[{"href":"https:\/\/stansgar.katolsk.no\/index.php?rest_route=%2Fwp%2Fv2%2Fmedia&parent=950"}],"wp:term":[{"taxonomy":"category","embeddable":true,"href":"https:\/\/stansgar.katolsk.no\/index.php?rest_route=%2Fwp%2Fv2%2Fcategories&post=950"},{"taxonomy":"post_tag","embeddable":true,"href":"https:\/\/stansgar.katolsk.no\/index.php?rest_route=%2Fwp%2Fv2%2Ftags&post=950"}],"curies":[{"name":"wp","href":"https:\/\/api.w.org\/{rel}","templated":true}]}}