{"id":9471,"date":"2021-10-11T13:31:49","date_gmt":"2021-10-11T11:31:49","guid":{"rendered":"https:\/\/stansgar.katolsk.no\/?p=9471"},"modified":"2021-10-11T13:31:49","modified_gmt":"2021-10-11T11:31:49","slug":"r-i-p-anne-le-thi-bich-khe-mor-til-p-tien","status":"publish","type":"post","link":"https:\/\/stansgar.katolsk.no\/?p=9471","title":{"rendered":"R.I.P. Anne Le Thi Bich Khe- mor til P. Tien"},"content":{"rendered":"<p><img loading=\"lazy\" decoding=\"async\" class=\"wp-image-9474 aligncenter\" src=\"https:\/\/stansgar.katolsk.no\/wp-content\/uploads\/2021\/10\/pogrzeb.png\" alt=\"\" width=\"224\" height=\"120\" srcset=\"https:\/\/stansgar.katolsk.no\/wp-content\/uploads\/2021\/10\/pogrzeb.png 475w, https:\/\/stansgar.katolsk.no\/wp-content\/uploads\/2021\/10\/pogrzeb-300x162.png 300w, https:\/\/stansgar.katolsk.no\/wp-content\/uploads\/2021\/10\/pogrzeb-e1633951728334-150x79.png 150w\" sizes=\"auto, (max-width: 224px) 100vw, 224px\" \/><\/p>\n<p style=\"text-align: center;\"><em>\u00abJeg er Oppstandelsen og Livet. Den som tror p\u00e5 meg, skal leve, om han enn er d\u00f8d.<br \/>\n&nbsp;Og enhver som lever og tror p\u00e5 meg, skal aldri i evighet d\u00f8\u00bb (Joh 11,25)<\/em><\/p>\n<p>&nbsp;<\/p>\n<h5 style=\"text-align: center;\"><span style=\"color: #000000;\">Det er med stor sorg at vi fikk vite at<\/span><\/h5>\n<h4 style=\"text-align: center;\"><span style=\"color: #003366;\">Anne Le Thi Bich Khe<\/span><\/h4>\n<h5 style=\"text-align: center;\">&nbsp;&nbsp;&nbsp;&nbsp;&nbsp;&nbsp;&nbsp;&nbsp;&nbsp;&nbsp;&nbsp;&nbsp;&nbsp;&nbsp;&nbsp;&nbsp;&nbsp;&nbsp;&nbsp;&nbsp;&nbsp;&nbsp;&nbsp;&nbsp;&nbsp;&nbsp;&nbsp;&nbsp;&nbsp;&nbsp;&nbsp;&nbsp;&nbsp;&nbsp;&nbsp;&nbsp;&nbsp;&nbsp;&nbsp;&nbsp;&nbsp;&nbsp;&nbsp;&nbsp;&nbsp;&nbsp;&nbsp;&nbsp;&nbsp;&nbsp;&nbsp;&nbsp;&nbsp;&nbsp;&nbsp;&nbsp;&nbsp;&nbsp;&nbsp;&nbsp;&nbsp;&nbsp;&nbsp;&nbsp;&nbsp;&nbsp;&nbsp;&nbsp;&nbsp;&nbsp;&nbsp;&nbsp;&nbsp;&nbsp;&nbsp;&nbsp;&nbsp;&nbsp;&nbsp;&nbsp;&nbsp;&nbsp;&nbsp;&nbsp;&nbsp;&nbsp;&nbsp;&nbsp;&nbsp;&nbsp;&nbsp;&nbsp;&nbsp;&nbsp;&nbsp;&nbsp;&nbsp;&nbsp;&nbsp;&nbsp;&nbsp;&nbsp;&nbsp;&nbsp;&nbsp;&nbsp;&nbsp;&nbsp;&nbsp;&nbsp;&nbsp;&nbsp;&nbsp;&nbsp;&nbsp;&nbsp;&nbsp;&nbsp;&nbsp;&nbsp;&nbsp;&nbsp;&nbsp;&nbsp;&nbsp;&nbsp;&nbsp;&nbsp;&nbsp;&nbsp;&nbsp;&nbsp;&nbsp;&nbsp;&nbsp;&nbsp;&nbsp;<br \/>\n<span style=\"color: #000000;\">mor til P. Tien, gikk bort.<\/span><\/h5>\n<p style=\"text-align: center;\"><span style=\"color: #003366;\"><em>Requiescat<\/em><em>&nbsp;in&nbsp;<\/em><em>Pace<\/em><\/span><\/p>\n<p style=\"text-align: center;\">******************************************************<\/p>\n<p style=\"text-align: center;\">I disse vanskelige tider \u00f8nsket vi \u00e5 formidle v\u00e5re oppriktige kondolanser og dele sorg.<\/p>\n<p style=\"text-align: center;\">B\u00f8nner for den avd\u00f8de Anna i kirken St. Ansgar i Kristiansand:<\/p>\n<p>&nbsp;<\/p>\n<p style=\"text-align: center;\">Mandag (11.10.) &#8211; 18.00 Rosenkrans p\u00e5 Vietnamesisk<\/p>\n<p style=\"text-align: center;\">Tirsdag (12.10.) &#8211; 17.30 Rosenkrans p\u00e5 Vietnamesisk<\/p>\n<p style=\"text-align: center;\">Onsdag (13.10.) &#8211; 17.30 Rosenkrans p\u00e5 Vietnamesisk<\/p>\n<p style=\"text-align: center;\">&nbsp; &nbsp; &nbsp; &nbsp; &nbsp; &nbsp; &nbsp; &nbsp; &nbsp; &nbsp; &nbsp; &nbsp; &nbsp; &nbsp; &nbsp; &nbsp; &nbsp; &nbsp; &nbsp; &nbsp; &nbsp; &nbsp; &nbsp; &nbsp; &nbsp; &nbsp; &nbsp; &nbsp; &nbsp; 18.00 Begravelsesmesse (Requiemmesse) p\u00e5 norsk.<\/p>\n<p style=\"text-align: center;\">******************************************************<\/p>\n<p style=\"text-align: center;\"><img loading=\"lazy\" decoding=\"async\" class=\"size-full wp-image-9475 aligncenter\" src=\"https:\/\/stansgar.katolsk.no\/wp-content\/uploads\/2021\/10\/anna-khe.jpg\" alt=\"\" width=\"348\" height=\"514\" srcset=\"https:\/\/stansgar.katolsk.no\/wp-content\/uploads\/2021\/10\/anna-khe.jpg 348w, https:\/\/stansgar.katolsk.no\/wp-content\/uploads\/2021\/10\/anna-khe-203x300.jpg 203w\" sizes=\"auto, (max-width: 348px) 100vw, 348px\" \/><\/p>\n","protected":false},"excerpt":{"rendered":"<p>\u00abJeg er Oppstandelsen og Livet. Den som tror p\u00e5 meg, skal leve, om han enn er d\u00f8d. &nbsp;Og enhver som lever og tror p\u00e5 meg, skal aldri i evighet d\u00f8\u00bb (Joh 11,25) &nbsp; Det er med stor sorg at vi&#8230;<br \/><a class=\"read-more-button\" href=\"https:\/\/stansgar.katolsk.no\/?p=9471\">Read more<\/a><\/p>\n","protected":false},"author":5,"featured_media":9474,"comment_status":"open","ping_status":"open","sticky":false,"template":"","format":"standard","meta":{"footnotes":""},"categories":[482],"tags":[],"class_list":["post-9471","post","type-post","status-publish","format-standard","has-post-thumbnail","hentry","category-kunngjoringer"],"_links":{"self":[{"href":"https:\/\/stansgar.katolsk.no\/index.php?rest_route=\/wp\/v2\/posts\/9471","targetHints":{"allow":["GET"]}}],"collection":[{"href":"https:\/\/stansgar.katolsk.no\/index.php?rest_route=\/wp\/v2\/posts"}],"about":[{"href":"https:\/\/stansgar.katolsk.no\/index.php?rest_route=\/wp\/v2\/types\/post"}],"author":[{"embeddable":true,"href":"https:\/\/stansgar.katolsk.no\/index.php?rest_route=\/wp\/v2\/users\/5"}],"replies":[{"embeddable":true,"href":"https:\/\/stansgar.katolsk.no\/index.php?rest_route=%2Fwp%2Fv2%2Fcomments&post=9471"}],"version-history":[{"count":5,"href":"https:\/\/stansgar.katolsk.no\/index.php?rest_route=\/wp\/v2\/posts\/9471\/revisions"}],"predecessor-version":[{"id":9479,"href":"https:\/\/stansgar.katolsk.no\/index.php?rest_route=\/wp\/v2\/posts\/9471\/revisions\/9479"}],"wp:featuredmedia":[{"embeddable":true,"href":"https:\/\/stansgar.katolsk.no\/index.php?rest_route=\/wp\/v2\/media\/9474"}],"wp:attachment":[{"href":"https:\/\/stansgar.katolsk.no\/index.php?rest_route=%2Fwp%2Fv2%2Fmedia&parent=9471"}],"wp:term":[{"taxonomy":"category","embeddable":true,"href":"https:\/\/stansgar.katolsk.no\/index.php?rest_route=%2Fwp%2Fv2%2Fcategories&post=9471"},{"taxonomy":"post_tag","embeddable":true,"href":"https:\/\/stansgar.katolsk.no\/index.php?rest_route=%2Fwp%2Fv2%2Ftags&post=9471"}],"curies":[{"name":"wp","href":"https:\/\/api.w.org\/{rel}","templated":true}]}}