{"id":9420,"date":"2021-09-26T10:01:54","date_gmt":"2021-09-26T08:01:54","guid":{"rendered":"https:\/\/stansgar.katolsk.no\/?p=9420"},"modified":"2021-09-24T12:32:18","modified_gmt":"2021-09-24T10:32:18","slug":"kunngjoringer-sondag-26-september-2021","status":"publish","type":"post","link":"https:\/\/stansgar.katolsk.no\/?p=9420","title":{"rendered":"KUNNGJ\u00d8RINGER S\u00d8NDAG 26. SEPTEMBER 2021"},"content":{"rendered":"<p style=\"text-align: center;\">KUNNGJ\u00d8RINGER S\u00d8NDAG 26. SEPTEMBER 2021<\/p>\n<table width=\"624\">\n<tbody>\n<tr>\n<td width=\"79\">Tirsdag<\/td>\n<td colspan=\"2\" width=\"79\">28.09.<\/td>\n<td width=\"31\">kl.<\/p>\n<p>kl.<\/td>\n<td width=\"53\">17.30<\/p>\n<p>18.00<\/td>\n<td width=\"382\">Vesper<\/p>\n<p>Messe &#8211; etterfulgt av sakramentstilbedelse<\/td>\n<\/tr>\n<tr>\n<td width=\"79\">Onsdag<\/td>\n<td colspan=\"2\" width=\"79\">29.09.<\/td>\n<td width=\"31\">kl.<\/td>\n<td width=\"53\">18.00<\/td>\n<td width=\"382\">Messe \u2013 Fest: De hellige erkeengler Mikael, Gabriel og Rafael<\/td>\n<\/tr>\n<tr>\n<td width=\"79\">Torsdag<\/td>\n<td colspan=\"2\" width=\"79\">30.09.<\/td>\n<td width=\"31\">kl.<\/p>\n<p>kl.<\/td>\n<td width=\"53\">17.30<\/p>\n<p>18.00<\/td>\n<td width=\"382\">Rosenkransb\u00f8nn p\u00e5 norsk<\/p>\n<p>Messe &#8211; Den hellige Hieronymus<\/td>\n<\/tr>\n<tr>\n<td width=\"79\">Fredag<\/td>\n<td colspan=\"2\" width=\"79\">1.10.<\/td>\n<td width=\"31\">kl.<\/td>\n<td width=\"53\">18.00<\/td>\n<td width=\"382\">Messe \u2013 Fest: Den hellige Terese av Jesusbarnet<\/td>\n<\/tr>\n<tr>\n<td width=\"79\">L\u00f8rdag<\/td>\n<td colspan=\"2\" width=\"79\">2.10.<\/td>\n<td width=\"31\">kl.<\/p>\n<p>kl.<\/p>\n<p>kl.<\/td>\n<td width=\"53\">10.15<\/p>\n<p>13.00<\/p>\n<p>18.00<\/td>\n<td width=\"382\">Katekesemesse<\/p>\n<p>Katekesemesse<\/p>\n<p>Messe p\u00e5 polsk<\/td>\n<\/tr>\n<tr>\n<td colspan=\"6\" width=\"624\">S\u00f8ndag&nbsp;&nbsp;&nbsp;&nbsp;&nbsp;&nbsp;&nbsp; 3.10.&nbsp;&nbsp;&nbsp;&nbsp;&nbsp;&nbsp;&nbsp; 27. S\u00d8NDAG I DET ALMINNELIGE KIRKE\u00c5R<\/td>\n<\/tr>\n<tr>\n<td colspan=\"2\" width=\"155\">&nbsp;<\/p>\n<p>&nbsp;<\/p>\n<p>&nbsp;<\/p>\n<p>&nbsp;<\/p>\n<p>&nbsp;<\/td>\n<td colspan=\"2\" width=\"33\">kl.<\/p>\n<p>kl.<\/p>\n<p>kl.<\/p>\n<p>kl.<\/p>\n<p>kl.<\/p>\n<p>kl.<\/p>\n<p>kl.<\/td>\n<td width=\"53\">08.30<\/p>\n<p>09.00<\/p>\n<p>10.30<\/p>\n<p>11.00<\/p>\n<p>12.30<\/p>\n<p>13.00<\/p>\n<p>15.00<\/td>\n<td width=\"382\">Rosenkransb\u00f8nn p\u00e5 polsk<\/p>\n<p>Messe p\u00e5 polsk<\/p>\n<p>Rosenkransb\u00f8nn p\u00e5 norsk<\/p>\n<p>Messe p\u00e5 norsk (ogs\u00e5 direktesendt)&nbsp;<\/p>\n<p>Rosenkransb\u00f8nn p\u00e5 vietnamesisk<\/p>\n<p>Messe p\u00e5 vietnamesisk<\/p>\n<p>Messe p\u00e5 kaldeisk<\/td>\n<\/tr>\n<\/tbody>\n<\/table>\n<p><strong>&nbsp;<\/strong><\/p>\n<p><strong>Annet:<\/strong><\/p>\n<p><strong>1) <\/strong>I dag feires Caritas-s\u00f8ndag i alle katolske menigheter i Norge. Kollekt og andre innsamlede midler g\u00e5r til Caritas\u2019 arbeid.<\/p>\n<p><strong>&nbsp;<\/strong><\/p>\n<p><strong>2) Katekese l\u00f8rdag 2. oktober:<\/strong><\/p>\n<p><strong>&nbsp;<\/strong><\/p>\n<p><strong>Kl. 10.00 &#8211; 13.45: Katekese for ungdommer p\u00e5 5., 7. og 9. trinn<\/strong><\/p>\n<ul>\n<li>10.00 \u2013 11.00: Katekesemesse for barn, ungdommer og foreldre<\/li>\n<\/ul>\n<p>&nbsp;<\/p>\n<p><strong>Kl. 13.00 &#8211; 17.00: Katekese for ungdommer p\u00e5 6. og 8. trinn <\/strong><\/p>\n<ul>\n<li>13.00 \u2013 14.00: Katekesemesse for barn, ungdommer og foreldre<\/li>\n<\/ul>\n<p>&nbsp;<\/p>\n<p>Vi minner om smitteverntiltak. Dersom barn og ungdommer er syke eller har symptomer p\u00e5 forkj\u00f8lelse, kan de <u>ikke<\/u> komme til katekesen.<\/p>\n<p>&nbsp;<\/p>\n<p><strong>2) Oppstart av konfirmasjonskurs for f\u00f8rste\u00e5rskonfirmanter<br \/>\n<\/strong>Vi inviterer ungdommer som \u00f8nsker \u00e5 f\u00e5 konfirmasjonens sakrament i 2023 til et konfirmasjonskurs som startet 18. september. Konfirmasjonskurset varer i to \u00e5r. Ungdommer som g\u00e5r<br \/>\ni 9. og 10. trinn p\u00e5 grunnskolen m\u00e5 ogs\u00e5 begynne p\u00e5 konfirmasjonskurs for f\u00f8rste\u00e5rskonfirmanter.<\/p>\n<p>Siste frist for \u00e5 begynne p\u00e5 dette konfirmasjonskurset er l\u00f8rdag 2. oktober. Etter 2. oktober tar vi ikke imot nye konfirmantkandidater. Det betyr at de m\u00e5 vente til september 2022 for<br \/>\n\u00e5 begynne p\u00e5 konfirmasjonskurset for f\u00f8rste\u00e5rskonfirmanter.<\/p>\n<p><strong>&nbsp;<\/strong><\/p>\n<p><strong>3) Ministrantlag:<\/strong><\/p>\n<p>Menigheten \u00f8nsker at alle ungdommer og barn som allerede har mottatt den 1. Hellige Kommunion tjener Gud ved \u00e5 ministrere i messer, spesielt s\u00f8ndagsmesse og h\u00f8ymesser.<\/p>\n<p>Vi inviterer alle ministranter, ungdommer og barn som \u00f8nsker \u00e5 ministrere til \u00e5 komme til et m\u00f8te &nbsp;i Kiga onsdag 29. september kl. 19.00. P. Dawid er kontaktperson for ministrantene.<\/p>\n<p>&nbsp;<\/p>\n<p><strong>4) Juniorklubbtreff i Aquarama fredag 1. oktober kl. 17.30<\/strong><\/p>\n<p>Juniorklubben inviterer barn fra 3. til 7. trinn til Aquarama fredag 1. oktober kl. 17.30 \u2013 21.10.<br \/>\nVi m\u00f8tes foran kafeen i Aquarama for registrering kl. 17.30. Det blir servert mat.<br \/>\nSiste p\u00e5melding er <strong>onsdag 29.09 <\/strong>til Dung Phan p\u00e5 418 44&nbsp;223. Se eget oppslag p\u00e5 menighetens nettside, facebook og i gangen utenfor kirken.<\/p>\n<p>&nbsp;<\/p>\n<p><strong>5) Rosenkransm\u00e5neden oktober 2021<\/strong><\/p>\n<p>Da Den Salige Jomfru Maria viste seg i Lourdes og i Fatima, anbefalte hun oss \u00e5 be rosenkransen. Den hjelper oss til \u00e5 kontemplere og \u00e5 utdype Kristi mysterier og Jomfru Marias rolle i Kristi mysterier og i Kirken.<\/p>\n<p><strong>Rosenkransandakter p\u00e5 forskjellige spr\u00e5k p\u00e5 ukedager i St. Ansgar kirke:<\/strong><\/p>\n<p>Onsdager:<\/p>\n<p>&#8211;&nbsp; kl. 17.30: Rosenkransb\u00f8nn p\u00e5 vietnamesisk<\/p>\n<p>&nbsp;&#8211;&nbsp; kl. 19.00: Rosenkransb\u00f8nn p\u00e5 engelsk<\/p>\n<p>Torsdager:<\/p>\n<p>&#8211;&nbsp; kl. 17.30: Rosenkransb\u00f8nn p\u00e5 tamilsk<\/p>\n<p>&#8211;&nbsp; kl. 19.00: Rosenkransb\u00f8nn p\u00e5 spansk<\/p>\n<p>Fredager:<\/p>\n<p>&#8211;&nbsp; kl. 17.30: Rosenkransb\u00f8nn p\u00e5 norsk<\/p>\n<p>L\u00f8rdager:<\/p>\n<p>&#8211;&nbsp; kl. 12.30: Rosenkransb\u00f8nn p\u00e5 norsk. Etterfulgt av messe p\u00e5 norsk.<\/p>\n<p>&#8211;&nbsp; kl. 18.00: Messe p\u00e5 polsk. Etterfulgt av rosenkransandakt p\u00e5 polsk.<\/p>\n<p>S\u00f8ndager:<\/p>\n<p>&#8211;&nbsp; kl. 08.30: Rosenkransb\u00f8nn p\u00e5 polsk. Etterfulgt av messe p\u00e5 polsk.<\/p>\n<p>&#8211; &nbsp;kl. 10.30: Rosenkransb\u00f8nn p\u00e5 norsk. Etterfulgt av h\u00f8ymesse p\u00e5 norsk.<\/p>\n<p>&#8211;&nbsp; kl. 12.30: Rosenkransb\u00f8nn p\u00e5 vietnamesisk. Etterfulgt av messe p\u00e5 vietnamesisk.<\/p>\n<p><strong>&nbsp;<\/strong><\/p>\n<p><strong>Rosenkransb\u00f8nn med statue av Jomfru Maria av Fatima som bes\u00f8ker familier<\/strong><\/p>\n<p>&nbsp;<\/p>\n<p>\u201c<em>Fra den stund av tok disippelen Jomfru Maria til seg<\/em>\u201d (Joh 19,27). Alle familier som \u00f8nsker \u00e5 f\u00e5 bes\u00f8k hjemme av statuen av Jomfru Maria av Fatima i oktober, kan reservere dag<br \/>\ni kalenderen p\u00e5 menighetens nettside: <a href=\"https:\/\/stansgar.katolsk.no\/\">https:\/\/stansgar.katolsk.no\/<\/a><\/p>\n<p>Rosenkransandakten begynner kl. 19.00 hver dag. Og hvis familiene vil, kan rosenkransb\u00f8nnen sendes direkte p\u00e5 menighetens Facebook-side.<\/p>\n<p>Familiene kan ha rosenkransb\u00f8nn p\u00e5 morsm\u00e5let.<\/p>\n<p>Statuen av Jomfru Maria av Fatima skal v\u00e6re i familien frem til neste dag.<br \/>\nDa kj\u00f8rer familien statuen til neste hjem f\u00f8r kl. 19.00.<\/p>\n<p><strong>6)<\/strong> Torsdag 30. september kl. 18.45 er det troskurs.<\/p>\n<p>&nbsp;<\/p>\n<p style=\"text-align: center;\"><strong>\u00d8nsker dere en riktig god s\u00f8ndag! <\/strong><\/p>\n<p>&nbsp;<\/p>\n","protected":false},"excerpt":{"rendered":"<p>KUNNGJ\u00d8RINGER S\u00d8NDAG 26. SEPTEMBER 2021 Tirsdag 28.09. kl. kl. 17.30 18.00 Vesper Messe &#8211; etterfulgt av sakramentstilbedelse Onsdag 29.09. kl. 18.00 Messe \u2013 Fest: De hellige erkeengler Mikael, Gabriel og Rafael Torsdag 30.09. kl. kl. 17.30 18.00 Rosenkransb\u00f8nn p\u00e5 norsk&#8230;<br \/><a class=\"read-more-button\" href=\"https:\/\/stansgar.katolsk.no\/?p=9420\">Read more<\/a><\/p>\n","protected":false},"author":1,"featured_media":0,"comment_status":"open","ping_status":"open","sticky":false,"template":"","format":"standard","meta":{"footnotes":""},"categories":[482],"tags":[],"class_list":["post-9420","post","type-post","status-publish","format-standard","hentry","category-kunngjoringer"],"_links":{"self":[{"href":"https:\/\/stansgar.katolsk.no\/index.php?rest_route=\/wp\/v2\/posts\/9420","targetHints":{"allow":["GET"]}}],"collection":[{"href":"https:\/\/stansgar.katolsk.no\/index.php?rest_route=\/wp\/v2\/posts"}],"about":[{"href":"https:\/\/stansgar.katolsk.no\/index.php?rest_route=\/wp\/v2\/types\/post"}],"author":[{"embeddable":true,"href":"https:\/\/stansgar.katolsk.no\/index.php?rest_route=\/wp\/v2\/users\/1"}],"replies":[{"embeddable":true,"href":"https:\/\/stansgar.katolsk.no\/index.php?rest_route=%2Fwp%2Fv2%2Fcomments&post=9420"}],"version-history":[{"count":3,"href":"https:\/\/stansgar.katolsk.no\/index.php?rest_route=\/wp\/v2\/posts\/9420\/revisions"}],"predecessor-version":[{"id":9423,"href":"https:\/\/stansgar.katolsk.no\/index.php?rest_route=\/wp\/v2\/posts\/9420\/revisions\/9423"}],"wp:attachment":[{"href":"https:\/\/stansgar.katolsk.no\/index.php?rest_route=%2Fwp%2Fv2%2Fmedia&parent=9420"}],"wp:term":[{"taxonomy":"category","embeddable":true,"href":"https:\/\/stansgar.katolsk.no\/index.php?rest_route=%2Fwp%2Fv2%2Fcategories&post=9420"},{"taxonomy":"post_tag","embeddable":true,"href":"https:\/\/stansgar.katolsk.no\/index.php?rest_route=%2Fwp%2Fv2%2Ftags&post=9420"}],"curies":[{"name":"wp","href":"https:\/\/api.w.org\/{rel}","templated":true}]}}