{"id":9378,"date":"2021-09-19T10:01:58","date_gmt":"2021-09-19T08:01:58","guid":{"rendered":"https:\/\/stansgar.katolsk.no\/?p=9378"},"modified":"2021-09-17T14:50:20","modified_gmt":"2021-09-17T12:50:20","slug":"kunngjoringer-sondag-19-september-2021","status":"publish","type":"post","link":"https:\/\/stansgar.katolsk.no\/?p=9378","title":{"rendered":"KUNNGJ\u00d8RINGER S\u00d8NDAG 19. SEPTEMBER 2021"},"content":{"rendered":"<p style=\"text-align: center;\"><strong>&nbsp;KUNNGJ\u00d8RINGER S\u00d8NDAG 19. SEPTEMBER 2021<\/strong><\/p>\n<table width=\"624\">\n<tbody>\n<tr>\n<td width=\"79\">Tirsdag<\/td>\n<td colspan=\"2\" width=\"79\">21.09.<\/td>\n<td width=\"31\">&nbsp;<\/p>\n<p>kl.<\/p>\n<p>kl.<\/td>\n<td width=\"53\">&nbsp;<\/p>\n<p>17.30<\/p>\n<p>18.00<\/td>\n<td width=\"382\">Fest: Evangelisten Matteus<\/p>\n<p>Vesper<\/p>\n<p>Messe &#8211; etterfulgt av sakramentstilbedelse<\/td>\n<\/tr>\n<tr>\n<td width=\"79\">Onsdag<\/td>\n<td colspan=\"2\" width=\"79\">22.09.<\/td>\n<td width=\"31\">kl.<\/td>\n<td width=\"53\">18.00<\/td>\n<td width=\"382\">&nbsp;<\/td>\n<\/tr>\n<tr>\n<td width=\"79\">Torsdag<\/td>\n<td colspan=\"2\" width=\"79\">23.09.<\/td>\n<td width=\"31\">kl.<\/td>\n<td width=\"53\">18.00<\/td>\n<td width=\"382\">Messe &#8211; Den hellige Pius av Pietrelcina<\/td>\n<\/tr>\n<tr>\n<td width=\"79\">Fredag<\/td>\n<td colspan=\"2\" width=\"79\">24.09.<\/td>\n<td width=\"31\">kl.<\/td>\n<td width=\"53\">18.00<\/td>\n<td width=\"382\">Messe<\/td>\n<\/tr>\n<tr>\n<td width=\"79\">L\u00f8rdag<\/td>\n<td colspan=\"2\" width=\"79\">25.09.<\/td>\n<td width=\"31\">kl.<\/p>\n<p>kl.<\/p>\n<p>kl.<\/p>\n<p>kl.<\/td>\n<td width=\"53\">12.30<\/p>\n<p>13.00<\/p>\n<p>14.00<\/p>\n<p>18.00<\/td>\n<td width=\"382\">Rosenkransb\u00f8nn<\/p>\n<p>Messe<\/p>\n<p>Messe p\u00e5 tagalog<\/p>\n<p>Messe p\u00e5 polsk<\/td>\n<\/tr>\n<tr>\n<td colspan=\"6\" width=\"624\">S\u00f8ndag&nbsp;&nbsp;&nbsp;&nbsp;&nbsp;&nbsp;&nbsp; 26.09.&nbsp;&nbsp;&nbsp;&nbsp;&nbsp; 26. S\u00d8NDAG I DET ALMINNELIGE KIRKE\u00c5R<\/td>\n<\/tr>\n<tr>\n<td colspan=\"2\" width=\"155\">&nbsp;<\/p>\n<p>&nbsp;<\/p>\n<p>&nbsp;<\/td>\n<td colspan=\"2\" width=\"33\">kl.<\/p>\n<p>kl.<\/p>\n<p>kl.<\/td>\n<td width=\"53\">09.00<\/p>\n<p>11.00<\/p>\n<p>13.00<\/td>\n<td width=\"382\">Messe p\u00e5 polsk<\/p>\n<p>Messe p\u00e5 norsk (ogs\u00e5 direktesendt)&nbsp;<\/p>\n<p>Messe p\u00e5 vietnamesisk<\/td>\n<\/tr>\n<\/tbody>\n<\/table>\n<p><strong>Annet:<\/strong><\/p>\n<p><strong>1) Siste frist for \u00e5 begynne forberedelse til 1. Hellige Kommunion er l\u00f8rdag 13. november 2021.<\/strong><\/p>\n<p>L\u00f8rdag 13. november er siste frist for barn \u00e5 begynne i katekesen for \u00e5 forberede seg til 1. Hellige Kommunion i juni 2022. Etter 13. november tar vi ikke imot nye barn i 1. Hellige Kommunionsklassene. Det betyr at de m\u00e5 vente til september 2022 for \u00e5 begynne i 1. Hellige Kommunionskatekesen.<\/p>\n<p><strong>&nbsp;<\/strong><\/p>\n<p><strong>2) Caritass\u00f8ndag og H\u00f8sttakkefest<\/strong><\/p>\n<p>S\u00f8ndag 26. september er Caritas-s\u00f8ndagen.<\/p>\n<p>I \u00e5r har Caritas internasjonalt fokus p\u00e5 bekjempelse av sult, men \u00f8nsker ogs\u00e5 \u00e5 formidle et budskap om h\u00e5p og at det er mulig \u00e5 bekjempe sult, til tross for tilbakestegene vi har sett under pandemien.<\/p>\n<p>Over hele landet markerer lokale Caritasgrupper denne dagen ved \u00e5 feire h\u00f8sttakkefest, b\u00e5de for \u00e5 uttrykke takknemlighet for maten vi f\u00e5r hver dag, men ogs\u00e5 for \u00e5 vise solidaritet med br\u00f8dre og s\u00f8stre over hele verden som ikke er like priviligerte.<\/p>\n<p>Her i St. Ansgar inviterer Caritas alle som feirer messe i kirken s\u00f8ndag 26.9 til en liten h\u00f8sttakkefest i bakg\u00e5rden etter dagens messer (kl 9, 11 og 13.) Det blir anledning \u00e5 kj\u00f8pe og nyte varm suppe med mere, samt f\u00e5 informasjon om Caritas. Det vil ogs\u00e5 bli anledning \u00e5 melde seg som giver til Caritas internasjonale hjelpearbeid samt melde seg som frivillig til \u00e5 bidra<br \/>\ni Caritas lokale aktiviteter.<\/p>\n<p>P\u00e5 grunn av Covidrestriksjoner er arrangementet 26.9 forbeholdt troende som er registrert som deltakere i dagens messer<\/p>\n<p><strong>&nbsp;<\/strong><\/p>\n<p><strong>3) Ministrantlag:<\/strong><\/p>\n<p>Menigheten \u00f8nsker at alle ungdommer og barn som allerede har mottatt den 1. Hellige Kommunion tjener Gud ved \u00e5 ministrere i messer, spesielt s\u00f8ndagsmesse og h\u00f8ymesser.<\/p>\n<p>Vi inviterer alle ministranter, ungdommer og barn som \u00f8nsker \u00e5 ministrere til \u00e5 komme til et m\u00f8te i Kiga onsdag 29. september kl. 19.00. P. Dawid er kontaktperson for ministrantene.<\/p>\n<p>&nbsp;<\/p>\n<p><strong>4) Menighetsr\u00e5dvalg 2021<\/strong><\/p>\n<p>Valgkomiteen er i gang og har hatt sitt f\u00f8rste m\u00f8te. I komiteen sitter Marit Bruce, Elzbieta Klamrowska og Doan Anh Tuan, og leder for komiteen er Marit Bruce. Valgkomiteen kontakter foresl\u00e5tte kandidater fortl\u00f8pende.<\/p>\n<p>&nbsp;<\/p>\n","protected":false},"excerpt":{"rendered":"<p>&nbsp;KUNNGJ\u00d8RINGER S\u00d8NDAG 19. SEPTEMBER 2021 Tirsdag 21.09. &nbsp; kl. kl. &nbsp; 17.30 18.00 Fest: Evangelisten Matteus Vesper Messe &#8211; etterfulgt av sakramentstilbedelse Onsdag 22.09. kl. 18.00 &nbsp; Torsdag 23.09. kl. 18.00 Messe &#8211; Den hellige Pius av Pietrelcina Fredag 24.09&#8230;.<br \/><a class=\"read-more-button\" href=\"https:\/\/stansgar.katolsk.no\/?p=9378\">Read more<\/a><\/p>\n","protected":false},"author":1,"featured_media":0,"comment_status":"open","ping_status":"open","sticky":false,"template":"","format":"standard","meta":{"footnotes":""},"categories":[482],"tags":[],"class_list":["post-9378","post","type-post","status-publish","format-standard","hentry","category-kunngjoringer"],"_links":{"self":[{"href":"https:\/\/stansgar.katolsk.no\/index.php?rest_route=\/wp\/v2\/posts\/9378","targetHints":{"allow":["GET"]}}],"collection":[{"href":"https:\/\/stansgar.katolsk.no\/index.php?rest_route=\/wp\/v2\/posts"}],"about":[{"href":"https:\/\/stansgar.katolsk.no\/index.php?rest_route=\/wp\/v2\/types\/post"}],"author":[{"embeddable":true,"href":"https:\/\/stansgar.katolsk.no\/index.php?rest_route=\/wp\/v2\/users\/1"}],"replies":[{"embeddable":true,"href":"https:\/\/stansgar.katolsk.no\/index.php?rest_route=%2Fwp%2Fv2%2Fcomments&post=9378"}],"version-history":[{"count":1,"href":"https:\/\/stansgar.katolsk.no\/index.php?rest_route=\/wp\/v2\/posts\/9378\/revisions"}],"predecessor-version":[{"id":9379,"href":"https:\/\/stansgar.katolsk.no\/index.php?rest_route=\/wp\/v2\/posts\/9378\/revisions\/9379"}],"wp:attachment":[{"href":"https:\/\/stansgar.katolsk.no\/index.php?rest_route=%2Fwp%2Fv2%2Fmedia&parent=9378"}],"wp:term":[{"taxonomy":"category","embeddable":true,"href":"https:\/\/stansgar.katolsk.no\/index.php?rest_route=%2Fwp%2Fv2%2Fcategories&post=9378"},{"taxonomy":"post_tag","embeddable":true,"href":"https:\/\/stansgar.katolsk.no\/index.php?rest_route=%2Fwp%2Fv2%2Ftags&post=9378"}],"curies":[{"name":"wp","href":"https:\/\/api.w.org\/{rel}","templated":true}]}}