{"id":9331,"date":"2021-09-12T10:01:04","date_gmt":"2021-09-12T08:01:04","guid":{"rendered":"https:\/\/stansgar.katolsk.no\/?p=9331"},"modified":"2021-09-10T22:14:49","modified_gmt":"2021-09-10T20:14:49","slug":"kunngjoringer-sondag-12-september-2021","status":"publish","type":"post","link":"https:\/\/stansgar.katolsk.no\/?p=9331","title":{"rendered":"KUNNGJ\u00d8RINGER S\u00d8NDAG 12. SEPTEMBER 2021"},"content":{"rendered":"<p style=\"text-align: center;\"><strong>KUNNGJ\u00d8RINGER S\u00d8NDAG 12. SEPTEMBER 2021<\/strong><\/p>\n<table width=\"0\">\n<tbody>\n<tr>\n<td colspan=\"6\" width=\"624\">13.09 &#8211; 15.09: Prester i Oslo katolske bisped\u00f8mme har m\u00f8te p\u00e5 Mariaholm.<\/p>\n<p>&nbsp;&nbsp;&nbsp;&nbsp;&nbsp;&nbsp;&nbsp;&nbsp;&nbsp;&nbsp;&nbsp;&nbsp;&nbsp;&nbsp;&nbsp;&nbsp;&nbsp;&nbsp; Vi ber for prestene. Det er ikke messer p\u00e5 tirsdag og onsdag.<\/p>\n<p>&nbsp;<\/p>\n<p>&nbsp;<\/td>\n<\/tr>\n<tr>\n<td width=\"89\">Torsdag<\/td>\n<td colspan=\"2\" width=\"78\">16.09.<\/td>\n<td width=\"31\">kl.<\/td>\n<td width=\"53\">18.00<\/td>\n<td width=\"373\">Messe &#8211; De hellige Kornelius og Kyprian<\/td>\n<\/tr>\n<tr>\n<td width=\"89\">Fredag<\/td>\n<td colspan=\"2\" width=\"78\">17.09.<\/td>\n<td width=\"31\">kl.<\/td>\n<td width=\"53\">18.00<\/td>\n<td width=\"373\">Messe<\/td>\n<\/tr>\n<tr>\n<td width=\"89\">L\u00f8rdag<\/p>\n<p>&nbsp;<\/p>\n<p>&nbsp;<\/p>\n<p>&nbsp;<\/p>\n<p><span style=\"text-decoration: underline;\">Flekkefjord<\/span><\/td>\n<td colspan=\"2\" width=\"78\">18.09.<\/td>\n<td width=\"31\">kl.<\/p>\n<p>kl.<\/p>\n<p>kl.<\/p>\n<p>kl.<\/p>\n<p>&nbsp;<\/p>\n<p>kl.<\/td>\n<td width=\"53\">10.00<\/p>\n<p>13.00<\/p>\n<p>14.30<\/p>\n<p>18.00<\/p>\n<p>&nbsp;<\/p>\n<p>12.00<\/td>\n<td width=\"373\">Katekesemesse<\/p>\n<p>Katekesemesse<\/p>\n<p>Messe p\u00e5 spansk<\/p>\n<p>Messe p\u00e5 polsk<\/p>\n<p>&nbsp;<\/p>\n<p>Messe p\u00e5 norsk<\/td>\n<\/tr>\n<tr>\n<td colspan=\"6\" width=\"624\">S\u00f8ndag&nbsp;&nbsp;&nbsp;&nbsp;&nbsp;&nbsp;&nbsp; 19.09.&nbsp;&nbsp;&nbsp;&nbsp; 25. S\u00d8NDAG I DET ALMINNELIGE KIRKE\u00c5R<\/td>\n<\/tr>\n<tr>\n<td colspan=\"2\" width=\"165\">&nbsp;<\/p>\n<p>&nbsp;<\/p>\n<p>&nbsp;<\/td>\n<td colspan=\"2\" width=\"33\">kl.<\/p>\n<p>kl.<\/p>\n<p>kl.<\/td>\n<td width=\"53\">09.00<\/p>\n<p>11.00<\/p>\n<p>13.00<\/td>\n<td width=\"373\">Messe p\u00e5 polsk<\/p>\n<p>Messe p\u00e5 norsk (ogs\u00e5 direktesendt)&nbsp;<\/p>\n<p>Messe p\u00e5 vietnamesisk<\/td>\n<\/tr>\n<\/tbody>\n<\/table>\n<p><strong>Annet:<\/strong><\/p>\n<p><strong>1) Katekese fredag 17. september for 3. trinn:<\/strong><\/p>\n<ul>\n<li>18.00 \u2013 18.30: Barnemesse med foreldre<\/li>\n<li>18.30 \u2013 20.00: Katekese<\/li>\n<\/ul>\n<p><strong>2) Katekese l\u00f8rdag 18. september:<\/strong><\/p>\n<p><strong>Kl. 10.00 &#8211; 13.45: Katekese for ungdommer p\u00e5 5., 7. og 9. trinn<\/strong><\/p>\n<ul>\n<li>10.00 &#8211; 10.45: Katekesemesse for ungdommer og foreldre<\/li>\n<li>10.45 &#8211; 11.15: Foreldrem\u00f8te i kirka<\/li>\n<\/ul>\n<p>&nbsp;<\/p>\n<p><strong>Kl. 13.00 &#8211; 17.00: Katekese for ungdommer p\u00e5 6., og 8. trinn <\/strong><\/p>\n<ul>\n<li>13.00 &#8211; 13.45: Katekesemesse for ungdommer og foreldre<\/li>\n<li>13.45 &#8211; 14.15: Foreldrem\u00f8te i kirka<\/li>\n<\/ul>\n<p>&nbsp;<\/p>\n<p>Vi minner om smitteverntiltak. Dersom barn og ungdommer er syke eller har symptomer p\u00e5 forkj\u00f8lelse, kan de <u>ikke<\/u> komme til katekesen.<\/p>\n<p>&nbsp;<\/p>\n<p><strong>3) Oppstart av konfirmasjonskurs for f\u00f8rste\u00e5rskonfirmanter<br \/>\n<\/strong>Vi inviterer ungdommer som \u00f8nsker \u00e5 f\u00e5 konfirmasjonens sakrament i 2023 til et konfirmasjonskurs som starter 18. september. Konfirmasjonskurset varer i to \u00e5r.<\/p>\n<p>Ungdommer som g\u00e5r i 9. og 10. trinn p\u00e5 grunnskolen m\u00e5 ogs\u00e5 begynne p\u00e5 konfirmasjonskurs for f\u00f8rste\u00e5rskonfirmanter.<\/p>\n<p>Siste frist for \u00e5 begynne p\u00e5 dette konfirmasjonskurset er l\u00f8rdag 2. oktober. Etter 2. oktober tar<br \/>\nvi ikke imot nye konfirmantkandidater. Det betyr at de m\u00e5 vente til september 2022 for \u00e5 begynne<br \/>\np\u00e5 konfirmasjonskurset for f\u00f8rste\u00e5rskonfirmanter.<\/p>\n<p>&nbsp;<\/p>\n<p><strong>4) Menighetsr\u00e5dsvalg<br \/>\n<\/strong>P\u00e5 grunn av pandemien har menighetsr\u00e5dets funksjonstid blitt forlenget det siste halvannet \u00e5ret. N\u00e5 er smittesituasjonen blitt bedre, og biskopen oppfordrer at menighetsr\u00e5dsvalg avholdes i l\u00f8pet av h\u00f8sten 2021.<\/p>\n<p>Medlemmer i valgkomit\u00e9en:<\/p>\n<ol>\n<li>Marit Bruce<\/li>\n<li>Elzbieta Klamrowska<\/li>\n<li>Doan Anh Tuan<\/li>\n<\/ol>\n<p>Valgkomit\u00e9en har to oppgaver:<\/p>\n<p>&#8211;&nbsp;&nbsp;&nbsp;&nbsp;&nbsp;&nbsp;&nbsp;&nbsp;&nbsp;&nbsp; \u00e5 informere om menighetsr\u00e5dsvalget.<\/p>\n<p>&#8211;&nbsp;&nbsp;&nbsp;&nbsp;&nbsp;&nbsp;&nbsp;&nbsp;&nbsp;&nbsp; \u00e5 finne gode kandidater som kan representere menigheten.<\/p>\n<p>Menighetsr\u00e5dsvalgdagene i v\u00e5r menighet er p\u00e5 f\u00f8lgende s\u00f8ndager 31. oktober, 7. november og 14. november.<\/p>\n<p>Valgkomit\u00e9en vil komme med mer informasjon om menighetsr\u00e5dsvalget etter hvert.<\/p>\n<p>&nbsp;<\/p>\n<p><strong>5) Stortingsvalg <\/strong><\/p>\n<ol start=\"13\">\n<li>september er det Stortingsvalg. Alle oppfordres til \u00e5 benytte stemmeretten sin.<\/li>\n<\/ol>\n<p>&nbsp;<\/p>\n<p><strong>6)<\/strong> Torsdag 16. september kl. 18.45 er det troskurs.<\/p>\n<p>&nbsp;<\/p>\n<p style=\"text-align: center;\"><strong>\u00d8nsker dere en riktig god s\u00f8ndag! <\/strong><\/p>\n","protected":false},"excerpt":{"rendered":"<p>KUNNGJ\u00d8RINGER S\u00d8NDAG 12. SEPTEMBER 2021 13.09 &#8211; 15.09: Prester i Oslo katolske bisped\u00f8mme har m\u00f8te p\u00e5 Mariaholm. &nbsp;&nbsp;&nbsp;&nbsp;&nbsp;&nbsp;&nbsp;&nbsp;&nbsp;&nbsp;&nbsp;&nbsp;&nbsp;&nbsp;&nbsp;&nbsp;&nbsp;&nbsp; Vi ber for prestene. Det er ikke messer p\u00e5 tirsdag og onsdag. &nbsp; &nbsp; Torsdag 16.09. kl. 18.00 Messe &#8211; De hellige&#8230;<br \/><a class=\"read-more-button\" href=\"https:\/\/stansgar.katolsk.no\/?p=9331\">Read more<\/a><\/p>\n","protected":false},"author":1,"featured_media":0,"comment_status":"open","ping_status":"open","sticky":false,"template":"","format":"standard","meta":{"footnotes":""},"categories":[482],"tags":[],"class_list":["post-9331","post","type-post","status-publish","format-standard","hentry","category-kunngjoringer"],"_links":{"self":[{"href":"https:\/\/stansgar.katolsk.no\/index.php?rest_route=\/wp\/v2\/posts\/9331","targetHints":{"allow":["GET"]}}],"collection":[{"href":"https:\/\/stansgar.katolsk.no\/index.php?rest_route=\/wp\/v2\/posts"}],"about":[{"href":"https:\/\/stansgar.katolsk.no\/index.php?rest_route=\/wp\/v2\/types\/post"}],"author":[{"embeddable":true,"href":"https:\/\/stansgar.katolsk.no\/index.php?rest_route=\/wp\/v2\/users\/1"}],"replies":[{"embeddable":true,"href":"https:\/\/stansgar.katolsk.no\/index.php?rest_route=%2Fwp%2Fv2%2Fcomments&post=9331"}],"version-history":[{"count":4,"href":"https:\/\/stansgar.katolsk.no\/index.php?rest_route=\/wp\/v2\/posts\/9331\/revisions"}],"predecessor-version":[{"id":9342,"href":"https:\/\/stansgar.katolsk.no\/index.php?rest_route=\/wp\/v2\/posts\/9331\/revisions\/9342"}],"wp:attachment":[{"href":"https:\/\/stansgar.katolsk.no\/index.php?rest_route=%2Fwp%2Fv2%2Fmedia&parent=9331"}],"wp:term":[{"taxonomy":"category","embeddable":true,"href":"https:\/\/stansgar.katolsk.no\/index.php?rest_route=%2Fwp%2Fv2%2Fcategories&post=9331"},{"taxonomy":"post_tag","embeddable":true,"href":"https:\/\/stansgar.katolsk.no\/index.php?rest_route=%2Fwp%2Fv2%2Ftags&post=9331"}],"curies":[{"name":"wp","href":"https:\/\/api.w.org\/{rel}","templated":true}]}}