{"id":933,"date":"2013-02-28T18:51:00","date_gmt":"2013-02-28T17:51:00","guid":{"rendered":"http:\/\/stansgar.katolsk.no\/index.php\/2013\/02\/28\/kvinnenes-internasjonale-bnnedag\/"},"modified":"2018-10-12T09:12:59","modified_gmt":"2018-10-12T07:12:59","slug":"kvinnenes-internasjonale-bnnedag","status":"publish","type":"post","link":"https:\/\/stansgar.katolsk.no\/?p=933","title":{"rendered":"Kvinnenes internasjonale b\u00f8nnedag"},"content":{"rendered":"<table align=\"center\" cellpadding=\"0\" cellspacing=\"0\" class=\"tr-caption-container\" style=\"margin-left: auto; margin-right: auto; text-align: center;\">\n<tbody>\n<tr>\n<td style=\"text-align: center;\"><a href=\"http:\/\/www.norgeskristnerad.no\/bilder\/\/Kvinnenes%20internasjonale%20bonnedag\/WDP13-08%20Art.jpg?idfam=&amp;idimg=&amp;nameimg=\" imageanchor=\"1\" style=\"margin-left: auto; margin-right: auto;\"><img loading=\"lazy\" decoding=\"async\" border=\"0\" height=\"400\" src=\"http:\/\/www.norgeskristnerad.no\/bilder\/\/Kvinnenes%20internasjonale%20bonnedag\/WDP13-08%20Art.jpg?idfam=&amp;idimg=&amp;nameimg=\" width=\"282\" \/><\/a><\/td>\n<\/tr>\n<tr>\n<td class=\"tr-caption\" style=\"text-align: center;\">&nbsp;Bildet til Kvinneb\u00f8nnedagen 2013 er malt av Anne-Lise Hammann Jeannot.<\/td>\n<\/tr>\n<\/tbody>\n<\/table>\n<p><b style=\"background-color: white; color: #222222; font-family: Times, 'Times New Roman', serif; font-size: 19px; line-height: 21px;\">Fredag 1. mars kl 11<\/b>&nbsp;samles kristne kvinner i Kristiansand her i St. Ansgar kirke i anledning av Kvinnenes Internasjonale B\u00f8nnedag, et verdensomspennende b\u00f8nnefellesskap p\u00e5 den f\u00f8rste fredagen i mars hvert \u00e5r. Velkommen!<\/p>\n<p><a href=\"http:\/\/www.norgeskristnerad.no\/a\/pevent.cfm?id=7\" target=\"_blank\">Her<\/a>&nbsp;kan du lese mer om denne dagen.<\/p>\n","protected":false},"excerpt":{"rendered":"<p>&nbsp;Bildet til Kvinneb\u00f8nnedagen 2013 er malt av Anne-Lise Hammann Jeannot. Fredag 1. mars kl 11&nbsp;samles kristne kvinner i Kristiansand her i St. Ansgar kirke i anledning av Kvinnenes Internasjonale B\u00f8nnedag, et verdensomspennende b\u00f8nnefellesskap p\u00e5 den f\u00f8rste fredagen i mars hvert&#8230;<br \/><a class=\"read-more-button\" href=\"https:\/\/stansgar.katolsk.no\/?p=933\">Read more<\/a><\/p>\n","protected":false},"author":3,"featured_media":3009,"comment_status":"open","ping_status":"open","sticky":false,"template":"","format":"standard","meta":{"footnotes":""},"categories":[1],"tags":[48],"class_list":["post-933","post","type-post","status-publish","format-standard","has-post-thumbnail","hentry","category-ukategorisert","tag-bonn"],"_links":{"self":[{"href":"https:\/\/stansgar.katolsk.no\/index.php?rest_route=\/wp\/v2\/posts\/933","targetHints":{"allow":["GET"]}}],"collection":[{"href":"https:\/\/stansgar.katolsk.no\/index.php?rest_route=\/wp\/v2\/posts"}],"about":[{"href":"https:\/\/stansgar.katolsk.no\/index.php?rest_route=\/wp\/v2\/types\/post"}],"author":[{"embeddable":true,"href":"https:\/\/stansgar.katolsk.no\/index.php?rest_route=\/wp\/v2\/users\/3"}],"replies":[{"embeddable":true,"href":"https:\/\/stansgar.katolsk.no\/index.php?rest_route=%2Fwp%2Fv2%2Fcomments&post=933"}],"version-history":[{"count":1,"href":"https:\/\/stansgar.katolsk.no\/index.php?rest_route=\/wp\/v2\/posts\/933\/revisions"}],"predecessor-version":[{"id":3008,"href":"https:\/\/stansgar.katolsk.no\/index.php?rest_route=\/wp\/v2\/posts\/933\/revisions\/3008"}],"wp:featuredmedia":[{"embeddable":true,"href":"https:\/\/stansgar.katolsk.no\/index.php?rest_route=\/wp\/v2\/media\/3009"}],"wp:attachment":[{"href":"https:\/\/stansgar.katolsk.no\/index.php?rest_route=%2Fwp%2Fv2%2Fmedia&parent=933"}],"wp:term":[{"taxonomy":"category","embeddable":true,"href":"https:\/\/stansgar.katolsk.no\/index.php?rest_route=%2Fwp%2Fv2%2Fcategories&post=933"},{"taxonomy":"post_tag","embeddable":true,"href":"https:\/\/stansgar.katolsk.no\/index.php?rest_route=%2Fwp%2Fv2%2Ftags&post=933"}],"curies":[{"name":"wp","href":"https:\/\/api.w.org\/{rel}","templated":true}]}}