{"id":9295,"date":"2021-09-05T10:01:52","date_gmt":"2021-09-05T08:01:52","guid":{"rendered":"https:\/\/stansgar.katolsk.no\/?p=9295"},"modified":"2021-09-03T14:09:33","modified_gmt":"2021-09-03T12:09:33","slug":"kunngjoringer-sondag-5-september-2021","status":"publish","type":"post","link":"https:\/\/stansgar.katolsk.no\/?p=9295","title":{"rendered":"KUNNGJ\u00d8RINGER S\u00d8NDAG 5. SEPTEMBER 2021"},"content":{"rendered":"<table width=\"624\">\n<tbody>\n<tr>\n<td width=\"79\">Tirsdag<\/td>\n<td colspan=\"2\" width=\"79\">07.09.<\/td>\n<td width=\"31\">kl.<\/p>\n<p>kl.<\/td>\n<td width=\"53\">17.30<\/p>\n<p>18.00<\/td>\n<td width=\"382\">Vesper<\/p>\n<p>Messe &#8211; etterfulgt av sakramentstilbedelse.<\/td>\n<\/tr>\n<tr>\n<td width=\"79\">Onsdag<\/td>\n<td colspan=\"2\" width=\"79\">08.09.<\/td>\n<td width=\"31\">kl.<\/td>\n<td width=\"53\">18.00<\/td>\n<td width=\"382\">Messe \u2013 Fest: Jomfru Marias f\u00f8dsel<\/td>\n<\/tr>\n<tr>\n<td width=\"79\">Torsdag<\/td>\n<td colspan=\"2\" width=\"79\">09.09.<\/td>\n<td width=\"31\">kl.<\/td>\n<td width=\"53\">18.00<\/td>\n<td width=\"382\">Messe<\/td>\n<\/tr>\n<tr>\n<td width=\"79\">Fredag<\/td>\n<td colspan=\"2\" width=\"79\">10.09.<\/td>\n<td width=\"31\">kl.<\/td>\n<td width=\"53\">18.00<\/td>\n<td width=\"382\">Messe<\/td>\n<\/tr>\n<tr>\n<td width=\"79\">L\u00f8rdag<\/td>\n<td colspan=\"2\" width=\"79\">11.09.<\/td>\n<td width=\"31\">kl.<\/p>\n<p>kl.<\/p>\n<p>kl.<\/td>\n<td width=\"53\">10.00<\/p>\n<p>13.00<\/p>\n<p>18.00<\/td>\n<td width=\"382\">Katekesemesse<\/p>\n<p>Katekesemesse<\/p>\n<p>Messe p\u00e5 polsk<\/td>\n<\/tr>\n<tr>\n<td colspan=\"6\" width=\"624\">S\u00f8ndag&nbsp;&nbsp;&nbsp;&nbsp;&nbsp;&nbsp;&nbsp; 12.09.&nbsp;&nbsp;&nbsp;&nbsp;&nbsp; 24. S\u00d8NDAG I DET ALMINNELIGE KIRKE\u00c5R<\/td>\n<\/tr>\n<tr>\n<td colspan=\"2\" width=\"155\">&nbsp;<\/p>\n<p>&nbsp;<\/p>\n<p>&nbsp;<\/p>\n<p>P\u00e5 Stella Maris<\/td>\n<td colspan=\"2\" width=\"33\">kl.<\/p>\n<p>kl.<\/p>\n<p>kl.<\/p>\n<p>&nbsp;<\/p>\n<p>kl.<\/td>\n<td width=\"53\">09.00<\/p>\n<p>11.00<\/p>\n<p>13.00<\/p>\n<p>&nbsp;<\/p>\n<p>17.00<\/td>\n<td width=\"382\">Messe p\u00e5 polsk<\/p>\n<p>Messe p\u00e5 norsk (ogs\u00e5 direktesendt)&nbsp;<\/p>\n<p>Messe p\u00e5 vietnamesisk<\/p>\n<p>&nbsp;<\/p>\n<p>Messe p\u00e5 norsk &nbsp;<\/td>\n<\/tr>\n<\/tbody>\n<\/table>\n<p><strong>Annet:<\/strong><\/p>\n<p>&nbsp;<\/p>\n<p><strong>1) Oppstart av katekese\u00e5ret 2021\/2022<\/strong><\/p>\n<p>Vi er glade for at vi kan ha fysisk katekese igjen. P\u00e5 grunn av smitteverntiltak er katekesen ogs\u00e5 i \u00e5r delt i to l\u00f8rdager med to katekesemesser hver l\u00f8rdag. Katekesen er de to f\u00f8rste l\u00f8rdagene<br \/>\ni m\u00e5neden. Men i september er katekesen l\u00f8rdag 11. og l\u00f8rdag 18. september fordi det er konfirmasjon i menigheten l\u00f8rdag 4. september.<\/p>\n<p><strong>Katekese l\u00f8rdag 11. september:<\/strong><\/p>\n<p><strong>Kl. 10.00 &#8211; 13.45: Katekese for barn p\u00e5 1., 2. og 4. trinn<\/strong><\/p>\n<ul>\n<li>10.00 &#8211; 10.45: Katekesemesse for barn og foreldre<\/li>\n<li>10.45 &#8211; 11.15: Foreldrem\u00f8te i kirka<\/li>\n<\/ul>\n<p>&nbsp;<\/p>\n<p><strong>Kl. 13.00 &#8211; 17.00: Katekese for barn p\u00e5 3. trinn<\/strong><\/p>\n<ul>\n<li>13.00 &#8211; 13.45: Katekesemesse for barn og foreldre<\/li>\n<li>13.45 &#8211; 14.15: Foreldrem\u00f8te i kirka<\/li>\n<\/ul>\n<p>Vi minner om smitteverntiltak. Dersom barn og ungdommer er syke eller har symptomer<br \/>\np\u00e5 forkj\u00f8lelse, kan de <u>ikke<\/u> komme til katekesen.<\/p>\n<p>&nbsp;<\/p>\n<p><strong>2) Oppstart av konfirmasjonskurs for f\u00f8rste\u00e5rskonfirmanter<\/strong><\/p>\n<p>Vi inviterer ungdommer som \u00f8nsker \u00e5 f\u00e5 konfirmasjonens sakrament i 2023 til et konfirmasjonskurs som starter 18. september. Konfirmasjonskurset varer i to \u00e5r. Ungdommer som g\u00e5r i 9. og 10. trinn p\u00e5 grunnskolen m\u00e5 ogs\u00e5 begynne p\u00e5 konfirmasjonskurs for f\u00f8rste\u00e5rskonfirmanter.<\/p>\n<p>Siste frist for \u00e5 begynne p\u00e5 dette konfirmasjonskurset er l\u00f8rdag 2. oktober. Etter 2. oktober tar vi ikke imot nye konfirmantkandidater. Det betyr at de m\u00e5 vente til september 2022 for \u00e5 begynne<br \/>\np\u00e5 konfirmasjonskurset for f\u00f8rste\u00e5rskonfirmanter.<\/p>\n<p>&nbsp;<\/p>\n<p>3) Tirsdag 07. september kl. 19.00 er det bibelgruppe.<\/p>\n<p>&nbsp;<\/p>\n<p style=\"text-align: center;\"><strong>\u00d8nsker dere en riktig god s\u00f8ndag! <\/strong><\/p>\n<p>&nbsp;<\/p>\n","protected":false},"excerpt":{"rendered":"<p>Tirsdag 07.09. kl. kl. 17.30 18.00 Vesper Messe &#8211; etterfulgt av sakramentstilbedelse. Onsdag 08.09. kl. 18.00 Messe \u2013 Fest: Jomfru Marias f\u00f8dsel Torsdag 09.09. kl. 18.00 Messe Fredag 10.09. kl. 18.00 Messe L\u00f8rdag 11.09. kl. kl. kl. 10.00 13.00 18.00&#8230;<br \/><a class=\"read-more-button\" href=\"https:\/\/stansgar.katolsk.no\/?p=9295\">Read more<\/a><\/p>\n","protected":false},"author":1,"featured_media":0,"comment_status":"open","ping_status":"open","sticky":false,"template":"","format":"standard","meta":{"footnotes":""},"categories":[482],"tags":[],"class_list":["post-9295","post","type-post","status-publish","format-standard","hentry","category-kunngjoringer"],"_links":{"self":[{"href":"https:\/\/stansgar.katolsk.no\/index.php?rest_route=\/wp\/v2\/posts\/9295","targetHints":{"allow":["GET"]}}],"collection":[{"href":"https:\/\/stansgar.katolsk.no\/index.php?rest_route=\/wp\/v2\/posts"}],"about":[{"href":"https:\/\/stansgar.katolsk.no\/index.php?rest_route=\/wp\/v2\/types\/post"}],"author":[{"embeddable":true,"href":"https:\/\/stansgar.katolsk.no\/index.php?rest_route=\/wp\/v2\/users\/1"}],"replies":[{"embeddable":true,"href":"https:\/\/stansgar.katolsk.no\/index.php?rest_route=%2Fwp%2Fv2%2Fcomments&post=9295"}],"version-history":[{"count":1,"href":"https:\/\/stansgar.katolsk.no\/index.php?rest_route=\/wp\/v2\/posts\/9295\/revisions"}],"predecessor-version":[{"id":9296,"href":"https:\/\/stansgar.katolsk.no\/index.php?rest_route=\/wp\/v2\/posts\/9295\/revisions\/9296"}],"wp:attachment":[{"href":"https:\/\/stansgar.katolsk.no\/index.php?rest_route=%2Fwp%2Fv2%2Fmedia&parent=9295"}],"wp:term":[{"taxonomy":"category","embeddable":true,"href":"https:\/\/stansgar.katolsk.no\/index.php?rest_route=%2Fwp%2Fv2%2Fcategories&post=9295"},{"taxonomy":"post_tag","embeddable":true,"href":"https:\/\/stansgar.katolsk.no\/index.php?rest_route=%2Fwp%2Fv2%2Ftags&post=9295"}],"curies":[{"name":"wp","href":"https:\/\/api.w.org\/{rel}","templated":true}]}}