{"id":929,"date":"2013-03-10T20:04:00","date_gmt":"2013-03-10T19:04:00","guid":{"rendered":"http:\/\/stansgar.katolsk.no\/index.php\/2013\/03\/10\/adopter-en-kardina\/"},"modified":"2018-10-12T09:12:58","modified_gmt":"2018-10-12T07:12:58","slug":"adopter-en-kardina","status":"publish","type":"post","link":"https:\/\/stansgar.katolsk.no\/?p=929","title":{"rendered":"Adopter en kardinal!"},"content":{"rendered":"<table align=\"center\" cellpadding=\"0\" cellspacing=\"0\" class=\"tr-caption-container\" style=\"margin-left: auto; margin-right: auto; text-align: center;\">\n<tbody>\n<tr>\n<td style=\"text-align: center;\"><a href=\"http:\/\/2.bp.blogspot.com\/-sX36FP4_YB8\/UTzm5x8j5lI\/AAAAAAAAECo\/272dteXcMGs\/s1600\/sixtinsk.jpg\" imageanchor=\"1\" style=\"margin-left: auto; margin-right: auto;\"><img loading=\"lazy\" decoding=\"async\" border=\"0\" height=\"265\" src=\"http:\/\/stansgar.katolsk.no\/wp-content\/uploads\/2013\/03\/sixtinsk.jpg\" width=\"400\" \/><\/a><\/td>\n<\/tr>\n<tr>\n<td class=\"tr-caption\" style=\"text-align: center;\">Klare til innsats!<\/td>\n<\/tr>\n<\/tbody>\n<\/table>\n<p><b style=\"background-color: white; color: #222222; font-family: Times, 'Times New Roman', serif; font-size: 19px; line-height: 21px;\"><br \/><\/b><br \/>\n<b style=\"background-color: white; color: #222222; font-family: Times, 'Times New Roman', serif; font-size: 19px; line-height: 21px;\"><br \/><\/b><br \/>\n<br \/>\n<b style=\"background-color: white; color: #222222; font-family: Times, 'Times New Roman', serif; font-size: 19px; line-height: 21px;\">Kardinalene trenger v\u00e5r forb\u00f8nn.<\/b>&nbsp;Be for dem hver dag denne uken. Det er enn\u00e5 ikke for sent \u00e5 adoptere en kardinal. Dette fantastiske b\u00f8nneinitiativet har spredt seg over hele verden. G\u00e5 inn p\u00e5&nbsp;<a href=\"http:\/\/adoptacardinal.org\/\" style=\"background-color: white; color: #1155cc; font-family: Times, 'Times New Roman', serif; font-size: 19px; line-height: 21px;\" target=\"_blank\">adoptacardinal.org<\/a>&nbsp;og f\u00f8lg anvisningene.<\/p>\n","protected":false},"excerpt":{"rendered":"<p>Klare til innsats! Kardinalene trenger v\u00e5r forb\u00f8nn.&nbsp;Be for dem hver dag denne uken. Det er enn\u00e5 ikke for sent \u00e5 adoptere en kardinal. Dette fantastiske b\u00f8nneinitiativet har spredt seg over hele verden. G\u00e5 inn p\u00e5&nbsp;adoptacardinal.org&nbsp;og f\u00f8lg anvisningene.<\/p>\n","protected":false},"author":3,"featured_media":3002,"comment_status":"open","ping_status":"open","sticky":false,"template":"","format":"standard","meta":{"footnotes":""},"categories":[1],"tags":[155,125],"class_list":["post-929","post","type-post","status-publish","format-standard","has-post-thumbnail","hentry","category-ukategorisert","tag-kardinalene","tag-paven"],"_links":{"self":[{"href":"https:\/\/stansgar.katolsk.no\/index.php?rest_route=\/wp\/v2\/posts\/929","targetHints":{"allow":["GET"]}}],"collection":[{"href":"https:\/\/stansgar.katolsk.no\/index.php?rest_route=\/wp\/v2\/posts"}],"about":[{"href":"https:\/\/stansgar.katolsk.no\/index.php?rest_route=\/wp\/v2\/types\/post"}],"author":[{"embeddable":true,"href":"https:\/\/stansgar.katolsk.no\/index.php?rest_route=\/wp\/v2\/users\/3"}],"replies":[{"embeddable":true,"href":"https:\/\/stansgar.katolsk.no\/index.php?rest_route=%2Fwp%2Fv2%2Fcomments&post=929"}],"version-history":[{"count":1,"href":"https:\/\/stansgar.katolsk.no\/index.php?rest_route=\/wp\/v2\/posts\/929\/revisions"}],"predecessor-version":[{"id":3003,"href":"https:\/\/stansgar.katolsk.no\/index.php?rest_route=\/wp\/v2\/posts\/929\/revisions\/3003"}],"wp:featuredmedia":[{"embeddable":true,"href":"https:\/\/stansgar.katolsk.no\/index.php?rest_route=\/wp\/v2\/media\/3002"}],"wp:attachment":[{"href":"https:\/\/stansgar.katolsk.no\/index.php?rest_route=%2Fwp%2Fv2%2Fmedia&parent=929"}],"wp:term":[{"taxonomy":"category","embeddable":true,"href":"https:\/\/stansgar.katolsk.no\/index.php?rest_route=%2Fwp%2Fv2%2Fcategories&post=929"},{"taxonomy":"post_tag","embeddable":true,"href":"https:\/\/stansgar.katolsk.no\/index.php?rest_route=%2Fwp%2Fv2%2Ftags&post=929"}],"curies":[{"name":"wp","href":"https:\/\/api.w.org\/{rel}","templated":true}]}}