{"id":927,"date":"2013-03-12T09:51:00","date_gmt":"2013-03-12T08:51:00","guid":{"rendered":"http:\/\/stansgar.katolsk.no\/index.php\/2013\/03\/12\/flg-med-pa-pavevalge\/"},"modified":"2018-10-12T09:12:58","modified_gmt":"2018-10-12T07:12:58","slug":"flg-med-pa-pavevalge","status":"publish","type":"post","link":"https:\/\/stansgar.katolsk.no\/?p=927","title":{"rendered":"F\u00f8lg med p\u00e5 pavevalget"},"content":{"rendered":"<table align=\"center\" cellpadding=\"0\" cellspacing=\"0\" class=\"tr-caption-container\" style=\"margin-left: auto; margin-right: auto; text-align: center;\">\n<tbody>\n<tr>\n<td style=\"text-align: center;\"><a href=\"https:\/\/pbs.twimg.com\/media\/BFJbAgSCIAECl1s.png\" imageanchor=\"1\" style=\"margin-left: auto; margin-right: auto;\"><img loading=\"lazy\" decoding=\"async\" border=\"0\" height=\"240\" src=\"https:\/\/pbs.twimg.com\/media\/BFJbAgSCIAECl1s.png\" width=\"400\" \/><\/a><\/td>\n<\/tr>\n<tr>\n<td class=\"tr-caption\" style=\"text-align: center;\">Kardinal Sodano preker under messen i Peterskirken p\u00e5 konklavets f\u00f8rste dag.<\/td>\n<\/tr>\n<\/tbody>\n<\/table>\n<p><a href=\"http:\/\/www.romereports.com\/palio\/modules.php?name=Content3&amp;pa=showpage&amp;newlang=english&amp;pid=47#.UT73uaXCYx3.blogger\" target=\"_blank\">Her<\/a>&nbsp;kan du f\u00f8lge direktesendinger fra Vatikanet, og&nbsp;<a href=\"http:\/\/www.katolsk.no\/nyheter\/pavevalg-2013\" target=\"_blank\">her<\/a>&nbsp;kan du hele tiden f\u00e5 de siste nyhetene om pavevalget p\u00e5 norsk.<\/p>\n<p><b>Dette er kardinalenes tidsplan de f\u00f8rste to dagene, fra&nbsp;<a href=\"http:\/\/www.katolsk.no\/\" target=\"_blank\">www.katolsk.no<\/a><\/b><\/p>\n<div style=\"background-color: #f9f7f1; font-family: Georgia, Times, 'Times New Roman', serif; font-size: 14px; line-height: 1.5em; margin-bottom: 0.75em;\">\nP. Federico Lombardi SJ, Vatikanets pressetalsmann, har offentliggjort kardinalenes tidsplan for konklavets f\u00f8rste to dager. Det presiseres at tidsplanen er omtrentlig.&nbsp;<\/div>\n<div style=\"background-color: #f9f7f1; font-family: Georgia, Times, 'Times New Roman', serif; font-size: 14px; line-height: 1.5em; margin-bottom: 0.75em;\">\n<strong>Tirsdag 12. mars 2013<\/strong><\/div>\n<div style=\"background-color: #f9f7f1; font-family: Georgia, Times, 'Times New Roman', serif; font-size: 14px; line-height: 1.5em; margin-bottom: 0.75em;\">\nKl. 15.45: Kardinalene beveger seg fra Domus Sanctae Marthae til Peterskirken<br \/>Kl. 16.30: Prosesjon til Det sixtinske kapell<br \/>Kl. 16.45: Kardinalene avlegger ed, og ikkestemmeberettigede forlater kapellet <br \/>Meditasjon av kardinal Prosper Grech OSA<br \/>Eventuelt f\u00f8rste stemmerunde (kardinalene vedtar selv om det stemmes denne f\u00f8rste kvelden)<br \/>(Kl. 19.00 Eventuelt f\u00f8rste r\u00f8yk fra skorsteinen)<br \/>Kl. 19.15: Vesper<br \/>Kl. 19.30: Kardinalene returnerer til Domus Sanctae Marthae<\/div>\n<div style=\"background-color: #f9f7f1; font-family: Georgia, Times, 'Times New Roman', serif; font-size: 14px; line-height: 1.5em; margin-bottom: 0.75em;\">\n<strong>Onsdag 13. mars 2013<\/strong><\/div>\n<div style=\"background-color: #f9f7f1; font-family: Georgia, Times, 'Times New Roman', serif; font-size: 14px; line-height: 1.5em; margin-bottom: 0.75em;\">\nKl. 06.30: Frokost i Domus S. Marthae (til kl. 07.30)<br \/>Kl. 07.45: Avgang fra Domus S. Marthae til Det sixtinske kapell<br \/>Kl. 08.15: Messe<br \/>Kl. 09.30: Tideb\u00f8nn i Det sixtinske kapell<br \/>Morgenens stemmerunde(r)<br \/>Kl. 12.30: Kardinalene returnerer til Domus Sanctae Marthae<br \/>Kl. 13.00: Lunsj<br \/>Kl. 16.00: Kardinalene returnerer til Det sixtinske kapell<br \/>Kl. 16.50: Ny(e) stemmeomgang(er)<br \/>Kl. 19.15: Vesper<br \/>Kl. 19.30: Kardinalene returnerer til Domus Sanctae Marthae<\/div>\n<div style=\"background-color: #f9f7f1; font-family: Georgia, Times, 'Times New Roman', serif; font-size: 14px; line-height: 1.5em; margin-bottom: 0.75em;\">\nDersom det g\u00e5r tre hele stemmedager uten at man har valgt en pave, tar kardinalene en dag fri fra stemmegivningen for \u00e5 hengi seg til b\u00f8nn og meditasjon.&nbsp;<\/div>\n","protected":false},"excerpt":{"rendered":"<p>Kardinal Sodano preker under messen i Peterskirken p\u00e5 konklavets f\u00f8rste dag. Her&nbsp;kan du f\u00f8lge direktesendinger fra Vatikanet, og&nbsp;her&nbsp;kan du hele tiden f\u00e5 de siste nyhetene om pavevalget p\u00e5 norsk. Dette er kardinalenes tidsplan de f\u00f8rste to dagene, fra&nbsp;www.katolsk.no P. Federico&#8230;<br \/><a class=\"read-more-button\" href=\"https:\/\/stansgar.katolsk.no\/?p=927\">Read more<\/a><\/p>\n","protected":false},"author":3,"featured_media":2999,"comment_status":"open","ping_status":"open","sticky":false,"template":"","format":"standard","meta":{"footnotes":""},"categories":[1],"tags":[154,125],"class_list":["post-927","post","type-post","status-publish","format-standard","has-post-thumbnail","hentry","category-ukategorisert","tag-konklavet","tag-paven"],"_links":{"self":[{"href":"https:\/\/stansgar.katolsk.no\/index.php?rest_route=\/wp\/v2\/posts\/927","targetHints":{"allow":["GET"]}}],"collection":[{"href":"https:\/\/stansgar.katolsk.no\/index.php?rest_route=\/wp\/v2\/posts"}],"about":[{"href":"https:\/\/stansgar.katolsk.no\/index.php?rest_route=\/wp\/v2\/types\/post"}],"author":[{"embeddable":true,"href":"https:\/\/stansgar.katolsk.no\/index.php?rest_route=\/wp\/v2\/users\/3"}],"replies":[{"embeddable":true,"href":"https:\/\/stansgar.katolsk.no\/index.php?rest_route=%2Fwp%2Fv2%2Fcomments&post=927"}],"version-history":[{"count":1,"href":"https:\/\/stansgar.katolsk.no\/index.php?rest_route=\/wp\/v2\/posts\/927\/revisions"}],"predecessor-version":[{"id":2998,"href":"https:\/\/stansgar.katolsk.no\/index.php?rest_route=\/wp\/v2\/posts\/927\/revisions\/2998"}],"wp:featuredmedia":[{"embeddable":true,"href":"https:\/\/stansgar.katolsk.no\/index.php?rest_route=\/wp\/v2\/media\/2999"}],"wp:attachment":[{"href":"https:\/\/stansgar.katolsk.no\/index.php?rest_route=%2Fwp%2Fv2%2Fmedia&parent=927"}],"wp:term":[{"taxonomy":"category","embeddable":true,"href":"https:\/\/stansgar.katolsk.no\/index.php?rest_route=%2Fwp%2Fv2%2Fcategories&post=927"},{"taxonomy":"post_tag","embeddable":true,"href":"https:\/\/stansgar.katolsk.no\/index.php?rest_route=%2Fwp%2Fv2%2Ftags&post=927"}],"curies":[{"name":"wp","href":"https:\/\/api.w.org\/{rel}","templated":true}]}}