{"id":926,"date":"2013-03-13T19:48:00","date_gmt":"2013-03-13T18:48:00","guid":{"rendered":"http:\/\/stansgar.katolsk.no\/index.php\/2013\/03\/13\/vi-har-en-pave\/"},"modified":"2018-10-12T09:12:58","modified_gmt":"2018-10-12T07:12:58","slug":"vi-har-en-pave","status":"publish","type":"post","link":"https:\/\/stansgar.katolsk.no\/?p=926","title":{"rendered":"Vi har en pave!"},"content":{"rendered":"<div class=\"separator\" style=\"clear: both; text-align: center;\">\n<a href=\"https:\/\/fbcdn-sphotos-g-a.akamaihd.net\/hphotos-ak-ash3\/602218_10151286533136179_1493463891_n.jpg\" imageanchor=\"1\" style=\"margin-left: 1em; margin-right: 1em;\"><img loading=\"lazy\" decoding=\"async\" border=\"0\" height=\"346\" src=\"https:\/\/fbcdn-sphotos-g-a.akamaihd.net\/hphotos-ak-ash3\/602218_10151286533136179_1493463891_n.jpg\" width=\"400\" \/><\/a><\/div>\n<p><\/p>\n<div class=\"separator\" style=\"clear: both; text-align: center;\">\n<\/div>\n<h1 class=\"documentFirstHeading\" id=\"parent-fieldname-title\" style=\"background-color: #f9f7f1; font-family: Arial, Helvetica, san-serif; font-size: 1.85em; margin: 0px 0px 0.25em;\">\nPavens f\u00f8rste ord fra balkongen<\/h1>\n<div id=\"content-core\" style=\"background-color: #f9f7f1; border-bottom-color: rgb(180, 158, 121); border-bottom-style: solid; border-bottom-width: 1px; font-family: Georgia, Times, 'Times New Roman', serif; font-size: 14px;\">\n<div class=\"plain\" id=\"parent-fieldname-text\">\n<h3 style=\"border-bottom-style: none; font-family: Arial, Helvetica, san-serif; font-size: 18px; margin: 0.75em 0px 0.25em;\">\nV\u00e5r nye hellige far, pave Frans, hilste de fremm\u00f8tte p\u00e5 Petersplassen i kveld med f\u00f8lgende ord:<\/h3>\n<div style=\"line-height: 1.5em; margin-bottom: 0.75em;\">\nBr\u00f8dre og s\u00f8stre, god kveld!&nbsp;Dere vet at konklavets oppgave er \u00e5 gi en biskop til Roma. Det kan virke som om mine br\u00f8dre kardinalene har hentet ham nesten ved verdens ende. Men her er vi. Jeg takker dere for mottagelsen &#8211; bisped\u00f8mmet Romas mottagelse av sin biskop.<\/p>\n<div style=\"background-color: #f9f7f1; font-family: Georgia, Times, 'Times New Roman', serif; font-size: 14px; line-height: 1.5em; margin-bottom: 0.75em;\">\nAller f\u00f8rst vil jeg be en b\u00f8nn for v\u00e5r emeriterte biskop (<em>jubel<\/em>) Benedikt XVI. La oss alle sammen be om at Herren vil velsigne ham og Jomfru Maria v\u00e5ke over ham.<\/div>\n<div style=\"background-color: #f9f7f1; font-family: Georgia, Times, 'Times New Roman', serif; font-size: 14px; line-height: 1.5em; margin-bottom: 0.75em;\">\nLes resten&nbsp;<a href=\"http:\/\/www.katolsk.no\/nyheter\/2013\/03\/pavens-forste-ord-til-kirken-og-verden?fb_action_ids=516781181698937%2C516780791698976&amp;fb_action_types=og.likes&amp;fb_source=other_multiline&amp;action_object_map=%7B%22516781181698937%22%3A453924221345515%2C%22516780791698976%22%3A116935925162575%7D&amp;action_type_map=%7B%22516781181698937%22%3A%22og.likes%22%2C%22516780791698976%22%3A%22og.likes%22%7D&amp;action_ref_map=%5B%5D\" target=\"_blank\">her<\/a><\/div>\n<\/div>\n<\/div>\n<\/div>\n","protected":false},"excerpt":{"rendered":"<p>Pavens f\u00f8rste ord fra balkongen V\u00e5r nye hellige far, pave Frans, hilste de fremm\u00f8tte p\u00e5 Petersplassen i kveld med f\u00f8lgende ord: Br\u00f8dre og s\u00f8stre, god kveld!&nbsp;Dere vet at konklavets oppgave er \u00e5 gi en biskop til Roma. Det kan virke&#8230;<br \/><a class=\"read-more-button\" href=\"https:\/\/stansgar.katolsk.no\/?p=926\">Read more<\/a><\/p>\n","protected":false},"author":3,"featured_media":0,"comment_status":"open","ping_status":"open","sticky":false,"template":"","format":"standard","meta":{"footnotes":""},"categories":[1],"tags":[125],"class_list":["post-926","post","type-post","status-publish","format-standard","hentry","category-ukategorisert","tag-paven"],"_links":{"self":[{"href":"https:\/\/stansgar.katolsk.no\/index.php?rest_route=\/wp\/v2\/posts\/926","targetHints":{"allow":["GET"]}}],"collection":[{"href":"https:\/\/stansgar.katolsk.no\/index.php?rest_route=\/wp\/v2\/posts"}],"about":[{"href":"https:\/\/stansgar.katolsk.no\/index.php?rest_route=\/wp\/v2\/types\/post"}],"author":[{"embeddable":true,"href":"https:\/\/stansgar.katolsk.no\/index.php?rest_route=\/wp\/v2\/users\/3"}],"replies":[{"embeddable":true,"href":"https:\/\/stansgar.katolsk.no\/index.php?rest_route=%2Fwp%2Fv2%2Fcomments&post=926"}],"version-history":[{"count":1,"href":"https:\/\/stansgar.katolsk.no\/index.php?rest_route=\/wp\/v2\/posts\/926\/revisions"}],"predecessor-version":[{"id":2997,"href":"https:\/\/stansgar.katolsk.no\/index.php?rest_route=\/wp\/v2\/posts\/926\/revisions\/2997"}],"wp:attachment":[{"href":"https:\/\/stansgar.katolsk.no\/index.php?rest_route=%2Fwp%2Fv2%2Fmedia&parent=926"}],"wp:term":[{"taxonomy":"category","embeddable":true,"href":"https:\/\/stansgar.katolsk.no\/index.php?rest_route=%2Fwp%2Fv2%2Fcategories&post=926"},{"taxonomy":"post_tag","embeddable":true,"href":"https:\/\/stansgar.katolsk.no\/index.php?rest_route=%2Fwp%2Fv2%2Ftags&post=926"}],"curies":[{"name":"wp","href":"https:\/\/api.w.org\/{rel}","templated":true}]}}