{"id":925,"date":"2013-03-14T08:50:00","date_gmt":"2013-03-14T07:50:00","guid":{"rendered":"http:\/\/stansgar.katolsk.no\/index.php\/2013\/03\/14\/frste-dag-i-ny-jobb\/"},"modified":"2018-10-12T09:12:58","modified_gmt":"2018-10-12T07:12:58","slug":"frste-dag-i-ny-jobb","status":"publish","type":"post","link":"https:\/\/stansgar.katolsk.no\/?p=925","title":{"rendered":"F\u00f8rste dag i ny jobb"},"content":{"rendered":"<table align=\"center\" cellpadding=\"0\" cellspacing=\"0\" class=\"tr-caption-container\" style=\"margin-left: auto; margin-right: auto; text-align: center;\">\n<tbody>\n<tr>\n<td style=\"text-align: center;\"><a href=\"https:\/\/fbcdn-sphotos-a-a.akamaihd.net\/hphotos-ak-ash4\/389788_120777104776214_1370424901_n.jpg\" imageanchor=\"1\" style=\"margin-left: auto; margin-right: auto;\"><img loading=\"lazy\" decoding=\"async\" border=\"0\" height=\"320\" src=\"https:\/\/fbcdn-sphotos-a-a.akamaihd.net\/hphotos-ak-ash4\/389788_120777104776214_1370424901_n.jpg\" width=\"320\" \/><\/a><\/td>\n<\/tr>\n<tr>\n<td class=\"tr-caption\" style=\"text-align: center;\">Tre paver m\u00f8tes!<\/td>\n<\/tr>\n<\/tbody>\n<\/table>\n<p><strong style=\"background-color: #f9f7f1; font-family: Georgia, Times, 'Times New Roman', serif; font-size: 14px; line-height: 21px;\"><br \/><\/strong><br \/>\n<strong style=\"background-color: #f9f7f1; font-family: Georgia, Times, 'Times New Roman', serif; font-size: 14px; line-height: 21px;\">Noe av av det f\u00f8rste pave Frans gjorde, var \u00e5 ringe pave emeritus Benedikt XVI.&nbsp;<\/strong><\/p>\n<p>Torsdag 14.3 leder pave Frans avslutningsmessen for konklavet kl. 17.00. Se den direkte &nbsp;<a href=\"http:\/\/www.radiovaticana.va\/player\/index_fb.asp?language=en&amp;visualizzazione=VaticanTic&amp;Tic=VA_GFFAEQSO\" style=\"text-align: left;\" target=\"_blank\">her<\/a><\/p>\n<p>Fredag kl. 11holder han audiens for kardinalene i Sala Clementina<br \/>\nL\u00f8rdag kl. 11.00 holder han audiens for alle journalister og media som har dekket konklavet.<br \/>\nS\u00f8ndag kl. 12.00 leder han Angelus fra Peterplassen<\/p>\n<div style=\"text-align: left;\">\n<\/div>\n<p><a href=\"http:\/\/www.katolsk.no\/nyheter\/2013\/03\/fakta-om-pave-frans\" target=\"_blank\">Katolsk.no<\/a>&nbsp;har samlet en rekke fakta om v\u00e5r nye pave.<\/p>\n<div class=\"separator\" style=\"clear: both; text-align: center;\">\n<a href=\"https:\/\/fbcdn-sphotos-a-a.akamaihd.net\/hphotos-ak-ash4\/418918_595377087156326_548890470_n.jpg\" imageanchor=\"1\" style=\"margin-left: 1em; margin-right: 1em;\"><img loading=\"lazy\" decoding=\"async\" border=\"0\" height=\"225\" src=\"https:\/\/fbcdn-sphotos-a-a.akamaihd.net\/hphotos-ak-ash4\/418918_595377087156326_548890470_n.jpg\" width=\"400\" \/><\/a><\/div>\n<div class=\"separator\" style=\"clear: both; text-align: center;\">\n<\/div>\n<div class=\"separator\" style=\"clear: both; text-align: center;\">\n<\/div>\n<p><a href=\"http:\/\/www.news.va\/en\" target=\"_blank\">Vatikanets nyhetsbyr\u00e5<\/a>&nbsp;melder at pave Frans tidlig torsdag morgen uventet bes\u00f8kte kirken Santa Maria Maggiore, overraskende for &nbsp;barn p\u00e5 vei til skolen og \u00f8vrige beboere i omr\u00e5det. Paven kom sammen med prefekten for det pavelige hushold, msgr. George Gaenswein, og viseprefekt Leonardo Sapienzia. Pave ba ved basilikaens Mariaalter i en halvtime. Denne kirken er en av Romas viktigste Mariahelligdommer.<\/p>\n<div class=\"separator\" style=\"clear: both; text-align: center;\">\n<\/div>\n<div class=\"separator\" style=\"clear: both; text-align: center;\">\n<a href=\"http:\/\/upload.wikimedia.org\/wikipedia\/commons\/f\/fc\/Santa_Maria_Maggiore_(Rome)_frontview.jpg\" imageanchor=\"1\" style=\"margin-left: 1em; margin-right: 1em;\"><img loading=\"lazy\" decoding=\"async\" border=\"0\" height=\"266\" src=\"http:\/\/upload.wikimedia.org\/wikipedia\/commons\/f\/fc\/Santa_Maria_Maggiore_(Rome)_frontview.jpg\" width=\"400\" \/><\/a><\/div>\n<div style=\"text-align: left;\">\n<\/div>\n<div style=\"background-color: #f9f7f1; font-family: Georgia, Times, 'Times New Roman', serif; font-size: 14px; line-height: 1.5em; margin-bottom: 0.75em;\">\n<\/div>\n<div style=\"background-color: #f9f7f1; font-size: 14px; line-height: 1.5em; margin-bottom: 0.75em;\">\n<div style=\"text-indent: 40px;\">\n<\/div>\n<\/div>\n<p><\/p>\n","protected":false},"excerpt":{"rendered":"<p>Tre paver m\u00f8tes! Noe av av det f\u00f8rste pave Frans gjorde, var \u00e5 ringe pave emeritus Benedikt XVI.&nbsp; Torsdag 14.3 leder pave Frans avslutningsmessen for konklavet kl. 17.00. Se den direkte &nbsp;her Fredag kl. 11holder han audiens for kardinalene i&#8230;<br \/><a class=\"read-more-button\" href=\"https:\/\/stansgar.katolsk.no\/?p=925\">Read more<\/a><\/p>\n","protected":false},"author":3,"featured_media":0,"comment_status":"open","ping_status":"open","sticky":false,"template":"","format":"standard","meta":{"footnotes":""},"categories":[1],"tags":[125],"class_list":["post-925","post","type-post","status-publish","format-standard","hentry","category-ukategorisert","tag-paven"],"_links":{"self":[{"href":"https:\/\/stansgar.katolsk.no\/index.php?rest_route=\/wp\/v2\/posts\/925","targetHints":{"allow":["GET"]}}],"collection":[{"href":"https:\/\/stansgar.katolsk.no\/index.php?rest_route=\/wp\/v2\/posts"}],"about":[{"href":"https:\/\/stansgar.katolsk.no\/index.php?rest_route=\/wp\/v2\/types\/post"}],"author":[{"embeddable":true,"href":"https:\/\/stansgar.katolsk.no\/index.php?rest_route=\/wp\/v2\/users\/3"}],"replies":[{"embeddable":true,"href":"https:\/\/stansgar.katolsk.no\/index.php?rest_route=%2Fwp%2Fv2%2Fcomments&post=925"}],"version-history":[{"count":1,"href":"https:\/\/stansgar.katolsk.no\/index.php?rest_route=\/wp\/v2\/posts\/925\/revisions"}],"predecessor-version":[{"id":2996,"href":"https:\/\/stansgar.katolsk.no\/index.php?rest_route=\/wp\/v2\/posts\/925\/revisions\/2996"}],"wp:attachment":[{"href":"https:\/\/stansgar.katolsk.no\/index.php?rest_route=%2Fwp%2Fv2%2Fmedia&parent=925"}],"wp:term":[{"taxonomy":"category","embeddable":true,"href":"https:\/\/stansgar.katolsk.no\/index.php?rest_route=%2Fwp%2Fv2%2Fcategories&post=925"},{"taxonomy":"post_tag","embeddable":true,"href":"https:\/\/stansgar.katolsk.no\/index.php?rest_route=%2Fwp%2Fv2%2Ftags&post=925"}],"curies":[{"name":"wp","href":"https:\/\/api.w.org\/{rel}","templated":true}]}}