{"id":9242,"date":"2021-08-22T10:01:59","date_gmt":"2021-08-22T08:01:59","guid":{"rendered":"https:\/\/stansgar.katolsk.no\/?p=9242"},"modified":"2021-08-20T14:19:23","modified_gmt":"2021-08-20T12:19:23","slug":"kunngjoringer-sondag-22-august-2021","status":"publish","type":"post","link":"https:\/\/stansgar.katolsk.no\/?p=9242","title":{"rendered":"KUNNGJ\u00d8RINGER S\u00d8NDAG 22. AUGUST 2021"},"content":{"rendered":"<table width=\"624\">\n<tbody>\n<tr>\n<td width=\"79\">Tirsdag<\/td>\n<td colspan=\"2\" width=\"79\">24.08.<\/td>\n<td width=\"31\">kl.<\/p>\n<p>&nbsp;<\/p>\n<p>kl.<\/td>\n<td width=\"53\">17.30<\/p>\n<p>&nbsp;<\/p>\n<p>18.00<\/td>\n<td width=\"382\">Vesper<\/p>\n<p>Fest: Den hellige Bartolomeus \u2013 Apostel<\/p>\n<p>Messe &#8211; etterfulgt av sakramentstilbedelse.<\/td>\n<\/tr>\n<tr>\n<td width=\"79\">Onsdag<\/td>\n<td colspan=\"2\" width=\"79\">25.08.<\/td>\n<td width=\"31\">kl.<\/td>\n<td width=\"53\">18.00<\/td>\n<td width=\"382\">Messe<\/td>\n<\/tr>\n<tr>\n<td width=\"79\">Torsdag<\/td>\n<td colspan=\"2\" width=\"79\">26.08.<\/td>\n<td width=\"31\">kl.<\/td>\n<td width=\"53\">18.00<\/td>\n<td width=\"382\">Messe- I Polen h\u00f8ytid -Jomfru Maria av Czestochowa<\/td>\n<\/tr>\n<tr>\n<td width=\"79\">Fredag<\/td>\n<td colspan=\"2\" width=\"79\">27.08.<\/td>\n<td width=\"31\">kl.<\/td>\n<td width=\"53\">18.00<\/td>\n<td width=\"382\">Messe &#8211; Den hellige Monika<\/td>\n<\/tr>\n<tr>\n<td width=\"79\">L\u00f8rdag<\/td>\n<td colspan=\"2\" width=\"79\">28.08.<\/td>\n<td width=\"31\">kl.<\/p>\n<p>kl.<\/p>\n<p>kl.<\/td>\n<td width=\"53\">12.30<\/p>\n<p>13.00<\/p>\n<p>18.00<\/td>\n<td width=\"382\">Rosenkransandakt<\/p>\n<p>Messe<\/p>\n<p>Messe p\u00e5 polsk<\/td>\n<\/tr>\n<tr>\n<td colspan=\"6\" width=\"624\">S\u00f8ndag&nbsp;&nbsp;&nbsp;&nbsp;&nbsp;&nbsp;&nbsp; 29.08.&nbsp;&nbsp;&nbsp;&nbsp;&nbsp; 22. S\u00d8NDAG I DET ALMINNELIGE KIRKE\u00c5R<\/td>\n<\/tr>\n<tr>\n<td colspan=\"2\" width=\"155\">&nbsp;<\/p>\n<p>&nbsp;<\/p>\n<p>&nbsp;<\/td>\n<td colspan=\"2\" width=\"33\">kl.<\/p>\n<p>kl.<\/p>\n<p>kl.<\/td>\n<td width=\"53\">09.00<\/p>\n<p>11.00<\/p>\n<p>13.00<\/td>\n<td width=\"382\">Messe p\u00e5 polsk<\/p>\n<p>Messe p\u00e5 norsk (ogs\u00e5 direktesendt)&nbsp;<\/p>\n<p>Messe p\u00e5 vietnamesisk<\/td>\n<\/tr>\n<\/tbody>\n<\/table>\n<p><strong>Annet:<\/strong><\/p>\n<p><strong>1) Konfirmasjonsmesser<\/strong><\/p>\n<p>L\u00f8rdag 4. september er det messer kl. 10.00 og kl. 13.00 i Lund kirke for \u00e5 meddele konfirmasjonens sakrament. Messene er reservert kun for konfirmantene og deres familier. Be for v\u00e5re konfirmanter!<\/p>\n<p>Vi minner om forberedelse til konfirmasjonen onsdag 1. september fra kl. 15.30 \u2013 18.30. Ta med matpakke.<br \/>\n&nbsp;<\/p>\n<p><strong>2)<\/strong> <strong>Oppstart av katekese\u00e5ret 2021\/2022<\/strong><\/p>\n<p>Det er sendt ut e-post om katekeseoppstart til foreldre til barn som gikk i katekesen sist katekese\u00e5r, Brev er ogs\u00e5 sendt med posten til foreldre til barn og ungdommer i 1., 3., 8. trinn. Brevene om katekeseoppstart er ogs\u00e5 lagt ut p\u00e5 menighetens nettside under fanen katekese.<\/p>\n<p>Vi er glade for at vi kan ha fysisk katekese igjen. P\u00e5 grunn av smitteverntiltak er katekesen ogs\u00e5 i \u00e5r delt i to l\u00f8rdager, de to f\u00f8rste l\u00f8rdagene i m\u00e5neden. Men i september er katekesen l\u00f8rdag 11. og l\u00f8rdag 18. september fordi det er konfirmasjon i menigheten l\u00f8rdag 4. september.<\/p>\n<p><span style=\"text-decoration: line-through;\">&nbsp;<\/span><\/p>\n<p><strong>3)<\/strong> <strong>Oppstart av konfirmasjonskurs for f\u00f8rste\u00e5rskonfirmanter<\/strong><\/p>\n<p>Vi inviterer ungdommer som \u00f8nsker \u00e5 f\u00e5 konfirmasjonens sakrament i 2022 til et konfirmasjonskurs som starter 18. september. Konfirmasjonskurset varer i to \u00e5r. Ungdommer som g\u00e5r i 9. og 10. trinn p\u00e5 grunnskolen m\u00e5 ogs\u00e5 begynne p\u00e5 konfirmasjonskurs for f\u00f8rste\u00e5rskonfirmanter.<\/p>\n<p>Siste frist for \u00e5 begynne p\u00e5 dette konfirmasjonskurset er l\u00f8rdag 2. oktober. Etter 2. oktober tar vi ikke imot nye konfirmantkandidater. Det betyr at de m\u00e5 vente til september 2022 for \u00e5 begynne p\u00e5 konfirmasjonskurset for f\u00f8rste\u00e5rskonfirmanter.<\/p>\n<p>&nbsp;<\/p>\n<p style=\"text-align: center;\"><strong>\u00d8nsker dere en riktig god s\u00f8ndag!<\/strong><\/p>\n<p>&nbsp;<\/p>\n","protected":false},"excerpt":{"rendered":"<p>Tirsdag 24.08. kl. &nbsp; kl. 17.30 &nbsp; 18.00 Vesper Fest: Den hellige Bartolomeus \u2013 Apostel Messe &#8211; etterfulgt av sakramentstilbedelse. Onsdag 25.08. kl. 18.00 Messe Torsdag 26.08. kl. 18.00 Messe- I Polen h\u00f8ytid -Jomfru Maria av Czestochowa Fredag 27.08. kl&#8230;.<br \/><a class=\"read-more-button\" href=\"https:\/\/stansgar.katolsk.no\/?p=9242\">Read more<\/a><\/p>\n","protected":false},"author":1,"featured_media":0,"comment_status":"open","ping_status":"open","sticky":false,"template":"","format":"standard","meta":{"footnotes":""},"categories":[482],"tags":[],"class_list":["post-9242","post","type-post","status-publish","format-standard","hentry","category-kunngjoringer"],"_links":{"self":[{"href":"https:\/\/stansgar.katolsk.no\/index.php?rest_route=\/wp\/v2\/posts\/9242","targetHints":{"allow":["GET"]}}],"collection":[{"href":"https:\/\/stansgar.katolsk.no\/index.php?rest_route=\/wp\/v2\/posts"}],"about":[{"href":"https:\/\/stansgar.katolsk.no\/index.php?rest_route=\/wp\/v2\/types\/post"}],"author":[{"embeddable":true,"href":"https:\/\/stansgar.katolsk.no\/index.php?rest_route=\/wp\/v2\/users\/1"}],"replies":[{"embeddable":true,"href":"https:\/\/stansgar.katolsk.no\/index.php?rest_route=%2Fwp%2Fv2%2Fcomments&post=9242"}],"version-history":[{"count":3,"href":"https:\/\/stansgar.katolsk.no\/index.php?rest_route=\/wp\/v2\/posts\/9242\/revisions"}],"predecessor-version":[{"id":9245,"href":"https:\/\/stansgar.katolsk.no\/index.php?rest_route=\/wp\/v2\/posts\/9242\/revisions\/9245"}],"wp:attachment":[{"href":"https:\/\/stansgar.katolsk.no\/index.php?rest_route=%2Fwp%2Fv2%2Fmedia&parent=9242"}],"wp:term":[{"taxonomy":"category","embeddable":true,"href":"https:\/\/stansgar.katolsk.no\/index.php?rest_route=%2Fwp%2Fv2%2Fcategories&post=9242"},{"taxonomy":"post_tag","embeddable":true,"href":"https:\/\/stansgar.katolsk.no\/index.php?rest_route=%2Fwp%2Fv2%2Ftags&post=9242"}],"curies":[{"name":"wp","href":"https:\/\/api.w.org\/{rel}","templated":true}]}}