{"id":923,"date":"2013-03-14T18:58:00","date_gmt":"2013-03-14T17:58:00","guid":{"rendered":"http:\/\/stansgar.katolsk.no\/index.php\/2013\/03\/14\/messe-pa-fransk\/"},"modified":"2018-10-12T09:12:58","modified_gmt":"2018-10-12T07:12:58","slug":"messe-pa-fransk","status":"publish","type":"post","link":"https:\/\/stansgar.katolsk.no\/?p=923","title":{"rendered":"Messe p\u00e5 fransk"},"content":{"rendered":"<p><a href=\"http:\/\/www.katolsk.no\/biografier\/innenriks\/zlinzuwa\/zephyrin-ligopi-linzuwa-foto1\" imageanchor=\"1\" style=\"clear: right; float: right; margin-bottom: 1em; margin-left: 1em;\"><img loading=\"lazy\" decoding=\"async\" border=\"0\" height=\"320\" src=\"http:\/\/www.katolsk.no\/biografier\/innenriks\/zlinzuwa\/zephyrin-ligopi-linzuwa-foto1\" width=\"240\" \/><\/a><b style=\"background-color: white; color: #222222; font-family: Times, 'Times New Roman', serif; font-size: 19px; line-height: 21px;\"><\/b><br \/>\n<b style=\"background-color: white; color: #222222; font-family: Times, 'Times New Roman', serif; font-size: 19px; line-height: 21px;\"><b style=\"background-color: white; color: #222222; font-family: Times, 'Times New Roman', serif; font-size: 19px; line-height: 21px;\"><br \/><\/b><\/b><br \/>\n<b style=\"background-color: white; color: #222222; font-family: Times, 'Times New Roman', serif; font-size: 19px; line-height: 21px;\"><b style=\"background-color: white; color: #222222; font-family: Times, 'Times New Roman', serif; font-size: 19px; line-height: 21px;\"><br \/><\/b><\/b><br \/>\n<b style=\"background-color: white; color: #222222; font-family: Times, 'Times New Roman', serif; font-size: 19px; line-height: 21px;\"><b style=\"background-color: white; color: #222222; font-family: Times, 'Times New Roman', serif; font-size: 19px; line-height: 21px;\"><br \/><\/b><\/b><br \/>\n<b style=\"background-color: white; color: #222222; font-family: Times, 'Times New Roman', serif; font-size: 19px; line-height: 21px;\">L\u00f8rdag 16. mars<\/b>&nbsp;er det messe p\u00e5 fransk kl 16.&nbsp;<\/p>\n<p>Fader Zephyrin snakker ogs\u00e5 spansk og norsk&nbsp;<br \/>\nog er tilgjengelig for skriftem\u00e5l fra kl 15.<\/p>\n","protected":false},"excerpt":{"rendered":"<p>L\u00f8rdag 16. mars&nbsp;er det messe p\u00e5 fransk kl 16.&nbsp; Fader Zephyrin snakker ogs\u00e5 spansk og norsk&nbsp; og er tilgjengelig for skriftem\u00e5l fra kl 15.<\/p>\n","protected":false},"author":3,"featured_media":0,"comment_status":"open","ping_status":"open","sticky":false,"template":"","format":"standard","meta":{"footnotes":""},"categories":[1],"tags":[83,52,87],"class_list":["post-923","post","type-post","status-publish","format-standard","hentry","category-ukategorisert","tag-fransk","tag-messe","tag-skriftemal"],"_links":{"self":[{"href":"https:\/\/stansgar.katolsk.no\/index.php?rest_route=\/wp\/v2\/posts\/923","targetHints":{"allow":["GET"]}}],"collection":[{"href":"https:\/\/stansgar.katolsk.no\/index.php?rest_route=\/wp\/v2\/posts"}],"about":[{"href":"https:\/\/stansgar.katolsk.no\/index.php?rest_route=\/wp\/v2\/types\/post"}],"author":[{"embeddable":true,"href":"https:\/\/stansgar.katolsk.no\/index.php?rest_route=\/wp\/v2\/users\/3"}],"replies":[{"embeddable":true,"href":"https:\/\/stansgar.katolsk.no\/index.php?rest_route=%2Fwp%2Fv2%2Fcomments&post=923"}],"version-history":[{"count":1,"href":"https:\/\/stansgar.katolsk.no\/index.php?rest_route=\/wp\/v2\/posts\/923\/revisions"}],"predecessor-version":[{"id":2995,"href":"https:\/\/stansgar.katolsk.no\/index.php?rest_route=\/wp\/v2\/posts\/923\/revisions\/2995"}],"wp:attachment":[{"href":"https:\/\/stansgar.katolsk.no\/index.php?rest_route=%2Fwp%2Fv2%2Fmedia&parent=923"}],"wp:term":[{"taxonomy":"category","embeddable":true,"href":"https:\/\/stansgar.katolsk.no\/index.php?rest_route=%2Fwp%2Fv2%2Fcategories&post=923"},{"taxonomy":"post_tag","embeddable":true,"href":"https:\/\/stansgar.katolsk.no\/index.php?rest_route=%2Fwp%2Fv2%2Ftags&post=923"}],"curies":[{"name":"wp","href":"https:\/\/api.w.org\/{rel}","templated":true}]}}