{"id":9212,"date":"2021-08-15T10:01:20","date_gmt":"2021-08-15T08:01:20","guid":{"rendered":"https:\/\/stansgar.katolsk.no\/?p=9212"},"modified":"2021-08-13T13:44:51","modified_gmt":"2021-08-13T11:44:51","slug":"kunngjoringer-sondag-15-august-2021","status":"publish","type":"post","link":"https:\/\/stansgar.katolsk.no\/?p=9212","title":{"rendered":"KUNNGJ\u00d8RINGER S\u00d8NDAG 15. AUGUST 2021"},"content":{"rendered":"<table width=\"624\">\n<tbody>\n<tr style=\"height: 78px;\">\n<td style=\"height: 78px;\" width=\"79\">Tirsdag<\/td>\n<td style=\"height: 78px;\" colspan=\"2\" width=\"79\">17.08.<\/td>\n<td style=\"height: 78px;\" width=\"31\">kl.<\/p>\n<p>kl.<\/td>\n<td style=\"height: 78px;\" width=\"53\">17.30<\/p>\n<p>18.00<\/td>\n<td style=\"height: 78px;\" width=\"382\">Vesper<\/p>\n<p>Messe &#8211; etterfulgt av sakramentstilbedelse.<\/td>\n<\/tr>\n<tr style=\"height: 39px;\">\n<td style=\"height: 39px;\" width=\"79\">Onsdag<\/td>\n<td style=\"height: 39px;\" colspan=\"2\" width=\"79\">18.08.<\/td>\n<td style=\"height: 39px;\" width=\"31\">kl.<\/td>\n<td style=\"height: 39px;\" width=\"53\">18.00<\/td>\n<td style=\"height: 39px;\" width=\"382\">Messe<\/td>\n<\/tr>\n<tr style=\"height: 39px;\">\n<td style=\"height: 39px;\" width=\"79\">Torsdag<\/td>\n<td style=\"height: 39px;\" colspan=\"2\" width=\"79\">19.08.<\/td>\n<td style=\"height: 39px;\" width=\"31\">kl.<\/td>\n<td style=\"height: 39px;\" width=\"53\">18.00<\/td>\n<td style=\"height: 39px;\" width=\"382\">Messe<\/td>\n<\/tr>\n<tr style=\"height: 39px;\">\n<td style=\"height: 39px;\" width=\"79\">Fredag<\/td>\n<td style=\"height: 39px;\" colspan=\"2\" width=\"79\">20.08.<\/td>\n<td style=\"height: 39px;\" width=\"31\">kl.<\/td>\n<td style=\"height: 39px;\" width=\"53\">18.00<\/td>\n<td style=\"height: 39px;\" width=\"382\">Messe &#8211; Den hellige Bernhard av Clairvaux<\/td>\n<\/tr>\n<tr style=\"height: 117px;\">\n<td style=\"height: 117px;\" width=\"79\">L\u00f8rdag<\/td>\n<td style=\"height: 117px;\" colspan=\"2\" width=\"79\">21.08.<\/td>\n<td style=\"height: 117px;\" width=\"31\">kl.<\/p>\n<p>kl.<\/p>\n<p>kl.<\/td>\n<td style=\"height: 117px;\" width=\"53\">11.00<\/p>\n<p>13.00<\/p>\n<p>18.00<\/td>\n<td style=\"height: 117px;\" width=\"382\">Messe for 1. Hellige Kommunion (gruppe 1)<\/p>\n<p>Messe for 1. Hellige Kommunion (gruppe 2)<\/p>\n<p>Messe p\u00e5 polsk<\/td>\n<\/tr>\n<tr style=\"height: 39px;\">\n<td style=\"height: 39px;\" colspan=\"6\" width=\"624\">S\u00f8ndag&nbsp;&nbsp;&nbsp;&nbsp;&nbsp;&nbsp;&nbsp; 22.08.&nbsp;&nbsp;&nbsp;&nbsp;&nbsp; 21. S\u00d8NDAG I DET ALMINNELIGE KIRKE\u00c5R<\/td>\n<\/tr>\n<tr style=\"height: 117px;\">\n<td style=\"height: 117px;\" colspan=\"2\" width=\"155\">&nbsp;<\/p>\n<p>&nbsp;<\/p>\n<p>&nbsp;<\/td>\n<td style=\"height: 117px;\" colspan=\"2\" width=\"33\">kl.<\/p>\n<p>kl.<\/p>\n<p>kl.<\/td>\n<td style=\"height: 117px;\" width=\"53\">09.00<\/p>\n<p>11.00<\/p>\n<p>13.00<\/td>\n<td style=\"height: 117px;\" width=\"382\">Messe p\u00e5 polsk<\/p>\n<p>Messe p\u00e5 norsk (ogs\u00e5 direktesendt)&nbsp;<\/p>\n<p>Messe p\u00e5 vietnamesisk<\/td>\n<\/tr>\n<\/tbody>\n<\/table>\n<p><strong>Annet:<\/strong><\/p>\n<ul>\n<li>Torsdag 19.08. kl. 18.45 er det troskurs.<\/li>\n<\/ul>\n<ul>\n<li>F\u00f8rste Hellige Kommunion i \u00e5r er l\u00f8rdag 21.08.<\/li>\n<\/ul>\n<p>26 barn i v\u00e5r menighet har 1. kommunionsfest l\u00f8rdag 21.08. P\u00e5 l\u00f8rdag er messene<br \/>\nkl. 11.00 og kl. 13.00 reserverte for barna og deres familier.<\/p>\n<p>L\u00f8rdag 21. august m\u00f8ter gruppe 1 klokka 10.45 og gruppe 2 klokka 12.45.<\/p>\n<p>Forberedelser til 1. Hellige Kommunion er torsdag 19. august fra klokka 16.30 til 19.15.<\/p>\n<p>Vi ber for barna som skal motta F\u00f8rste Hellige Kommunion og familiene deres.<\/p>\n<p><strong>&nbsp;<\/strong><\/p>\n<p style=\"text-align: center;\"><strong>\u00d8nsker dere en riktig god s\u00f8ndag!<\/strong><\/p>\n<p><strong>&nbsp;<\/strong><\/p>\n","protected":false},"excerpt":{"rendered":"<p>Tirsdag 17.08. kl. kl. 17.30 18.00 Vesper Messe &#8211; etterfulgt av sakramentstilbedelse. Onsdag 18.08. kl. 18.00 Messe Torsdag 19.08. kl. 18.00 Messe Fredag 20.08. kl. 18.00 Messe &#8211; Den hellige Bernhard av Clairvaux L\u00f8rdag 21.08. kl. kl. kl. 11.00 13.00&#8230;<br \/><a class=\"read-more-button\" href=\"https:\/\/stansgar.katolsk.no\/?p=9212\">Read more<\/a><\/p>\n","protected":false},"author":1,"featured_media":0,"comment_status":"open","ping_status":"open","sticky":false,"template":"","format":"standard","meta":{"footnotes":""},"categories":[482],"tags":[],"class_list":["post-9212","post","type-post","status-publish","format-standard","hentry","category-kunngjoringer"],"_links":{"self":[{"href":"https:\/\/stansgar.katolsk.no\/index.php?rest_route=\/wp\/v2\/posts\/9212","targetHints":{"allow":["GET"]}}],"collection":[{"href":"https:\/\/stansgar.katolsk.no\/index.php?rest_route=\/wp\/v2\/posts"}],"about":[{"href":"https:\/\/stansgar.katolsk.no\/index.php?rest_route=\/wp\/v2\/types\/post"}],"author":[{"embeddable":true,"href":"https:\/\/stansgar.katolsk.no\/index.php?rest_route=\/wp\/v2\/users\/1"}],"replies":[{"embeddable":true,"href":"https:\/\/stansgar.katolsk.no\/index.php?rest_route=%2Fwp%2Fv2%2Fcomments&post=9212"}],"version-history":[{"count":1,"href":"https:\/\/stansgar.katolsk.no\/index.php?rest_route=\/wp\/v2\/posts\/9212\/revisions"}],"predecessor-version":[{"id":9213,"href":"https:\/\/stansgar.katolsk.no\/index.php?rest_route=\/wp\/v2\/posts\/9212\/revisions\/9213"}],"wp:attachment":[{"href":"https:\/\/stansgar.katolsk.no\/index.php?rest_route=%2Fwp%2Fv2%2Fmedia&parent=9212"}],"wp:term":[{"taxonomy":"category","embeddable":true,"href":"https:\/\/stansgar.katolsk.no\/index.php?rest_route=%2Fwp%2Fv2%2Fcategories&post=9212"},{"taxonomy":"post_tag","embeddable":true,"href":"https:\/\/stansgar.katolsk.no\/index.php?rest_route=%2Fwp%2Fv2%2Ftags&post=9212"}],"curies":[{"name":"wp","href":"https:\/\/api.w.org\/{rel}","templated":true}]}}