{"id":920,"date":"2013-03-16T20:26:00","date_gmt":"2013-03-16T19:26:00","guid":{"rendered":"http:\/\/stansgar.katolsk.no\/index.php\/2013\/03\/16\/flere-messer-pa-polsk\/"},"modified":"2018-10-12T09:12:57","modified_gmt":"2018-10-12T07:12:57","slug":"flere-messer-pa-polsk","status":"publish","type":"post","link":"https:\/\/stansgar.katolsk.no\/?p=920","title":{"rendered":"Flere messer p\u00e5 polsk."},"content":{"rendered":"<div class=\"separator\" style=\"clear: both; text-align: center;\">\n<a href=\"http:\/\/www.katolsk.no\/biografier\/innenriks\/msemla\/foto\/foto1.jpg\/image_mini\" imageanchor=\"1\" style=\"clear: right; float: right; margin-bottom: 1em; margin-left: 1em;\"><img decoding=\"async\" border=\"0\" src=\"http:\/\/www.katolsk.no\/biografier\/innenriks\/msemla\/foto\/foto1.jpg\/image_mini\" \/><\/a><\/div>\n<div style=\"background-color: white;\">\nPoniewaz parafia ma nowego polskiego &nbsp;ksiedza ktorym jest ojciec Mariusz Semla, moze byc odprawionych wiecej mszy w jezyku polskim.<\/div>\n<div style=\"background-color: white;\">\nW przyszlosci msze w jezyku polskim beda odprawiane rowniez &nbsp;w inny miejscowosciah poza Kristiansand.<\/div>\n<div style=\"background-color: white; color: #222222; font-family: arial, sans-serif; font-size: 13px;\">\n&nbsp;<\/div>\n<div>\nFLEKKEFJORD- 3 Niedziela miesiaca, godz 14 .00&nbsp; msza w jezyku polskim<\/div>\n<div>\nMANDAL- 4 niedziela miesiaca godz 14.00 msza w jezyku polskim<\/div>\n<p>\nSiden menigheten har f\u00e5tt en polsk kapellan, p. Mariusz Semla, kan det feires enda flere messer p\u00e5 polsk.<\/p>\n<div style=\"font-family: Times,&quot;Times New Roman&quot;,serif;\">\nFremover feires det messer p\u00e5 polsk ogs\u00e5 andre steder enn i Kristiansand.<\/div>\n<div style=\"font-family: Times,&quot;Times New Roman&quot;,serif;\">\n<\/div>\n<div style=\"font-family: Times,&quot;Times New Roman&quot;,serif;\">\nHver 3. s\u00f8ndag i m\u00e5neden i Flekkefjord, Nygaten 7 kl. 14.<\/div>\n<p>Hver 4. s\u00f8ndag i m\u00e5neden i Mandal, p\u00e5 Stella Maris,&nbsp; kl. 14.00 <\/p>\n<p><\/p>\n<div>\n<\/div>\n","protected":false},"excerpt":{"rendered":"<p>Poniewaz parafia ma nowego polskiego &nbsp;ksiedza ktorym jest ojciec Mariusz Semla, moze byc odprawionych wiecej mszy w jezyku polskim. W przyszlosci msze w jezyku polskim beda odprawiane rowniez &nbsp;w inny miejscowosciah poza Kristiansand. &nbsp; FLEKKEFJORD- 3 Niedziela miesiaca, godz 14&#8230;<br \/><a class=\"read-more-button\" href=\"https:\/\/stansgar.katolsk.no\/?p=920\">Read more<\/a><\/p>\n","protected":false},"author":3,"featured_media":0,"comment_status":"open","ping_status":"open","sticky":false,"template":"","format":"standard","meta":{"footnotes":""},"categories":[1],"tags":[52,15],"class_list":["post-920","post","type-post","status-publish","format-standard","hentry","category-ukategorisert","tag-messe","tag-polsk"],"_links":{"self":[{"href":"https:\/\/stansgar.katolsk.no\/index.php?rest_route=\/wp\/v2\/posts\/920","targetHints":{"allow":["GET"]}}],"collection":[{"href":"https:\/\/stansgar.katolsk.no\/index.php?rest_route=\/wp\/v2\/posts"}],"about":[{"href":"https:\/\/stansgar.katolsk.no\/index.php?rest_route=\/wp\/v2\/types\/post"}],"author":[{"embeddable":true,"href":"https:\/\/stansgar.katolsk.no\/index.php?rest_route=\/wp\/v2\/users\/3"}],"replies":[{"embeddable":true,"href":"https:\/\/stansgar.katolsk.no\/index.php?rest_route=%2Fwp%2Fv2%2Fcomments&post=920"}],"version-history":[{"count":1,"href":"https:\/\/stansgar.katolsk.no\/index.php?rest_route=\/wp\/v2\/posts\/920\/revisions"}],"predecessor-version":[{"id":2990,"href":"https:\/\/stansgar.katolsk.no\/index.php?rest_route=\/wp\/v2\/posts\/920\/revisions\/2990"}],"wp:attachment":[{"href":"https:\/\/stansgar.katolsk.no\/index.php?rest_route=%2Fwp%2Fv2%2Fmedia&parent=920"}],"wp:term":[{"taxonomy":"category","embeddable":true,"href":"https:\/\/stansgar.katolsk.no\/index.php?rest_route=%2Fwp%2Fv2%2Fcategories&post=920"},{"taxonomy":"post_tag","embeddable":true,"href":"https:\/\/stansgar.katolsk.no\/index.php?rest_route=%2Fwp%2Fv2%2Ftags&post=920"}],"curies":[{"name":"wp","href":"https:\/\/api.w.org\/{rel}","templated":true}]}}