{"id":914,"date":"2013-03-19T20:10:00","date_gmt":"2013-03-19T19:10:00","guid":{"rendered":"http:\/\/stansgar.katolsk.no\/index.php\/2013\/03\/19\/den-stille-uke-og-pasken-2013\/"},"modified":"2018-10-12T09:12:57","modified_gmt":"2018-10-12T07:12:57","slug":"den-stille-uke-og-pasken-2013","status":"publish","type":"post","link":"https:\/\/stansgar.katolsk.no\/?p=914","title":{"rendered":"Den stille uke og p\u00e5sken 2013"},"content":{"rendered":"<p><\/p>\n<div class=\"separator\" style=\"clear: both; text-align: center;\">\n<a href=\"http:\/\/www.santiebeati.it\/immagini\/Original\/20254\/20254G.JPG\" imageanchor=\"1\" style=\"clear: left; float: left; margin-bottom: 1em; margin-right: 1em;\"><img loading=\"lazy\" decoding=\"async\" border=\"0\" height=\"400\" src=\"http:\/\/www.santiebeati.it\/immagini\/Original\/20254\/20254G.JPG\" width=\"267\" \/><\/a><\/div>\n<div align=\"left\" class=\"MsoNormal\" style=\"background-color: white; color: #222222; margin: 0cm 0cm 0.0001pt; text-align: left; text-indent: 0cm;\">\n<\/div>\n<div align=\"left\" class=\"MsoNormal\" style=\"background-color: white; color: #222222; font-size: 13px; margin: 0cm 0cm 0.0001pt; text-align: left; text-indent: 0cm;\">\n<\/div>\n<div align=\"left\" class=\"MsoNormal\" style=\"background-color: white; color: #222222; font-size: 13px; margin: 0cm 0cm 0.0001pt; text-align: left; text-indent: 0cm;\">\n<\/div>\n<div align=\"left\" class=\"MsoNormal\" style=\"background-color: white; color: #222222; font-size: 13px; margin: 0cm 0cm 0.0001pt; text-align: left; text-indent: 0cm;\">\n<\/div>\n<div align=\"left\" class=\"MsoNormal\" style=\"background-color: white; color: #222222; font-size: 13px; margin: 0cm 0cm 0.0001pt; text-align: left; text-indent: 0cm;\">\n<\/div>\n<div align=\"left\" class=\"MsoNormal\" style=\"background-color: white; color: #222222; font-size: 13px; margin: 0cm 0cm 0.0001pt; text-align: left; text-indent: 0cm;\">\n<b>Palmes\u00f8ndag 24. mars<\/b><u><\/u><u><\/u><\/div>\n<div align=\"left\" class=\"MsoNormal\" style=\"background-color: white; color: #222222; font-size: 13px; margin: 0cm 0cm 0.0001pt; text-align: left; text-indent: 0cm;\">\nkl. 9.30 &nbsp;&nbsp;&nbsp;&nbsp;&nbsp;&nbsp;&nbsp; Messe p\u00e5 polsk<u><\/u><u><\/u><\/div>\n<div align=\"left\" class=\"MsoNormal\" style=\"background-color: white; color: #222222; font-size: 13px; margin: 0cm 0cm 0.0001pt; text-align: left; text-indent: 0cm;\">\nkl 11.00&nbsp;&nbsp;&nbsp;&nbsp;&nbsp;&nbsp;&nbsp; Palmevigsel, prosesjon og h\u00f8ymesse p\u00e5 norsk<u><\/u><u><\/u><\/div>\n<div align=\"left\" class=\"MsoNormal\" style=\"background-color: white; color: #222222; font-size: 13px; margin: 0cm 0cm 0.0001pt; text-align: left; text-indent: 0cm;\">\nkl.13.00&nbsp;&nbsp;&nbsp;&nbsp;&nbsp;&nbsp;&nbsp; Palmevigsel, prosesjon og h\u00f8ymesse p\u00e5 vietnamesisk<u><\/u><u><\/u><\/div>\n<div align=\"left\" class=\"MsoNormal\" style=\"background-color: white; color: #222222; font-size: 13px; margin: 0cm 0cm 0.0001pt; text-align: left; text-indent: 0cm;\">\nKl.18.00&nbsp;&nbsp;&nbsp;&nbsp;&nbsp;&nbsp;&nbsp; Messe p\u00e5 engelsk<u><\/u><u><\/u><\/div>\n<div align=\"left\" class=\"MsoNormal\" style=\"background-color: white; color: #222222; font-size: 13px; margin: 0cm 0cm 0.0001pt; text-align: left; text-indent: 0cm;\">\n<\/div>\n<div align=\"left\" class=\"MsoNormal\" style=\"background-color: white; color: #222222; font-size: 13px; margin: 0cm 0cm 0.0001pt; text-align: left; text-indent: 0cm;\">\n<\/div>\n<div align=\"left\" class=\"MsoNormal\" style=\"background-color: white; color: #222222; font-size: 13px; margin: 0cm 0cm 0.0001pt; text-align: left; text-indent: 0cm;\">\n<\/div>\n<div align=\"left\" class=\"MsoNormal\" style=\"background-color: white; color: #222222; font-size: 13px; margin: 0cm 0cm 0.0001pt; text-align: left; text-indent: 0cm;\">\n<\/div>\n<div align=\"left\" class=\"MsoNormal\" style=\"background-color: white; color: #222222; font-size: 13px; margin: 0cm 0cm 0.0001pt; text-align: left; text-indent: 0cm;\">\n<\/div>\n<div align=\"left\" class=\"MsoNormal\" style=\"background-color: white; color: #222222; font-size: 13px; margin: 0cm 0cm 0.0001pt; text-align: left; text-indent: 0cm;\">\n<\/div>\n<div align=\"left\" class=\"MsoNormal\" style=\"background-color: white; color: #222222; font-size: 13px; margin: 0cm 0cm 0.0001pt; text-align: left; text-indent: 0cm;\">\n<\/div>\n<div align=\"left\" class=\"MsoNormal\" style=\"background-color: white; color: #222222; font-size: 13px; margin: 0cm 0cm 0.0001pt; text-align: left; text-indent: 0cm;\">\n<\/div>\n<div align=\"left\" class=\"MsoNormal\" style=\"background-color: white; color: #222222; font-size: 13px; margin: 0cm 0cm 0.0001pt; text-align: left; text-indent: 0cm;\">\n<b>Mandag i den stille uke 25 mars<\/b><u><\/u><u><\/u><\/div>\n<div align=\"left\" class=\"MsoNormal\" style=\"background-color: white; color: #222222; font-size: 13px; margin: 0cm 0cm 0.0001pt; text-align: left; text-indent: 0cm;\">\nkl.18.00&nbsp;&nbsp;&nbsp;&nbsp;&nbsp;&nbsp;&nbsp; Messe p\u00e5 norsk<u><\/u><u><\/u><\/div>\n<div align=\"left\" class=\"MsoNormal\" style=\"background-color: white; color: #222222; font-size: 13px; margin: 0cm 0cm 0.0001pt; text-align: left; text-indent: 0cm;\">\n<\/div>\n<div align=\"left\" class=\"MsoNormal\" style=\"background-color: white; color: #222222; font-size: 13px; margin: 0cm 0cm 0.0001pt; text-align: left; text-indent: 0cm;\">\n<b>Tirsdag i den stille uke 26 mars<\/b><u><\/u><u><\/u><\/div>\n<div align=\"left\" class=\"MsoNormal\" style=\"background-color: white; color: #222222; font-size: 13px; margin: 0cm 0cm 0.0001pt; text-align: left; text-indent: 0cm;\">\nIngen messe. Oljevigselsmesse i St.Olav domkirke i Oslo<u><\/u><u><\/u><\/div>\n<div align=\"left\" class=\"MsoNormal\" style=\"background-color: white; color: #222222; font-size: 13px; margin: 0cm 0cm 0.0001pt; text-align: left; text-indent: 0cm;\">\n<\/div>\n<div align=\"left\" class=\"MsoNormal\" style=\"background-color: white; color: #222222; font-size: 13px; margin: 0cm 0cm 0.0001pt; text-align: left; text-indent: 0cm;\">\n<b>Onsdag i den stille uke 27 mars<\/b><u><\/u><u><\/u><\/div>\n<div align=\"left\" class=\"MsoNormal\" style=\"background-color: white; color: #222222; font-size: 13px; margin: 0cm 0cm 0.0001pt; text-align: left; text-indent: 0cm;\">\nkl.18.00&nbsp;&nbsp;&nbsp;&nbsp;&nbsp;&nbsp;&nbsp; Messe p\u00e5 norsk<u><\/u><u><\/u><\/div>\n<div align=\"left\" class=\"MsoNormal\" style=\"background-color: white; color: #222222; font-size: 13px; margin: 0cm 0cm 0.0001pt; text-align: left; text-indent: 0cm;\">\n<\/div>\n<div class=\"separator\" style=\"clear: both; text-align: center;\">\n<a href=\"http:\/\/www.santiebeati.it\/immagini\/Original\/20256\/20256AG.JPG\" imageanchor=\"1\" style=\"clear: right; float: right; margin-bottom: 1em; margin-left: 1em;\"><img loading=\"lazy\" decoding=\"async\" border=\"0\" height=\"232\" src=\"http:\/\/www.santiebeati.it\/immagini\/Original\/20256\/20256AG.JPG\" width=\"320\" \/><\/a><\/div>\n<div align=\"left\" class=\"MsoNormal\" style=\"background-color: white; color: #222222; font-size: 13px; margin: 0cm 0cm 0.0001pt; text-align: left; text-indent: 0cm;\">\n<\/div>\n<div align=\"left\" class=\"MsoNormal\" style=\"background-color: white; color: #222222; font-size: 13px; margin: 0cm 0cm 0.0001pt; text-align: left; text-indent: 0cm;\">\n<b>Skj\u00e6rtorsdag 28. mars<\/b>&nbsp;<u><\/u><u><\/u><br \/>\nkl. 12.00 skriftem\u00e5l p\u00e5 polsk<\/div>\n<div align=\"left\" class=\"MsoNormal\" style=\"background-color: white; color: #222222; font-size: 13px; margin: 0cm 0cm 0.0001pt; text-align: left; text-indent: 0cm;\">\nkl 13.30&nbsp;&nbsp;&nbsp;&nbsp;&nbsp;&nbsp;&nbsp; Messe p\u00e5 polsk<u><\/u><u><\/u><\/div>\n<div align=\"left\" class=\"MsoNormal\" style=\"background-color: white; color: #222222; font-size: 13px; margin: 0cm 0cm 0.0001pt; text-align: left; text-indent: 0cm;\">\nkl.15.30&nbsp;&nbsp;&nbsp;&nbsp;&nbsp;&nbsp;&nbsp; Messe p\u00e5 vietnamesisk<u><\/u><u><\/u><\/div>\n<div align=\"left\" class=\"MsoNormal\" style=\"background-color: white; color: #222222; font-size: 13px; margin: 0cm 0cm 0.0001pt; text-align: left; text-indent: 0cm;\">\nkl.18.00&nbsp;&nbsp;&nbsp;&nbsp;&nbsp;&nbsp;&nbsp; Messe p\u00e5 norsk, deretter tilbedelse og skriftem\u00e5l inntil midnatt.<u><\/u><u><\/u><\/div>\n<div align=\"left\" class=\"MsoNormal\" style=\"background-color: white; color: #222222; font-size: 13px; margin: 0cm 0cm 0.0001pt; text-align: left; text-indent: 0cm;\">\n<\/div>\n<div align=\"left\" class=\"MsoNormal\" style=\"background-color: white; color: #222222; font-size: 13px; margin: 0cm 0cm 0.0001pt; text-align: left; text-indent: 0cm;\">\n<\/div>\n<div align=\"left\" class=\"MsoNormal\" style=\"background-color: white; color: #222222; font-size: 13px; margin: 0cm 0cm 0.0001pt; text-align: left; text-indent: 0cm;\">\n<\/div>\n<div align=\"left\" class=\"MsoNormal\" style=\"background-color: white; color: #222222; font-size: 13px; margin: 0cm 0cm 0.0001pt; text-align: left; text-indent: 0cm;\">\n<\/div>\n<div align=\"left\" class=\"MsoNormal\" style=\"background-color: white; color: #222222; font-size: 13px; margin: 0cm 0cm 0.0001pt; text-align: left; text-indent: 0cm;\">\n<\/div>\n<div align=\"left\" class=\"MsoNormal\" style=\"background-color: white; color: #222222; font-size: 13px; margin: 0cm 0cm 0.0001pt; text-align: left; text-indent: 0cm;\">\n<\/div>\n<div align=\"left\" class=\"MsoNormal\" style=\"background-color: white; color: #222222; font-size: 13px; margin: 0cm 0cm 0.0001pt; text-align: left; text-indent: 0cm;\">\n<\/div>\n<div align=\"left\" class=\"MsoNormal\" style=\"background-color: white; font-size: 13px; margin: 0cm 0cm 0.0001pt; text-align: left; text-indent: 0cm;\">\n<b>Langfredag 29 mars (faste- og abstinensdag)<\/b><u><\/u><u><\/u><\/div>\n<div align=\"left\" class=\"MsoNormal\" style=\"background-color: white; color: #222222; font-size: 13px; margin: 0cm 0cm 0.0001pt; text-align: left; text-indent: 0cm;\">\nkl.10.00&nbsp;&nbsp;&nbsp;&nbsp;&nbsp;&nbsp;&nbsp; Matutin og laudes (sunget morgenb\u00f8nn) p\u00e5 norsk<u><\/u><u><\/u><\/div>\n<div align=\"left\" class=\"MsoNormal\" style=\"background-color: white; color: #222222; font-size: 13px; margin: 0cm 0cm 0.0001pt; text-align: left; text-indent: 0cm;\">\nkl.11.00&nbsp;&nbsp;&nbsp;&nbsp;&nbsp;&nbsp;&nbsp; Skriftem\u00e5l<u><\/u><u><\/u><\/div>\n<div align=\"left\" class=\"MsoNormal\" style=\"background-color: white; color: #222222; font-size: 13px; margin: 0cm 0cm 0.0001pt; text-align: left; text-indent: 0cm;\">\nkl.13.00&nbsp;&nbsp;&nbsp;&nbsp;&nbsp;&nbsp;&nbsp; Langfredagsliturgi p\u00e5 vietnamesisk<u><\/u><u><\/u><\/div>\n<div align=\"left\" class=\"MsoNormal\" style=\"background-color: white; color: #222222; font-size: 13px; margin: 0cm 0cm 0.0001pt; text-align: left; text-indent: 0cm;\">\nkl.15.00&nbsp;&nbsp;&nbsp;&nbsp;&nbsp;&nbsp;&nbsp; Langfredagsliturgi p\u00e5 norsk etterfulgt av \u00f8kumenisk korsvei i byen<u><\/u><u><\/u><\/div>\n<div align=\"left\" class=\"MsoNormal\" style=\"background-color: white; color: #222222; font-size: 13px; margin: 0cm 0cm 0.0001pt; text-align: left; text-indent: 0cm;\">\nkl.18.00&nbsp;&nbsp;&nbsp;&nbsp;&nbsp;&nbsp;&nbsp; Langfredagsliturgi p\u00e5 polsk<u><\/u><u><\/u><\/div>\n<div class=\"separator\" style=\"clear: both; text-align: center;\">\n<a href=\"http:\/\/www.santiebeati.it\/immagini\/Original\/20258\/20258.JPG\" imageanchor=\"1\" style=\"margin-left: 1em; margin-right: 1em;\"><img loading=\"lazy\" decoding=\"async\" border=\"0\" height=\"320\" src=\"http:\/\/www.santiebeati.it\/immagini\/Original\/20258\/20258.JPG\" width=\"255\" \/><\/a><\/div>\n<div align=\"left\" class=\"MsoNormal\" style=\"background-color: white; color: #222222; font-size: 13px; margin: 0cm 0cm 0.0001pt; text-align: left; text-indent: 0cm;\">\n<\/div>\n<div align=\"left\" class=\"MsoNormal\" style=\"background-color: white; color: #222222; font-size: 13px; margin: 0cm 0cm 0.0001pt; text-align: left; text-indent: 0cm;\">\n<b>P\u00e5skeaften 30. mars<\/b><u><\/u><u><\/u><\/div>\n<div align=\"left\" class=\"MsoNormal\" style=\"background-color: white; color: #222222; font-size: 13px; margin: 0cm 0cm 0.0001pt; text-align: left; text-indent: 0cm;\">\nkl.10.00&nbsp;&nbsp;&nbsp;&nbsp;&nbsp;&nbsp;&nbsp; Matutin og laudes (sunget morgenb\u00f8nn) p\u00e5 norsk<u><\/u><u><\/u><\/div>\n<div align=\"left\" class=\"MsoNormal\" style=\"background-color: white; color: #222222; font-size: 13px; margin: 0cm 0cm 0.0001pt; text-align: left; text-indent: 0cm;\">\nkl.11.00&nbsp;&nbsp;&nbsp;&nbsp;&nbsp;&nbsp;&nbsp; Skriftem\u00e5l<u><\/u><u><\/u><\/div>\n<div align=\"left\" class=\"MsoNormal\" style=\"background-color: white; color: #222222; margin: 0cm 0cm 0.0001pt; text-align: left; text-indent: 0cm;\">\n<div style=\"font-size: 13px;\">\nkl.12.00&nbsp;&nbsp;&nbsp;&nbsp;&nbsp;&nbsp;&nbsp; Velsignelse av p\u00e5skemat p\u00e5 polsk<br \/>\nkl.17.00 &nbsp; &nbsp; &nbsp; &nbsp;Messe p\u00e5 polsk i Mandal, og velsignelse av p\u00e5skemat p\u00e5 polsk.<\/div>\n<div style=\"font-size: 13px;\">\nkl.18.00&nbsp;&nbsp;&nbsp;&nbsp;&nbsp;&nbsp;&nbsp; P\u00e5skevigilien p\u00e5 vietnamesisk<\/div>\n<\/div>\n<div align=\"left\" class=\"MsoNormal\" style=\"background-color: white; color: #222222; font-size: 13px; margin: 0cm 0cm 0.0001pt; text-align: left; text-indent: 0cm;\">\nkl.21.00&nbsp;&nbsp;&nbsp;&nbsp;&nbsp;&nbsp;&nbsp; P\u00e5skevigilien p\u00e5 norsk. Etter messen er alle velkommen til hyggelig&nbsp;&nbsp;&nbsp;&nbsp;&nbsp;&nbsp; &nbsp;&nbsp;&nbsp;&nbsp;&nbsp;&nbsp;&nbsp; &nbsp;&nbsp;&nbsp;&nbsp;&nbsp;&nbsp;&nbsp;&nbsp;&nbsp;&nbsp;&nbsp; samv\u00e6r i menighetslokalet<u><\/u><u><\/u><\/div>\n<div align=\"left\" class=\"MsoNormal\" style=\"background-color: white; color: #222222; font-size: 13px; margin: 0cm 0cm 0.0001pt; text-align: left; text-indent: 0cm;\">\n<\/div>\n<div align=\"left\" class=\"MsoNormal\" style=\"background-color: white; color: #222222; font-size: 13px; margin: 0cm 0cm 0.0001pt; text-align: left; text-indent: 0cm;\">\n<\/div>\n<div align=\"left\" class=\"MsoNormal\" style=\"background-color: white; color: #222222; font-size: 13px; margin: 0cm 0cm 0.0001pt; text-align: left; text-indent: 0cm;\">\n<a href=\"http:\/\/www.santiebeati.it\/immagini\/Original\/20260\/20260AH.JPG\" imageanchor=\"1\" style=\"clear: right; float: right; margin-bottom: 1em; margin-left: 1em;\"><img loading=\"lazy\" decoding=\"async\" border=\"0\" height=\"400\" src=\"http:\/\/www.santiebeati.it\/immagini\/Original\/20260\/20260AH.JPG\" width=\"305\" \/><\/a><\/div>\n<div align=\"left\" class=\"MsoNormal\" style=\"background-color: white; color: #222222; font-size: 13px; margin: 0cm 0cm 0.0001pt; text-align: left; text-indent: 0cm;\">\n<\/div>\n<div align=\"left\" class=\"MsoNormal\" style=\"background-color: white; color: #222222; font-size: 13px; margin: 0cm 0cm 0.0001pt; text-align: left; text-indent: 0cm;\">\n<u><\/u>&nbsp;<b style=\"font-family: Times, 'Times New Roman', serif; font-size: 14pt; text-indent: 0cm;\">P\u00e5skes\u00f8ndag 31. mars<\/b><\/div>\n<div align=\"left\" class=\"MsoNormal\" style=\"background-color: white; color: #222222; font-size: 13px; margin: 0cm 0cm 0.0001pt; text-align: left; text-indent: 0cm;\">\nkl. 9.30&nbsp;&nbsp;&nbsp;&nbsp;&nbsp;&nbsp;&nbsp;&nbsp;&nbsp;&nbsp;&nbsp;&nbsp;&nbsp;&nbsp;&nbsp;&nbsp;&nbsp;&nbsp;&nbsp;&nbsp; Messe p\u00e5 polsk<u><\/u><u><\/u><\/div>\n<div align=\"left\" class=\"MsoNormal\" style=\"background-color: white; color: #222222; font-size: 13px; margin: 0cm 0cm 0.0001pt; text-align: left; text-indent: 0cm;\">\nkl.11.00&nbsp;&nbsp;&nbsp;&nbsp;&nbsp;&nbsp;&nbsp; P\u00e5skedagens h\u00f8ymesse p\u00e5 norsk<u><\/u><u><\/u><\/div>\n<div align=\"left\" class=\"MsoNormal\" style=\"background-color: white; color: #222222; font-size: 13px; margin: 0cm 0cm 0.0001pt; text-align: left; text-indent: 0cm;\">\nkl.13.00&nbsp;&nbsp;&nbsp;&nbsp;&nbsp;&nbsp;&nbsp; P\u00e5skedagens h\u00f8ymesse p\u00e5 vietnamesisk<u><\/u><u><\/u><\/div>\n<div align=\"left\" class=\"MsoNormal\" style=\"background-color: white; color: #222222; font-size: 13px; margin: 0cm 0cm 0.0001pt; text-align: left; text-indent: 0cm;\">\nkl.14.00&nbsp;&nbsp;&nbsp;&nbsp;&nbsp;&nbsp;&nbsp; Messe p\u00e5 Stella Maris<u><\/u><u><\/u><\/div>\n<div align=\"left\" class=\"MsoNormal\" style=\"background-color: white; color: #222222; font-size: 13px; margin: 0cm 0cm 0.0001pt; text-align: left; text-indent: 0cm;\">\nkl.18.00&nbsp;&nbsp;&nbsp;&nbsp;&nbsp;&nbsp;&nbsp; Messe p\u00e5 engelsk<u><\/u><u><\/u><\/div>\n<div align=\"left\" class=\"MsoNormal\" style=\"background-color: white; color: #222222; font-size: 13px; margin: 0cm 0cm 0.0001pt; text-align: left; text-indent: 0cm;\">\n<\/div>\n<div align=\"left\" class=\"MsoNormal\" style=\"background-color: white; color: #222222; font-size: 13px; margin: 0cm 0cm 0.0001pt; text-align: left; text-indent: 0cm;\">\n<b>2. p\u00e5skedag 1. april<\/b><u><\/u><u><\/u><\/div>\n<div align=\"left\" class=\"MsoNormal\" style=\"background-color: white; color: #222222; font-size: 13px; margin: 0cm 0cm 0.0001pt; text-align: left; text-indent: 0cm;\">\nkl.09.30&nbsp;&nbsp;&nbsp;&nbsp;&nbsp;&nbsp;&nbsp; Messe p\u00e5 polsk<u><\/u><u><\/u><\/div>\n<div align=\"left\" class=\"MsoNormal\" style=\"background-color: white; color: #222222; font-size: 13px; margin: 0cm 0cm 0.0001pt; text-align: left; text-indent: 0cm;\">\nkl.11.00&nbsp;&nbsp;&nbsp;&nbsp;&nbsp;&nbsp;&nbsp; Messe p\u00e5 norsk<u><\/u><u><\/u><\/div>\n<div align=\"left\" class=\"MsoNormal\" style=\"background-color: white; color: #222222; font-size: 13px; margin: 0cm 0cm 0.0001pt; text-align: left; text-indent: 0cm;\">\nkl.12.00&nbsp;&nbsp;&nbsp;&nbsp;&nbsp;&nbsp;&nbsp; Messe i Farsund<u><\/u><u><\/u><\/div>\n<div align=\"left\" class=\"MsoNormal\" style=\"background-color: white; color: #222222; font-size: 13px; margin: 0cm 0cm 0.0001pt; text-align: left; text-indent: 0cm;\">\nkl.16.00&nbsp;&nbsp;&nbsp;&nbsp;&nbsp;&nbsp;&nbsp; Messe i Flekkefjord<u><\/u><u><\/u><\/div>\n<div align=\"left\" class=\"MsoNormal\" style=\"background-color: white; color: #222222; font-family: arial, sans-serif; font-size: 13px; margin: 0cm 0cm 0.0001pt; text-align: left; text-indent: 0cm;\">\n<\/div>\n","protected":false},"excerpt":{"rendered":"<p>Palmes\u00f8ndag 24. mars kl. 9.30 &nbsp;&nbsp;&nbsp;&nbsp;&nbsp;&nbsp;&nbsp; Messe p\u00e5 polsk kl 11.00&nbsp;&nbsp;&nbsp;&nbsp;&nbsp;&nbsp;&nbsp; Palmevigsel, prosesjon og h\u00f8ymesse p\u00e5 norsk kl.13.00&nbsp;&nbsp;&nbsp;&nbsp;&nbsp;&nbsp;&nbsp; Palmevigsel, prosesjon og h\u00f8ymesse p\u00e5 vietnamesisk Kl.18.00&nbsp;&nbsp;&nbsp;&nbsp;&nbsp;&nbsp;&nbsp; Messe p\u00e5 engelsk Mandag i den stille uke 25 mars kl.18.00&nbsp;&nbsp;&nbsp;&nbsp;&nbsp;&nbsp;&nbsp; Messe p\u00e5 norsk Tirsdag&#8230;<br \/><a class=\"read-more-button\" href=\"https:\/\/stansgar.katolsk.no\/?p=914\">Read more<\/a><\/p>\n","protected":false},"author":3,"featured_media":2981,"comment_status":"open","ping_status":"open","sticky":false,"template":"","format":"standard","meta":{"footnotes":""},"categories":[1],"tags":[26],"class_list":["post-914","post","type-post","status-publish","format-standard","has-post-thumbnail","hentry","category-ukategorisert","tag-paske"],"_links":{"self":[{"href":"https:\/\/stansgar.katolsk.no\/index.php?rest_route=\/wp\/v2\/posts\/914","targetHints":{"allow":["GET"]}}],"collection":[{"href":"https:\/\/stansgar.katolsk.no\/index.php?rest_route=\/wp\/v2\/posts"}],"about":[{"href":"https:\/\/stansgar.katolsk.no\/index.php?rest_route=\/wp\/v2\/types\/post"}],"author":[{"embeddable":true,"href":"https:\/\/stansgar.katolsk.no\/index.php?rest_route=\/wp\/v2\/users\/3"}],"replies":[{"embeddable":true,"href":"https:\/\/stansgar.katolsk.no\/index.php?rest_route=%2Fwp%2Fv2%2Fcomments&post=914"}],"version-history":[{"count":1,"href":"https:\/\/stansgar.katolsk.no\/index.php?rest_route=\/wp\/v2\/posts\/914\/revisions"}],"predecessor-version":[{"id":2980,"href":"https:\/\/stansgar.katolsk.no\/index.php?rest_route=\/wp\/v2\/posts\/914\/revisions\/2980"}],"wp:featuredmedia":[{"embeddable":true,"href":"https:\/\/stansgar.katolsk.no\/index.php?rest_route=\/wp\/v2\/media\/2981"}],"wp:attachment":[{"href":"https:\/\/stansgar.katolsk.no\/index.php?rest_route=%2Fwp%2Fv2%2Fmedia&parent=914"}],"wp:term":[{"taxonomy":"category","embeddable":true,"href":"https:\/\/stansgar.katolsk.no\/index.php?rest_route=%2Fwp%2Fv2%2Fcategories&post=914"},{"taxonomy":"post_tag","embeddable":true,"href":"https:\/\/stansgar.katolsk.no\/index.php?rest_route=%2Fwp%2Fv2%2Ftags&post=914"}],"curies":[{"name":"wp","href":"https:\/\/api.w.org\/{rel}","templated":true}]}}