{"id":9101,"date":"2021-06-27T10:02:31","date_gmt":"2021-06-27T08:02:31","guid":{"rendered":"https:\/\/stansgar.katolsk.no\/?p=9101"},"modified":"2021-06-25T13:21:29","modified_gmt":"2021-06-25T11:21:29","slug":"kunngjoringer-sondag-27-juni-2021","status":"publish","type":"post","link":"https:\/\/stansgar.katolsk.no\/?p=9101","title":{"rendered":"KUNNGJ\u00d8RINGER S\u00d8NDAG 27. JUNI 2021"},"content":{"rendered":"<table width=\"624\">\n<tbody>\n<tr>\n<td rowspan=\"2\" width=\"79\">Tirsdag<\/td>\n<td colspan=\"2\" rowspan=\"2\" width=\"79\">29.06.<\/td>\n<td colspan=\"3\" width=\"466\">H\u00f8ytid: De hellige apostler Peter og Paulus<\/td>\n<\/tr>\n<tr>\n<td width=\"31\">kl.<\/p>\n<p>kl.<\/td>\n<td width=\"53\">17.00<\/p>\n<p>18.00<\/td>\n<td width=\"382\">Sakramentstilbedelse<\/p>\n<p>Messe<\/td>\n<\/tr>\n<tr>\n<td width=\"79\">Onsdag<\/td>\n<td colspan=\"2\" width=\"79\">30.06.<\/td>\n<td width=\"31\">kl.<\/td>\n<td width=\"53\">18.00<\/td>\n<td width=\"382\">Messe<\/td>\n<\/tr>\n<tr>\n<td width=\"79\">Torsdag<\/td>\n<td colspan=\"2\" width=\"79\">01.07.<\/td>\n<td width=\"31\">kl.<\/td>\n<td width=\"53\">18.00<\/td>\n<td width=\"382\">Messe<\/td>\n<\/tr>\n<tr>\n<td width=\"79\">Fredag<\/td>\n<td colspan=\"2\" width=\"79\">02.07.<\/td>\n<td width=\"31\">kl.<\/td>\n<td width=\"53\">18.00<\/td>\n<td width=\"382\">Messe<\/td>\n<\/tr>\n<tr>\n<td width=\"79\">L\u00f8rdag<\/td>\n<td colspan=\"2\" width=\"79\">03.07.<\/td>\n<td width=\"31\">kl.<\/p>\n<p>kl.<\/td>\n<td width=\"53\">13.00<\/p>\n<p>18.00<\/td>\n<td width=\"382\">Messe<\/p>\n<p>Messe p\u00e5 polsk<\/td>\n<\/tr>\n<tr>\n<td colspan=\"6\" width=\"624\">S\u00f8ndag &nbsp;&nbsp;&nbsp;&nbsp;&nbsp;&nbsp;&nbsp;04.07.&nbsp;&nbsp;&nbsp;&nbsp;&nbsp; 14. S\u00d8NDAG I DET ALMINNELIGE KIRKE\u00c5R<\/td>\n<\/tr>\n<tr>\n<td colspan=\"2\" width=\"155\">&nbsp;<\/p>\n<p>&nbsp;<\/p>\n<p>&nbsp;<\/p>\n<p>&nbsp;<\/p>\n<p>&nbsp;<\/p>\n<p>&nbsp;<\/td>\n<td colspan=\"2\" width=\"33\">kl.<\/p>\n<p>kl.<\/p>\n<p>kl.&nbsp;&nbsp;&nbsp;<\/p>\n<p>kl.<\/td>\n<td width=\"53\">09.00<\/p>\n<p>11.00<\/p>\n<p>13.00<\/p>\n<p>15.00<\/td>\n<td width=\"382\">Messe p\u00e5 polsk (ogs\u00e5 direktesendt)&nbsp;<\/p>\n<p>Messe p\u00e5 norsk (ogs\u00e5 direktesendt)&nbsp;<\/p>\n<p>Messe p\u00e5 vietnamesisk (ogs\u00e5 direktesendt)&nbsp;<\/p>\n<p>Messe p\u00e5 kaldeisk &nbsp;&nbsp;<\/td>\n<\/tr>\n<\/tbody>\n<\/table>\n<p><strong>Annet:<\/strong><\/p>\n<p><strong>&nbsp;<\/strong><\/p>\n<p><strong>(Dette leses i hver s\u00f8ndagsmesse etter kunngj\u00f8ringene)<\/strong><\/p>\n<p>Etter messen bes alle om<\/p>\n<p>&#8211; \u00e5 ikke samles i grupper i kirkerommet eller ved d\u00f8rene.<\/p>\n<p>&#8211; \u00e5 g\u00e5 ut av kirken gjennom d\u00f8ren som dere gikk inn i kirken.<\/p>\n<p>&#8211; \u00e5 ikke samles i grupper i bakg\u00e5rden, Kongens gate eller Kirkegata.<\/p>\n<p>&nbsp;<\/p>\n<p>(<strong>p\u00e5 polsk<\/strong>):<\/p>\n<p>Prosimy wszystkich uczestnik\u00f3w mszy aby po jej zako\u0144czeniu:<br \/>\n&#8211; nie gromadzi\u0107 si\u0119 w \u015brodku ko\u015bcio\u0142a lub przy drzwiach,<br \/>\n&#8211; wyj\u015b\u0107 z ko\u015bcio\u0142a przez drzwi, kt\u00f3rymi si\u0119 wesz\u0142o,<br \/>\n&#8211; nie gromadzi\u0107 si\u0119 na podw\u00f3rku(plebanii), w bramie lub na ulicy Kirkegata.<\/p>\n<p>&nbsp;<\/p>\n<p>(<strong>p\u00e5 vietnamesisk<\/strong>)<\/p>\n<p>Sau Th\u00e1nh L\u1ec5, xin m\u1ecdi ng\u01b0\u1eddi:<\/p>\n<p>&#8211; Kh\u00f4ng t\u1ee5 h\u1ecdp trong nh\u00e0 th\u1edd v\u00e0 \u1edf c\u1eeda ra v\u00e0o.<\/p>\n<p>&#8211; V\u00e0o l\u1ed1i n\u00e0o th\u00ec xin \u0111i ra b\u1eb1ng l\u1ed1i \u0111\u00f3.<\/p>\n<p>&#8211; Kh\u00f4ng t\u1ee5 h\u1ecdp \u1edf s\u00e2n nh\u00e0 th\u1edd, c\u1ea3 hai ph\u00eda \u0111\u01b0\u1eddng Kongens gate v\u00e0 Kirkegata.<\/p>\n<p><strong>&nbsp;<\/strong><\/p>\n<p style=\"text-align: center;\"><strong>&nbsp;&nbsp;&nbsp;&nbsp;&nbsp;&nbsp;&nbsp;&nbsp;&nbsp;&nbsp;&nbsp;&nbsp;&nbsp;&nbsp;&nbsp;&nbsp;&nbsp;&nbsp;&nbsp;&nbsp;&nbsp;&nbsp;&nbsp;&nbsp;&nbsp;&nbsp;&nbsp;&nbsp;&nbsp;&nbsp;&nbsp;&nbsp;&nbsp;&nbsp;&nbsp;&nbsp;&nbsp;&nbsp;&nbsp;&nbsp;&nbsp;&nbsp;&nbsp;&nbsp;&nbsp;&nbsp;&nbsp;&nbsp;&nbsp;&nbsp; <\/strong><strong>\u00d8nsker dere en riktig god s\u00f8ndag! <\/strong><\/p>\n<p><strong>&nbsp;<\/strong><\/p>\n","protected":false},"excerpt":{"rendered":"<p>Tirsdag 29.06. H\u00f8ytid: De hellige apostler Peter og Paulus kl. kl. 17.00 18.00 Sakramentstilbedelse Messe Onsdag 30.06. kl. 18.00 Messe Torsdag 01.07. kl. 18.00 Messe Fredag 02.07. kl. 18.00 Messe L\u00f8rdag 03.07. kl. kl. 13.00 18.00 Messe Messe p\u00e5 polsk&#8230;<br \/><a class=\"read-more-button\" href=\"https:\/\/stansgar.katolsk.no\/?p=9101\">Read more<\/a><\/p>\n","protected":false},"author":1,"featured_media":0,"comment_status":"open","ping_status":"open","sticky":false,"template":"","format":"standard","meta":{"footnotes":""},"categories":[482],"tags":[],"class_list":["post-9101","post","type-post","status-publish","format-standard","hentry","category-kunngjoringer"],"_links":{"self":[{"href":"https:\/\/stansgar.katolsk.no\/index.php?rest_route=\/wp\/v2\/posts\/9101","targetHints":{"allow":["GET"]}}],"collection":[{"href":"https:\/\/stansgar.katolsk.no\/index.php?rest_route=\/wp\/v2\/posts"}],"about":[{"href":"https:\/\/stansgar.katolsk.no\/index.php?rest_route=\/wp\/v2\/types\/post"}],"author":[{"embeddable":true,"href":"https:\/\/stansgar.katolsk.no\/index.php?rest_route=\/wp\/v2\/users\/1"}],"replies":[{"embeddable":true,"href":"https:\/\/stansgar.katolsk.no\/index.php?rest_route=%2Fwp%2Fv2%2Fcomments&post=9101"}],"version-history":[{"count":2,"href":"https:\/\/stansgar.katolsk.no\/index.php?rest_route=\/wp\/v2\/posts\/9101\/revisions"}],"predecessor-version":[{"id":9103,"href":"https:\/\/stansgar.katolsk.no\/index.php?rest_route=\/wp\/v2\/posts\/9101\/revisions\/9103"}],"wp:attachment":[{"href":"https:\/\/stansgar.katolsk.no\/index.php?rest_route=%2Fwp%2Fv2%2Fmedia&parent=9101"}],"wp:term":[{"taxonomy":"category","embeddable":true,"href":"https:\/\/stansgar.katolsk.no\/index.php?rest_route=%2Fwp%2Fv2%2Fcategories&post=9101"},{"taxonomy":"post_tag","embeddable":true,"href":"https:\/\/stansgar.katolsk.no\/index.php?rest_route=%2Fwp%2Fv2%2Ftags&post=9101"}],"curies":[{"name":"wp","href":"https:\/\/api.w.org\/{rel}","templated":true}]}}