{"id":9072,"date":"2021-06-20T10:01:18","date_gmt":"2021-06-20T08:01:18","guid":{"rendered":"https:\/\/stansgar.katolsk.no\/?p=9072"},"modified":"2021-06-18T13:10:07","modified_gmt":"2021-06-18T11:10:07","slug":"kunngjoringer-sondag-20-juni-2021","status":"publish","type":"post","link":"https:\/\/stansgar.katolsk.no\/?p=9072","title":{"rendered":"KUNNGJ\u00d8RINGER S\u00d8NDAG 20. JUNI 2021"},"content":{"rendered":"<p style=\"text-align: center;\">KUNNGJ\u00d8RINGER S\u00d8NDAG 20. JUNI 2021<\/p>\n<table width=\"624\">\n<tbody>\n<tr>\n<td width=\"79\">Tirsdag<\/td>\n<td colspan=\"2\" width=\"79\">22.06.<\/td>\n<td width=\"31\">kl.<\/p>\n<p>kl.<\/td>\n<td width=\"53\">17.30<\/p>\n<p>18.00<\/td>\n<td width=\"382\">Vesper<\/p>\n<p>Messe &#8211; etterfulgt av sakramentstilbedelse<\/td>\n<\/tr>\n<tr>\n<td width=\"79\">Onsdag<\/td>\n<td colspan=\"2\" width=\"79\">23.06.<\/td>\n<td width=\"31\">kl.<\/td>\n<td width=\"53\">18.00<\/td>\n<td width=\"382\">Fest &#8211; Vigilien for Johannes D\u00f8perens f\u00f8dsel<\/td>\n<\/tr>\n<tr>\n<td width=\"79\">Torsdag<\/td>\n<td colspan=\"2\" width=\"79\">24.06<\/td>\n<td width=\"31\">kl.<\/td>\n<td width=\"53\">18.00<\/td>\n<td width=\"382\">H\u00f8ytid &#8211; Johannes D\u00f8perens f\u00f8dsel<\/p>\n<p>&nbsp;<\/td>\n<\/tr>\n<tr>\n<td width=\"79\">Fredag<\/td>\n<td colspan=\"2\" width=\"79\">25.06.<\/td>\n<td width=\"31\">kl.<\/td>\n<td width=\"53\">18.00<\/td>\n<td width=\"382\">Messe<\/td>\n<\/tr>\n<tr>\n<td width=\"79\">L\u00f8rdag<\/td>\n<td colspan=\"2\" width=\"79\">26.06.<\/td>\n<td rowspan=\"2\" width=\"31\">kl.<\/p>\n<p>kl.<\/p>\n<p>kl.<\/p>\n<p>kl.<\/p>\n<p>kl.<\/td>\n<td rowspan=\"2\" width=\"53\">11.00<\/p>\n<p>14.00<\/p>\n<p>15.00<\/p>\n<p>17.00<\/p>\n<p>19.00<\/td>\n<td rowspan=\"2\" width=\"382\">Messe 1. hellige kommunion<\/p>\n<p>Messe p\u00e5 tagalog<\/p>\n<p>Bryllupsmesse<\/p>\n<p>Messe p\u00e5 fransk<\/p>\n<p>Messe p\u00e5 polsk<\/td>\n<\/tr>\n<tr>\n<td colspan=\"3\" width=\"158\">&nbsp;<\/td>\n<\/tr>\n<tr>\n<td colspan=\"6\" width=\"624\">S\u00f8ndag &nbsp;&nbsp;&nbsp;&nbsp;&nbsp;&nbsp;&nbsp;27.06.&nbsp;&nbsp;&nbsp;&nbsp;&nbsp; 13. S\u00d8NDAG I DET ALMINNELIGE KIRKE\u00c5R<\/td>\n<\/tr>\n<tr>\n<td colspan=\"2\" width=\"155\">&nbsp;<\/p>\n<p>&nbsp;<\/p>\n<p>&nbsp;<\/p>\n<p>Stella Maris<\/td>\n<td colspan=\"2\" width=\"33\">kl.<\/p>\n<p>kl.<\/p>\n<p>kl.<\/p>\n<p>&nbsp;<\/p>\n<p>kl.<\/td>\n<td width=\"53\">09.00<\/p>\n<p>11.00<\/p>\n<p>13.00<\/p>\n<p>&nbsp;<\/p>\n<p>17.00<\/td>\n<td width=\"382\">Messe p\u00e5 polsk (ogs\u00e5 direktesendt)&nbsp;<\/p>\n<p>Messe p\u00e5 norsk (ogs\u00e5 direktesendt)&nbsp;<\/p>\n<p>Messe p\u00e5 vietnamesisk (ogs\u00e5 direktesendt)&nbsp;<\/p>\n<p>&nbsp;<\/p>\n<p>Messe p\u00e5 norsk<\/td>\n<\/tr>\n<\/tbody>\n<\/table>\n<p><strong>Annet:<\/strong><\/p>\n<p><strong>Den 1. Hellige Kommunion 2021<\/strong><\/p>\n<p>I \u00e5ret er det to grupper som skal motta den 1. Hellige Kommunion:<\/p>\n<ul>\n<li>Den f\u00f8rste gruppen er l\u00f8rdag 26.6. med 15 barn.<\/li>\n<li>Den andre gruppen er l\u00f8rdag 21.8. med 28 barn.<\/li>\n<\/ul>\n<p>Vi ber dere om \u00e5 ofre messer og gode gjerninger, og be for barna. Vi ber om at de elsker Jesus, at de kommer til den hellige messen, og har et indre liv med Ham.<\/p>\n<p><strong>1. Hellige Kommunions messen 26.06. er reservert for barna og familiene deres.<\/strong><br \/>\n&nbsp;&nbsp;&nbsp;&nbsp;&nbsp;&nbsp;<\/p>\n<p>-L\u00f8rdag 26.06 er det ikke messe kl.13.00.<\/p>\n<p><strong>&nbsp;<\/strong><\/p>\n<p><strong>(Dette leses i hver s\u00f8ndagsmesse etter kunngj\u00f8ringene)<\/strong><\/p>\n<p>Etter messen bes alle om<\/p>\n<p>&#8211; \u00e5 ikke samles i grupper i kirkerommet eller ved d\u00f8rene.<\/p>\n<p>&#8211; \u00e5 g\u00e5 ut av kirken gjennom d\u00f8ren som dere gikk inn i kirken.<\/p>\n<p>&#8211; \u00e5 ikke samles i grupper i bakg\u00e5rden, Kongens gate eller Kirkegata.<\/p>\n<p>&nbsp;<\/p>\n<p>(<strong>p\u00e5 polsk<\/strong>):<\/p>\n<p>Prosimy wszystkich uczestnik\u00f3w mszy aby po jej zako\u0144czeniu:<br \/>\n&#8211; nie gromadzi\u0107 si\u0119 w \u015brodku ko\u015bcio\u0142a lub przy drzwiach,<br \/>\n&#8211; wyj\u015b\u0107 z ko\u015bcio\u0142a przez drzwi, kt\u00f3rymi si\u0119 wesz\u0142o,<br \/>\n&#8211; nie gromadzi\u0107 si\u0119 na podw\u00f3rku(plebanii), w bramie lub na ulicy Kirkegata.<\/p>\n<p>&nbsp;<\/p>\n<p>(<strong>p\u00e5 vietnamesisk<\/strong>)<\/p>\n<p>Sau Th\u00e1nh L\u1ec5, xin m\u1ecdi ng\u01b0\u1eddi:<\/p>\n<p>&#8211; Kh\u00f4ng t\u1ee5 h\u1ecdp trong nh\u00e0 th\u1edd v\u00e0 \u1edf c\u1eeda ra v\u00e0o.<\/p>\n<p>&#8211; V\u00e0o l\u1ed1i n\u00e0o th\u00ec xin \u0111i ra b\u1eb1ng l\u1ed1i \u0111\u00f3.<\/p>\n<p>&#8211; Kh\u00f4ng t\u1ee5 h\u1ecdp \u1edf s\u00e2n nh\u00e0 th\u1edd, c\u1ea3 hai ph\u00eda \u0111\u01b0\u1eddng Kongens gate v\u00e0 Kirkegata.<\/p>\n<p><strong>&nbsp;<\/strong><\/p>\n<p style=\"text-align: center;\"><strong>&nbsp;&nbsp;&nbsp;&nbsp;&nbsp;&nbsp;&nbsp;&nbsp;&nbsp;&nbsp;&nbsp;&nbsp;&nbsp;&nbsp;&nbsp;&nbsp;&nbsp;&nbsp;&nbsp;&nbsp;&nbsp;&nbsp;&nbsp;&nbsp;&nbsp;&nbsp;&nbsp;&nbsp;&nbsp;&nbsp;&nbsp;&nbsp;&nbsp;&nbsp;&nbsp;&nbsp;&nbsp;&nbsp;&nbsp;&nbsp;&nbsp;&nbsp;&nbsp;&nbsp; &nbsp;&nbsp;&nbsp;&nbsp;&nbsp;&nbsp;<\/strong><strong>\u00d8nsker dere en riktig god s\u00f8ndag! <\/strong><\/p>\n","protected":false},"excerpt":{"rendered":"<p>KUNNGJ\u00d8RINGER S\u00d8NDAG 20. JUNI 2021 Tirsdag 22.06. kl. kl. 17.30 18.00 Vesper Messe &#8211; etterfulgt av sakramentstilbedelse Onsdag 23.06. kl. 18.00 Fest &#8211; Vigilien for Johannes D\u00f8perens f\u00f8dsel Torsdag 24.06 kl. 18.00 H\u00f8ytid &#8211; Johannes D\u00f8perens f\u00f8dsel &nbsp; Fredag 25.06&#8230;.<br \/><a class=\"read-more-button\" href=\"https:\/\/stansgar.katolsk.no\/?p=9072\">Read more<\/a><\/p>\n","protected":false},"author":1,"featured_media":0,"comment_status":"open","ping_status":"open","sticky":false,"template":"","format":"standard","meta":{"footnotes":""},"categories":[482],"tags":[],"class_list":["post-9072","post","type-post","status-publish","format-standard","hentry","category-kunngjoringer"],"_links":{"self":[{"href":"https:\/\/stansgar.katolsk.no\/index.php?rest_route=\/wp\/v2\/posts\/9072","targetHints":{"allow":["GET"]}}],"collection":[{"href":"https:\/\/stansgar.katolsk.no\/index.php?rest_route=\/wp\/v2\/posts"}],"about":[{"href":"https:\/\/stansgar.katolsk.no\/index.php?rest_route=\/wp\/v2\/types\/post"}],"author":[{"embeddable":true,"href":"https:\/\/stansgar.katolsk.no\/index.php?rest_route=\/wp\/v2\/users\/1"}],"replies":[{"embeddable":true,"href":"https:\/\/stansgar.katolsk.no\/index.php?rest_route=%2Fwp%2Fv2%2Fcomments&post=9072"}],"version-history":[{"count":2,"href":"https:\/\/stansgar.katolsk.no\/index.php?rest_route=\/wp\/v2\/posts\/9072\/revisions"}],"predecessor-version":[{"id":9074,"href":"https:\/\/stansgar.katolsk.no\/index.php?rest_route=\/wp\/v2\/posts\/9072\/revisions\/9074"}],"wp:attachment":[{"href":"https:\/\/stansgar.katolsk.no\/index.php?rest_route=%2Fwp%2Fv2%2Fmedia&parent=9072"}],"wp:term":[{"taxonomy":"category","embeddable":true,"href":"https:\/\/stansgar.katolsk.no\/index.php?rest_route=%2Fwp%2Fv2%2Fcategories&post=9072"},{"taxonomy":"post_tag","embeddable":true,"href":"https:\/\/stansgar.katolsk.no\/index.php?rest_route=%2Fwp%2Fv2%2Ftags&post=9072"}],"curies":[{"name":"wp","href":"https:\/\/api.w.org\/{rel}","templated":true}]}}