{"id":904,"date":"2013-04-07T21:28:00","date_gmt":"2013-04-07T19:28:00","guid":{"rendered":"http:\/\/stansgar.katolsk.no\/index.php\/2013\/04\/07\/kunngjringer-sndag-7-april-2013\/"},"modified":"2018-10-12T09:12:56","modified_gmt":"2018-10-12T07:12:56","slug":"kunngjringer-sndag-7-april-2013","status":"publish","type":"post","link":"https:\/\/stansgar.katolsk.no\/?p=904","title":{"rendered":"Kunngj\u00f8ringer s\u00f8ndag 7. april 2013"},"content":{"rendered":"<p><\/p>\n<div class=\"MsoNormal\" style=\"background-color: white; color: #222222; font-family: arial, sans-serif; font-size: 13px;\">\n<\/div>\n<div class=\"MsoNormal\" style=\"background-color: white; color: #222222; font-family: arial, sans-serif; font-size: 13px;\">\n<\/div>\n<div class=\"MsoNormal\" style=\"background-color: white; color: #222222;\">\n<b>Mandag 8. april feires h\u00f8ytiden for Herrens bebudelse.<\/b> Denne h\u00f8ytid feires egentlig den 25. mars, men siden den datoen i \u00e5r kom innenfor Den stille uke, feires h\u00f8ytiden p\u00e5 mandag etter p\u00e5skeoktaven. Messe kl 18.<u><\/u><u><\/u><\/div>\n<div class=\"MsoNormal\" style=\"background-color: white; color: #222222;\">\n<\/div>\n<div class=\"MsoNormal\" style=\"background-color: white; color: #222222;\">\n<b>L\u00f8rdag 13. april er det katekese.<\/b> 1.- 6. klasse fra kl 10 \u2013 13 og 7. \u2013 9. klasse fra kl. 13.30 \u2013 17.00.<u><\/u><u><\/u><\/div>\n<div class=\"MsoNormal\" style=\"background-color: white; color: #222222;\">\n<\/div>\n<div class=\"MsoNormal\" style=\"background-color: white; color: #222222;\">\n<b>S\u00f8ndag 14. april<\/b> er det messe p\u00e5 Stella Maris i Mandal kl 14<u><\/u><u><\/u><\/div>\n<div class=\"MsoNormal\" style=\"background-color: white; color: #222222;\">\n<\/div>\n<div class=\"MsoNormal\" style=\"background-color: white; color: #222222;\">\nHjertelig takk for alle kollekter i forbindelse med p\u00e5sken. Fra palmes\u00f8ndag til 2. p\u00e5skedag kom det inn nesten 40.000 kroner.<\/div>\n","protected":false},"excerpt":{"rendered":"<p>Mandag 8. april feires h\u00f8ytiden for Herrens bebudelse. Denne h\u00f8ytid feires egentlig den 25. mars, men siden den datoen i \u00e5r kom innenfor Den stille uke, feires h\u00f8ytiden p\u00e5 mandag etter p\u00e5skeoktaven. Messe kl 18. L\u00f8rdag 13. april er det&#8230;<br \/><a class=\"read-more-button\" href=\"https:\/\/stansgar.katolsk.no\/?p=904\">Read more<\/a><\/p>\n","protected":false},"author":3,"featured_media":0,"comment_status":"open","ping_status":"open","sticky":false,"template":"","format":"standard","meta":{"footnotes":""},"categories":[1],"tags":[3],"class_list":["post-904","post","type-post","status-publish","format-standard","hentry","category-ukategorisert","tag-kunngjoringer"],"_links":{"self":[{"href":"https:\/\/stansgar.katolsk.no\/index.php?rest_route=\/wp\/v2\/posts\/904","targetHints":{"allow":["GET"]}}],"collection":[{"href":"https:\/\/stansgar.katolsk.no\/index.php?rest_route=\/wp\/v2\/posts"}],"about":[{"href":"https:\/\/stansgar.katolsk.no\/index.php?rest_route=\/wp\/v2\/types\/post"}],"author":[{"embeddable":true,"href":"https:\/\/stansgar.katolsk.no\/index.php?rest_route=\/wp\/v2\/users\/3"}],"replies":[{"embeddable":true,"href":"https:\/\/stansgar.katolsk.no\/index.php?rest_route=%2Fwp%2Fv2%2Fcomments&post=904"}],"version-history":[{"count":1,"href":"https:\/\/stansgar.katolsk.no\/index.php?rest_route=\/wp\/v2\/posts\/904\/revisions"}],"predecessor-version":[{"id":2964,"href":"https:\/\/stansgar.katolsk.no\/index.php?rest_route=\/wp\/v2\/posts\/904\/revisions\/2964"}],"wp:attachment":[{"href":"https:\/\/stansgar.katolsk.no\/index.php?rest_route=%2Fwp%2Fv2%2Fmedia&parent=904"}],"wp:term":[{"taxonomy":"category","embeddable":true,"href":"https:\/\/stansgar.katolsk.no\/index.php?rest_route=%2Fwp%2Fv2%2Fcategories&post=904"},{"taxonomy":"post_tag","embeddable":true,"href":"https:\/\/stansgar.katolsk.no\/index.php?rest_route=%2Fwp%2Fv2%2Ftags&post=904"}],"curies":[{"name":"wp","href":"https:\/\/api.w.org\/{rel}","templated":true}]}}