{"id":903,"date":"2013-04-07T21:31:00","date_gmt":"2013-04-07T19:31:00","guid":{"rendered":"http:\/\/stansgar.katolsk.no\/index.php\/2013\/04\/07\/herrens-bebudelse-3\/"},"modified":"2018-10-12T09:12:56","modified_gmt":"2018-10-12T07:12:56","slug":"herrens-bebudelse-3","status":"publish","type":"post","link":"https:\/\/stansgar.katolsk.no\/?p=903","title":{"rendered":"Herrens bebudelse"},"content":{"rendered":"<div class=\"MsoNormal\" style=\"margin-bottom: 10.0pt; mso-layout-grid-align: none; mso-pagination: none; text-autospace: none;\">\n\n<\/div>\n<div class=\"separator\" style=\"clear: both; text-align: center;\">\n<a href=\"http:\/\/www.oilpaintinghk.com\/paintingpic\/0822b\/-The-Annunciation-After-.jpg\" imageanchor=\"1\" style=\"margin-left: 1em; margin-right: 1em;\"><img loading=\"lazy\" decoding=\"async\" border=\"0\" height=\"245\" src=\"http:\/\/www.oilpaintinghk.com\/paintingpic\/0822b\/-The-Annunciation-After-.jpg\" width=\"400\" \/><\/a><\/div>\n<div class=\"MsoNormal\" style=\"margin-bottom: 10.0pt; mso-layout-grid-align: none; mso-pagination: none; text-autospace: none;\">\n\n<\/div>\n<div class=\"MsoNormal\" style=\"margin-bottom: 10.0pt; mso-layout-grid-align: none; mso-pagination: none; text-autospace: none;\">\nDenne h\u00f8ytiden feires egentlig den 25. mars, men siden den datoen i \u00e5r kom innenfor Den stille uke, feires h\u00f8ytiden p\u00e5 mandag etter p\u00e5skeoktaven.&nbsp;<b>Dagen<\/b><b>&nbsp;feires med messe i St.Ansgar mandag 8.4 kl. 18.00<\/b><\/div>\n<div class=\"MsoNormal\" style=\"margin-bottom: 10.0pt; mso-layout-grid-align: none; mso-pagination: none; text-autospace: none;\">\n\n<\/div>\n<div class=\"MsoNormal\" style=\"margin-bottom: 10.0pt; mso-layout-grid-align: none; mso-pagination: none; text-autospace: none;\">\nFra katolsk.no: &laquo;H\u00f8ytiden \u00abHerrens bebudelse\u00bb er til minne om Jesu unnfangelse. Evangelisten <a href=\"http:\/\/www.katolsk.no\/biografier\/historisk\/lukas\">Lukas<\/a> forteller hvordan erkeengelen <a href=\"http:\/\/www.katolsk.no\/biografier\/historisk\/erkenglr\">Gabriel<\/a> kom til <a href=\"http:\/\/www.katolsk.no\/biografier\/historisk\/maria\">Jomfru Maria<\/a> og ga henne budskapet om at hun ni m\u00e5neder senere skulle f\u00f8de verdens Frelser (Luk 1,26-38). \u00abOg ordet ble kj\u00f8d og tok bolig iblant oss\u00bb (Joh 1,14), slik ble Kristus unnfanget ved Den Hellige \u00c5nd i den hellige jomfruens skj\u00f8d. Og profeten Jesajas ord ble oppfylt: \u00abSe, en jomfru skal bli med barn; hun skal f\u00f8de en s\u00f8nn og gi ham navnet Emmanuel\u00bb (Jes 7,14).<\/div>\n<div class=\"separator\" style=\"clear: both; text-align: center;\">\n<a href=\"http:\/\/www.katapi.org.uk\/images\/Art\/AnnunciationBVM300h.jpg\" imageanchor=\"1\" style=\"clear: right; float: right; margin-bottom: 1em; margin-left: 1em;\"><img loading=\"lazy\" decoding=\"async\" border=\"0\" height=\"320\" src=\"http:\/\/www.katapi.org.uk\/images\/Art\/AnnunciationBVM300h.jpg\" width=\"225\" \/><\/a><\/div>\n<div class=\"MsoNormal\" style=\"margin-bottom: 10.0pt; mso-layout-grid-align: none; mso-pagination: none; text-autospace: none;\">\n\n<\/div>\n<div class=\"MsoNormal\" style=\"margin-bottom: 10.0pt; mso-layout-grid-align: none; mso-pagination: none; text-autospace: none;\">\n\n<\/div>\n<div class=\"MsoNormal\" style=\"margin-bottom: 10.0pt; mso-layout-grid-align: none; mso-pagination: none; text-autospace: none;\">\n\n<\/div>\n<div class=\"MsoNormal\">\nLukas skrev sitt evangelium mellom 70 og 90 \u00e5r etter at begivenhetene fant sted, etter omhyggelig \u00e5 ha skaffet seg kjennskap til fakta. Dersom Maria noensinne avsl\u00f8rte det hun hadde gjemt i sitt hjerte om s\u00f8nnens unnfangelse og f\u00f8dsel, m\u00e5tte det ha v\u00e6rt til evangelisten <a href=\"http:\/\/www.katolsk.no\/biografier\/historisk\/johannes\">Johannes<\/a>, som tok henne til seg som sin mor etter Jesu d\u00f8d, og gjennom ham ville opplysningene ha blitt felleseie i den unge Kirken. Lukas&#8217; fortelling, som samtidig er b\u00e5de malerisk og dypt teologisk, kan bare v\u00e6re en gjenskapning av det som skjedde, prim\u00e6rt basert p\u00e5 Marias egen erfaring, men ogs\u00e5 p\u00e5 de f\u00f8rste disiplenes forst\u00e5else av mysteriet med den oppstandne Kristus.&raquo;<\/div>\n<div class=\"MsoNormal\">\nLes videre&nbsp;<a href=\"http:\/\/www.katolsk.no\/biografier\/historisk\/mar25\" target=\"_blank\">her<\/a><\/div>\n","protected":false},"excerpt":{"rendered":"<p>Denne h\u00f8ytiden feires egentlig den 25. mars, men siden den datoen i \u00e5r kom innenfor Den stille uke, feires h\u00f8ytiden p\u00e5 mandag etter p\u00e5skeoktaven.&nbsp;Dagen&nbsp;feires med messe i St.Ansgar mandag 8.4 kl. 18.00 Fra katolsk.no: &laquo;H\u00f8ytiden \u00abHerrens bebudelse\u00bb er til minne&#8230;<br \/><a class=\"read-more-button\" href=\"https:\/\/stansgar.katolsk.no\/?p=903\">Read more<\/a><\/p>\n","protected":false},"author":3,"featured_media":0,"comment_status":"open","ping_status":"open","sticky":false,"template":"","format":"standard","meta":{"footnotes":""},"categories":[1],"tags":[99],"class_list":["post-903","post","type-post","status-publish","format-standard","hentry","category-ukategorisert","tag-herrens-bebudelse"],"_links":{"self":[{"href":"https:\/\/stansgar.katolsk.no\/index.php?rest_route=\/wp\/v2\/posts\/903","targetHints":{"allow":["GET"]}}],"collection":[{"href":"https:\/\/stansgar.katolsk.no\/index.php?rest_route=\/wp\/v2\/posts"}],"about":[{"href":"https:\/\/stansgar.katolsk.no\/index.php?rest_route=\/wp\/v2\/types\/post"}],"author":[{"embeddable":true,"href":"https:\/\/stansgar.katolsk.no\/index.php?rest_route=\/wp\/v2\/users\/3"}],"replies":[{"embeddable":true,"href":"https:\/\/stansgar.katolsk.no\/index.php?rest_route=%2Fwp%2Fv2%2Fcomments&post=903"}],"version-history":[{"count":1,"href":"https:\/\/stansgar.katolsk.no\/index.php?rest_route=\/wp\/v2\/posts\/903\/revisions"}],"predecessor-version":[{"id":2963,"href":"https:\/\/stansgar.katolsk.no\/index.php?rest_route=\/wp\/v2\/posts\/903\/revisions\/2963"}],"wp:attachment":[{"href":"https:\/\/stansgar.katolsk.no\/index.php?rest_route=%2Fwp%2Fv2%2Fmedia&parent=903"}],"wp:term":[{"taxonomy":"category","embeddable":true,"href":"https:\/\/stansgar.katolsk.no\/index.php?rest_route=%2Fwp%2Fv2%2Fcategories&post=903"},{"taxonomy":"post_tag","embeddable":true,"href":"https:\/\/stansgar.katolsk.no\/index.php?rest_route=%2Fwp%2Fv2%2Ftags&post=903"}],"curies":[{"name":"wp","href":"https:\/\/api.w.org\/{rel}","templated":true}]}}