{"id":901,"date":"2013-04-09T21:06:00","date_gmt":"2013-04-09T19:06:00","guid":{"rendered":"http:\/\/stansgar.katolsk.no\/index.php\/2013\/04\/09\/varseminar-i-caritas-stansgar\/"},"modified":"2018-10-12T09:12:56","modified_gmt":"2018-10-12T07:12:56","slug":"varseminar-i-caritas-stansgar","status":"publish","type":"post","link":"https:\/\/stansgar.katolsk.no\/?p=901","title":{"rendered":"V\u00e5rseminar i Caritas St.Ansgar"},"content":{"rendered":"<p><\/p>\n<div>\n<div class=\"MsoNormal\">\n&nbsp;Caritas St.Ansgar \u00f8nsker alle velkommen til v\u00e5rseminar . <b>Den 20.april<\/b> kommer Bernt Gulbrandsen og pater Arne Marco Kirsebom for \u00e5 holde seminar med f\u00f8lgende tema:<u><\/u><\/div>\n<\/div>\n<div>\n<div class=\"MsoNormal\">\n<\/div>\n<\/div>\n<div>\n<div class=\"MsoNormal\">\n<\/div>\n<\/div>\n<div>\n<div class=\"MsoNormal\">\n<\/div>\n<div class=\"separator\" style=\"clear: both; text-align: center;\">\n<a href=\"http:\/\/t2.gstatic.com\/images?q=tbn:ANd9GcTE8nc9CgvACPo3YLBRWEpKc2_i-cv41D-PzLRNH118BaaPQmm7KA\" imageanchor=\"1\" style=\"clear: left; float: left; margin-bottom: 1em; margin-right: 1em;\"><img loading=\"lazy\" decoding=\"async\" border=\"0\" height=\"200\" src=\"http:\/\/t2.gstatic.com\/images?q=tbn:ANd9GcTE8nc9CgvACPo3YLBRWEpKc2_i-cv41D-PzLRNH118BaaPQmm7KA\" width=\"181\" \/><\/a><\/div>\n<p><u><\/u><u><\/u><\/div>\n<div>\n<div style=\"background-color: white; color: #222222;\">\n<b>Migrasjon sett i lys av Kirkens sosiall\u00e6re &#8211; hva betyr innvandringen for menigheten og byen?<\/b><u><\/u><u><\/u><\/div>\n<div style=\"background-color: white; color: #222222;\">\n<b><br \/><\/b><\/div>\n<div style=\"background-color: white; color: #222222;\">\n<\/div>\n<div style=\"background-color: white; color: #222222;\">\n<b>M\u00e5let er:&nbsp;Klargj\u00f8re hvem&nbsp;<\/b><b>de<\/b><b>&nbsp;og&nbsp;<\/b><b>vi<\/b><b>&nbsp;er og hvilke&nbsp;<\/b><b>muligheter<\/b><b>&nbsp;og&nbsp;<\/b><b>utfordringer<\/b><b>&nbsp;som skapes \u2013 videreutvikle et godt katolsk flerkulturelt menighetsfelleskap. &nbsp;<\/b><u><\/u><u><\/u><\/div>\n<div style=\"background-color: white; color: #222222;\">\n<\/div>\n<div style=\"background-color: white; color: #222222;\">\n<b><br \/><\/b><\/div>\n<div style=\"background-color: white; color: #222222;\">\n<b><br \/><\/b><\/div>\n<div style=\"background-color: white; color: #222222;\">\n<b>Foredrag: Om sosiall\u00e6ren og migrasjon v\/p. Arne Marco Kirsebom<\/b><\/div>\n<div class=\"separator\" style=\"clear: both; text-align: center;\">\n<b><a href=\"http:\/\/www.katolsk.no\/biografier\/innenriks\/akirsebom\/foto2-225x300.jpg\" imageanchor=\"1\" style=\"clear: right; float: right; margin-bottom: 1em; margin-left: 1em;\"><img loading=\"lazy\" decoding=\"async\" border=\"0\" height=\"200\" src=\"http:\/\/www.katolsk.no\/biografier\/innenriks\/akirsebom\/foto2-225x300.jpg\" width=\"150\" \/><\/a><\/b><\/div>\n<p><u><\/u><u><\/u><\/p>\n<div style=\"background-color: white; color: #222222;\">\n<\/div>\n<div style=\"background-color: white; color: #222222;\">\n<b>Arbeidsgrupper basert p\u00e5 utarbeidede sp\u00f8rsm\u00e5l.<\/b><u><\/u><u><\/u><\/div>\n<div style=\"background-color: white; color: #222222;\">\n<\/div>\n<div style=\"background-color: white; color: #222222;\">\n<b>Plenum \u2013 og veien videre.<\/b><u><\/u><u><\/u><\/div>\n<div style=\"background-color: white; color: #222222;\">\n<b><br \/><\/b><\/div>\n<div style=\"background-color: white; color: #222222;\">\n<\/div>\n<div style=\"background-color: white; color: #222222;\">\nVi starter<b> 8.30 og avslutter ca. kl. 12.30.<\/b> Det blir en enkel br\u00f8dlunsj.<\/div>\n<div style=\"background-color: white; color: #222222;\">\n<\/div>\n<div style=\"background-color: white; color: #222222;\">\n<\/div>\n<div class=\"separator\" style=\"clear: both; text-align: center;\">\n<\/div>\n<div class=\"separator\" style=\"clear: both; text-align: center;\">\n<\/div>\n<div class=\"separator\" style=\"clear: both; text-align: center;\">\n<a href=\"http:\/\/t3.gstatic.com\/images?q=tbn:ANd9GcQ3Rd65-0O9Ipn6W8Ygut6wvX9S8jdt50wXQpb1ZpfAaUZ4s5dK\" imageanchor=\"1\" style=\"margin-left: 1em; margin-right: 1em;\"><img loading=\"lazy\" decoding=\"async\" border=\"0\" height=\"223\" src=\"http:\/\/t3.gstatic.com\/images?q=tbn:ANd9GcQ3Rd65-0O9Ipn6W8Ygut6wvX9S8jdt50wXQpb1ZpfAaUZ4s5dK\" width=\"400\" \/><\/a><\/div>\n<p><\/p>\n<div style=\"background-color: white; color: #222222;\">\n<\/div>\n<\/div>\n<div>\n<\/div>\n","protected":false},"excerpt":{"rendered":"<p>&nbsp;Caritas St.Ansgar \u00f8nsker alle velkommen til v\u00e5rseminar . Den 20.april kommer Bernt Gulbrandsen og pater Arne Marco Kirsebom for \u00e5 holde seminar med f\u00f8lgende tema: Migrasjon sett i lys av Kirkens sosiall\u00e6re &#8211; hva betyr innvandringen for menigheten og byen?&#8230;<br \/><a class=\"read-more-button\" href=\"https:\/\/stansgar.katolsk.no\/?p=901\">Read more<\/a><\/p>\n","protected":false},"author":3,"featured_media":0,"comment_status":"open","ping_status":"open","sticky":false,"template":"","format":"standard","meta":{"footnotes":""},"categories":[1],"tags":[71],"class_list":["post-901","post","type-post","status-publish","format-standard","hentry","category-ukategorisert","tag-caritas"],"_links":{"self":[{"href":"https:\/\/stansgar.katolsk.no\/index.php?rest_route=\/wp\/v2\/posts\/901","targetHints":{"allow":["GET"]}}],"collection":[{"href":"https:\/\/stansgar.katolsk.no\/index.php?rest_route=\/wp\/v2\/posts"}],"about":[{"href":"https:\/\/stansgar.katolsk.no\/index.php?rest_route=\/wp\/v2\/types\/post"}],"author":[{"embeddable":true,"href":"https:\/\/stansgar.katolsk.no\/index.php?rest_route=\/wp\/v2\/users\/3"}],"replies":[{"embeddable":true,"href":"https:\/\/stansgar.katolsk.no\/index.php?rest_route=%2Fwp%2Fv2%2Fcomments&post=901"}],"version-history":[{"count":1,"href":"https:\/\/stansgar.katolsk.no\/index.php?rest_route=\/wp\/v2\/posts\/901\/revisions"}],"predecessor-version":[{"id":2961,"href":"https:\/\/stansgar.katolsk.no\/index.php?rest_route=\/wp\/v2\/posts\/901\/revisions\/2961"}],"wp:attachment":[{"href":"https:\/\/stansgar.katolsk.no\/index.php?rest_route=%2Fwp%2Fv2%2Fmedia&parent=901"}],"wp:term":[{"taxonomy":"category","embeddable":true,"href":"https:\/\/stansgar.katolsk.no\/index.php?rest_route=%2Fwp%2Fv2%2Fcategories&post=901"},{"taxonomy":"post_tag","embeddable":true,"href":"https:\/\/stansgar.katolsk.no\/index.php?rest_route=%2Fwp%2Fv2%2Ftags&post=901"}],"curies":[{"name":"wp","href":"https:\/\/api.w.org\/{rel}","templated":true}]}}