{"id":8992,"date":"2021-05-30T10:01:02","date_gmt":"2021-05-30T08:01:02","guid":{"rendered":"https:\/\/stansgar.katolsk.no\/?p=8992"},"modified":"2021-05-29T11:09:59","modified_gmt":"2021-05-29T09:09:59","slug":"kunngjoringer-sondag-30-mai-2021","status":"publish","type":"post","link":"https:\/\/stansgar.katolsk.no\/?p=8992","title":{"rendered":"KUNNGJ\u00d8RINGER S\u00d8NDAG 30. MAI 2021"},"content":{"rendered":"<p style=\"text-align: center;\"><strong>KUNNGJ\u00d8RINGER S\u00d8NDAG 30. MAI 2021<\/strong><\/p>\n<table width=\"0\">\n<tbody>\n<tr>\n<td width=\"79\">Tirsdag<\/td>\n<td colspan=\"2\" width=\"79\">01.06.<\/td>\n<td width=\"31\">kl.<\/p>\n<p>kl.<\/td>\n<td width=\"53\">17.30<\/p>\n<p>18.00<\/td>\n<td width=\"382\">Vesper<\/p>\n<p>Messe &#8211; etterfulgt av sakramentstilbedelse<\/td>\n<\/tr>\n<tr>\n<td width=\"79\">Onsdag<\/td>\n<td colspan=\"2\" width=\"79\">02.06.<\/td>\n<td width=\"31\">kl.<\/td>\n<td width=\"53\">18.00<\/td>\n<td width=\"382\">Messe<\/td>\n<\/tr>\n<tr>\n<td rowspan=\"2\" width=\"79\">Torsdag<\/td>\n<td colspan=\"2\" rowspan=\"2\" width=\"79\">03.06.<\/td>\n<td colspan=\"3\" width=\"466\">Forberedelse til FESTEN FOR KRISTI LEGEME OG BLOD<\/p>\n<p>Messer og sakramentstilbedelse og skriftem\u00e5l<\/p>\n<p>&nbsp;<\/td>\n<\/tr>\n<tr>\n<td width=\"31\">kl.<\/p>\n<p>&nbsp;<\/p>\n<p>kl.<\/td>\n<td width=\"53\">11.00<\/p>\n<p>&nbsp;<\/p>\n<p>18.00<\/td>\n<td width=\"382\">Messe &#8211; Etter messen er det stille tilbedelse fram til<br \/>\nkl. 17.45. Vi ber spesielt for kall til ordenslivet og presteskapet.&nbsp;&nbsp;<br \/>\nMesse \u2013 etterfulgt av sakramentstilbedelse til kl. 24.00&nbsp;&nbsp;&nbsp;&nbsp;&nbsp;&nbsp;&nbsp;&nbsp;&nbsp;&nbsp;&nbsp;&nbsp;&nbsp;&nbsp;&nbsp;&nbsp;&nbsp;&nbsp;&nbsp;&nbsp;&nbsp;&nbsp;&nbsp;&nbsp;&nbsp;&nbsp;&nbsp;&nbsp;&nbsp;&nbsp;&nbsp;<\/td>\n<\/tr>\n<tr>\n<td width=\"79\">Fredag<\/td>\n<td colspan=\"2\" width=\"79\">04.06.<\/td>\n<td width=\"31\">kl.<\/td>\n<td width=\"53\">17.00<\/p>\n<p>18.00<\/td>\n<td width=\"382\">Sakramentstilbedelse \u2013 Skriftem\u00e5l under tilbedelsen<\/p>\n<p>Messe<\/td>\n<\/tr>\n<tr>\n<td width=\"79\">L\u00f8rdag<\/td>\n<td colspan=\"2\" width=\"79\">05.06.<\/td>\n<td width=\"31\">kl.<\/p>\n<p>kl.<\/p>\n<p>kl.<\/td>\n<td width=\"53\">12.30<\/p>\n<p>13.00<\/p>\n<p>18.00<\/td>\n<td width=\"382\">Rosenkransandakt<\/p>\n<p>Messe<\/p>\n<p>Messe p\u00e5 polsk<\/td>\n<\/tr>\n<tr>\n<td colspan=\"6\" width=\"624\">S\u00f8ndag &nbsp;&nbsp;&nbsp;&nbsp;&nbsp;&nbsp;&nbsp;06.06.&nbsp;&nbsp;&nbsp;&nbsp; FESTEN FOR KRISTI LEGEME OG BLOD<\/td>\n<\/tr>\n<tr>\n<td colspan=\"2\" width=\"155\">&nbsp;<\/p>\n<p>&nbsp;<\/p>\n<p>&nbsp;<\/p>\n<p>Stella Maris<\/td>\n<td colspan=\"2\" width=\"33\">kl.<\/p>\n<p>kl.<\/p>\n<p>kl.<\/p>\n<p>&nbsp;<\/p>\n<p>kl.<\/td>\n<td width=\"53\">09.00<\/p>\n<p>11.00<\/p>\n<p>13.00<\/p>\n<p>&nbsp;<\/p>\n<p>17.00<\/td>\n<td width=\"382\">Messe p\u00e5 polsk (ogs\u00e5 direktesendt)&nbsp;<\/p>\n<p>Messe p\u00e5 norsk (ogs\u00e5 direktesendt)&nbsp;<\/p>\n<p>Messe p\u00e5 vietnamesisk (ogs\u00e5 direktesendt)&nbsp;<\/p>\n<p>&nbsp;<\/p>\n<p>Messe p\u00e5 norsk<\/td>\n<\/tr>\n<\/tbody>\n<\/table>\n<p><strong>Annet:<\/strong><\/p>\n<ul>\n<li><strong>Caritas St. Ansgar&nbsp;<\/strong><\/li>\n<\/ul>\n<p>Caritas r\u00e5dgivingstjeneste for flyktninger og innvandrere har under Covid-pandemien v\u00e6rt avhengig av telefonisk timebestilling. Nye smittevernbestemmelser \u00e5pner n\u00e5 for lettere tilgjengelighet. R\u00e5dgivingstjenesten vil derfor fra 31.5 v\u00e6re \u00e5pen for &laquo;drop-in&raquo; avtaler. Tjenesten er \u00e5pen mandager fra kl 16:30.<\/p>\n<p>Det vil fortsatt ikke v\u00e6re mulighet for \u00e5 arrangere st\u00f8rre fysiske arrangementer innend\u00f8rs. Caritas St. Ansgar inviterer derfor til &laquo;vandrende fellesskap&raquo;: vandreturer for sosialt &laquo;p\u00e5fyll&raquo;, samtaler og felleskap. Vandreturene arrangeres annen hver mandag fra kl. 18:00, f\u00f8rste gang 31.mai. Turene legges opp slik at alle har mulighet for \u00e5 delta.<\/p>\n<p>Caritas minner ogs\u00e5 om at det fortsatt er mulig \u00e5 fremme \u00f8nsker om telefon- eller bes\u00f8ksvenn.<\/p>\n<p>N\u00e6rmere opplysninger p\u00e5 oppslag i inngangspartiet og p\u00e5 menighetens hjemmeside: stansgar.katolsk.no<\/p>\n<ul>\n<li><strong>De som \u00f8nsker \u00e5 komme til tilbedelsen p\u00e5 torsdag 03.06, m\u00e5 f\u00f8rst melde seg til p. Dawid p\u00e5 479 78 577.<\/strong><strong><strong>&nbsp;<\/strong><\/strong>&nbsp;<\/li>\n<li><strong>(Dette leses i hver s\u00f8ndagsmesse etter kunngj\u00f8ringene)<\/strong><\/li>\n<\/ul>\n<p>Etter messen bes alle om<\/p>\n<p>&#8211; \u00e5 ikke samles i grupper i kirkerommet eller ved d\u00f8rene.<\/p>\n<p>&#8211; \u00e5 g\u00e5 ut av kirken gjennom d\u00f8ren som dere gikk inn i kirken.<\/p>\n<p>&#8211; \u00e5 ikke samles i grupper i bakg\u00e5rden, Kongens gate eller Kirkegata.<\/p>\n<p>&nbsp;<\/p>\n<p>(<strong>p\u00e5 polsk<\/strong>):<\/p>\n<p>Prosimy wszystkich uczestnik\u00f3w mszy aby po jej zako\u0144czeniu:<br \/>\n&#8211; nie gromadzi\u0107 si\u0119 w \u015brodku ko\u015bcio\u0142a lub przy drzwiach,<br \/>\n&#8211; wyj\u015b\u0107 z ko\u015bcio\u0142a przez drzwi, kt\u00f3rymi si\u0119 wesz\u0142o,<br \/>\n&#8211; nie gromadzi\u0107 si\u0119 na podw\u00f3rku(plebanii), w bramie lub na ulicy Kirkegata.<\/p>\n<p>&nbsp;<\/p>\n<p>(<strong>p\u00e5 vietnamesisk<\/strong>)<\/p>\n<p>Sau Th\u00e1nh L\u1ec5, xin m\u1ecdi ng\u01b0\u1eddi:<\/p>\n<p>&#8211; Kh\u00f4ng t\u1ee5 h\u1ecdp trong nh\u00e0 th\u1edd v\u00e0 \u1edf c\u1eeda ra v\u00e0o.<\/p>\n<p>&#8211; V\u00e0o l\u1ed1i n\u00e0o th\u00ec xin \u0111i ra b\u1eb1ng l\u1ed1i \u0111\u00f3.<\/p>\n<p>&#8211; Kh\u00f4ng t\u1ee5 h\u1ecdp \u1edf s\u00e2n nh\u00e0 th\u1edd, c\u1ea3 hai ph\u00eda \u0111\u01b0\u1eddng Kongens gate v\u00e0 Kirkegata.<\/p>\n<p><strong>&nbsp;<\/strong><\/p>\n<p style=\"text-align: center;\"><strong>&nbsp;&nbsp;&nbsp;&nbsp;&nbsp;&nbsp;&nbsp;&nbsp;&nbsp;&nbsp;&nbsp;&nbsp;&nbsp;&nbsp;&nbsp;&nbsp;&nbsp;&nbsp;&nbsp;&nbsp;&nbsp;&nbsp;&nbsp;&nbsp;&nbsp;&nbsp;&nbsp;&nbsp;&nbsp;&nbsp;&nbsp;&nbsp;&nbsp;&nbsp;&nbsp;&nbsp;&nbsp;&nbsp;&nbsp;&nbsp;&nbsp;&nbsp;&nbsp;&nbsp;&nbsp;&nbsp;&nbsp;&nbsp;&nbsp;&nbsp; <\/strong><strong>\u00d8nsker dere en riktig god s\u00f8ndag! <\/strong><\/p>\n<p>&nbsp;<\/p>\n<p><strong>&nbsp;<\/strong><\/p>\n","protected":false},"excerpt":{"rendered":"<p>KUNNGJ\u00d8RINGER S\u00d8NDAG 30. MAI 2021 Tirsdag 01.06. kl. kl. 17.30 18.00 Vesper Messe &#8211; etterfulgt av sakramentstilbedelse Onsdag 02.06. kl. 18.00 Messe Torsdag 03.06. Forberedelse til FESTEN FOR KRISTI LEGEME OG BLOD Messer og sakramentstilbedelse og skriftem\u00e5l &nbsp; kl. &nbsp;&#8230;<br \/><a class=\"read-more-button\" href=\"https:\/\/stansgar.katolsk.no\/?p=8992\">Read more<\/a><\/p>\n","protected":false},"author":1,"featured_media":0,"comment_status":"open","ping_status":"open","sticky":false,"template":"","format":"standard","meta":{"footnotes":""},"categories":[482],"tags":[],"class_list":["post-8992","post","type-post","status-publish","format-standard","hentry","category-kunngjoringer"],"_links":{"self":[{"href":"https:\/\/stansgar.katolsk.no\/index.php?rest_route=\/wp\/v2\/posts\/8992","targetHints":{"allow":["GET"]}}],"collection":[{"href":"https:\/\/stansgar.katolsk.no\/index.php?rest_route=\/wp\/v2\/posts"}],"about":[{"href":"https:\/\/stansgar.katolsk.no\/index.php?rest_route=\/wp\/v2\/types\/post"}],"author":[{"embeddable":true,"href":"https:\/\/stansgar.katolsk.no\/index.php?rest_route=\/wp\/v2\/users\/1"}],"replies":[{"embeddable":true,"href":"https:\/\/stansgar.katolsk.no\/index.php?rest_route=%2Fwp%2Fv2%2Fcomments&post=8992"}],"version-history":[{"count":14,"href":"https:\/\/stansgar.katolsk.no\/index.php?rest_route=\/wp\/v2\/posts\/8992\/revisions"}],"predecessor-version":[{"id":9018,"href":"https:\/\/stansgar.katolsk.no\/index.php?rest_route=\/wp\/v2\/posts\/8992\/revisions\/9018"}],"wp:attachment":[{"href":"https:\/\/stansgar.katolsk.no\/index.php?rest_route=%2Fwp%2Fv2%2Fmedia&parent=8992"}],"wp:term":[{"taxonomy":"category","embeddable":true,"href":"https:\/\/stansgar.katolsk.no\/index.php?rest_route=%2Fwp%2Fv2%2Fcategories&post=8992"},{"taxonomy":"post_tag","embeddable":true,"href":"https:\/\/stansgar.katolsk.no\/index.php?rest_route=%2Fwp%2Fv2%2Ftags&post=8992"}],"curies":[{"name":"wp","href":"https:\/\/api.w.org\/{rel}","templated":true}]}}