{"id":899,"date":"2013-04-18T07:31:00","date_gmt":"2013-04-18T05:31:00","guid":{"rendered":"http:\/\/stansgar.katolsk.no\/index.php\/2013\/04\/18\/program-for-lrdagens-caritasseminar-i\/"},"modified":"2018-10-12T09:12:56","modified_gmt":"2018-10-12T07:12:56","slug":"program-for-lrdagens-caritasseminar-i","status":"publish","type":"post","link":"https:\/\/stansgar.katolsk.no\/?p=899","title":{"rendered":"Program for l\u00f8rdagens Caritasseminar i St.Ansgar"},"content":{"rendered":"<p><\/p>\n<div class=\"separator\" style=\"clear: both; text-align: center;\">\n<a href=\"http:\/\/t2.gstatic.com\/images?q=tbn:ANd9GcTE8nc9CgvACPo3YLBRWEpKc2_i-cv41D-PzLRNH118BaaPQmm7KA\" imageanchor=\"1\" style=\"margin-left: 1em; margin-right: 1em;\"><img decoding=\"async\" border=\"0\" src=\"http:\/\/t2.gstatic.com\/images?q=tbn:ANd9GcTE8nc9CgvACPo3YLBRWEpKc2_i-cv41D-PzLRNH118BaaPQmm7KA\" \/><\/a><\/div>\n<div align=\"center\" class=\"MsoNormal\" style=\"background-color: white; color: #222222; font-family: tahoma; font-size: x-small; margin: 0cm 0cm 0pt; text-align: center;\">\n<b><br \/><\/b><\/div>\n<div align=\"center\" class=\"MsoNormal\" style=\"background-color: white; color: #222222; font-family: tahoma; font-size: x-small; margin: 0cm 0cm 0pt; text-align: center;\">\n<b>\u00abInkludering av innvandrere i menigheten\u00bb<u><\/u><u><\/u><u><\/u><\/b><\/div>\n<div align=\"center\" class=\"MsoNormal\" style=\"background-color: white; color: #222222; font-family: tahoma; font-size: x-small; margin: 0cm 0cm 0pt; text-align: center;\">\n<\/div>\n<div align=\"center\" class=\"MsoNormal\" style=\"background-color: white; color: #222222; font-family: tahoma; font-size: x-small; margin: 0cm 0cm 0pt; text-align: center;\">\n<b>Menighetsseminar i Caritas St. Ansgar<u><\/u><u><\/u><\/b><\/div>\n<div align=\"center\" class=\"MsoNormal\" style=\"background-color: white; color: #222222; font-family: tahoma; font-size: x-small; margin: 0cm 0cm 0pt; text-align: center;\">\n<b>20 april kl. 0830 \u2013 1230<\/b><u><\/u><u><\/u><\/div>\n<div align=\"center\" class=\"MsoNormal\" style=\"background-color: white; color: #222222; font-family: tahoma; font-size: x-small; margin: 0cm 0cm 0pt; text-align: center;\">\n<\/div>\n<div align=\"center\" class=\"MsoNormal\" style=\"background-color: white; color: #222222; font-family: tahoma; font-size: x-small; margin: 0cm 0cm 0pt; text-align: center;\">\n<b>PROGRAM<u><\/u><u><\/u><\/b><\/div>\n<div class=\"MsoNormal\" style=\"background-color: white; color: #222222; font-family: tahoma; font-size: x-small; margin: 0cm 0cm 0pt;\">\n<\/div>\n<div align=\"center\" class=\"MsoNormal\" style=\"background-color: white; color: #222222; font-family: tahoma; font-size: x-small; margin: 0cm 0cm 0pt; text-align: center;\">\n<b>M\u00e5l: inspirere p\u00e5 bakgrunn av kunnskap og tro<\/b><u><\/u><u><\/u><\/div>\n<div class=\"MsoNormal\" style=\"background-color: white; color: #222222; font-family: tahoma; font-size: x-small; margin: 0cm 0cm 0pt;\">\n<\/div>\n<div class=\"MsoNormal\" style=\"background-color: white; color: #222222; font-family: tahoma; font-size: x-small; margin: 0cm 0cm 0pt;\">\n<\/div>\n<div style=\"background-color: white; color: #222222; font-family: tahoma; font-size: x-small; margin: 0cm 0cm 0pt 36pt;\">\n\u00b7&nbsp;&nbsp;&nbsp;&nbsp;&nbsp;&nbsp;&nbsp;&nbsp;&nbsp;<b>Innledning: (15 min)<\/b><u><\/u><u><\/u><\/div>\n<div style=\"background-color: white; color: #222222; font-family: tahoma; font-size: x-small; margin: 0cm 0cm 0pt 36pt;\">\nBefolkningsutvikling og innvandring \u2013 Kirken vokser i rekordfart v\/Bernt Gulbrandsen<u><\/u><u><\/u><\/div>\n<div class=\"MsoNormal\" style=\"background-color: white; color: #222222; font-family: tahoma; font-size: x-small; margin: 0cm 0cm 0pt; text-indent: 2.25pt;\">\n<\/div>\n<div style=\"background-color: white; color: #222222; font-family: tahoma; font-size: x-small; margin: 0cm 0cm 0pt 36pt;\">\n\u00b7&nbsp;&nbsp;&nbsp;&nbsp;&nbsp;&nbsp;&nbsp;&nbsp;&nbsp;<b>Foredrag: (20 min)<\/b><u><\/u><u><\/u><\/div>\n<div style=\"background-color: white; color: #222222; font-family: tahoma; font-size: x-small; margin: 0cm 0cm 0pt 36pt;\">\nOm sosiall\u00e6ren og migrasjon \u2013 hvorfor dette ang\u00e5r menigheten og hver enkelt troende, v\/p. Arne Marcus Kirsebom<u><\/u><u><\/u><\/div>\n<div class=\"MsoNormal\" style=\"background-color: white; color: #222222; font-family: tahoma; font-size: x-small; margin: 0cm 0cm 0pt; text-indent: 2.25pt;\">\n<\/div>\n<div style=\"background-color: white; color: #222222; font-family: tahoma; font-size: x-small; margin: 0cm 0cm 0pt 36pt;\">\n\u00b7&nbsp;&nbsp;&nbsp;&nbsp;&nbsp;&nbsp;&nbsp;&nbsp;&nbsp;<b>Arbeidsgrupper \u2013 sp\u00f8rsm\u00e5l som kan v\u00e6re aktuelle:<\/b><u><\/u><u><\/u><\/div>\n<div class=\"MsoNormal\" style=\"background-color: white; color: #222222; font-family: tahoma; font-size: x-small; margin: 0cm 0cm 0pt; text-indent: 2.25pt;\">\n<\/div>\n<div style=\"background-color: white; color: #222222; font-family: tahoma; font-size: x-small; line-height: 15px; margin: 0cm 0cm 0pt 94.8pt;\">\n1.&nbsp;&nbsp;&nbsp;&nbsp;&nbsp;&nbsp;&nbsp;&nbsp;\u00c5 v\u00e6re fremmed \u2013 hvordan oppleves det?<u><\/u><u><\/u><\/div>\n<div style=\"background-color: white; color: #222222; font-family: tahoma; font-size: x-small; line-height: 15px; margin: 0cm 0cm 0pt 94.8pt;\">\n2.&nbsp;&nbsp;&nbsp;&nbsp;&nbsp;&nbsp;&nbsp;&nbsp;Finnes nye innvandrere i menigheten som ikke har en nasjonal gruppe \u00e5 henvende seg til?<u><\/u><u><\/u><\/div>\n<div style=\"background-color: white; color: #222222; font-family: tahoma; font-size: x-small; line-height: 15px; margin: 0cm 0cm 0pt 94.8pt;\">\n3.&nbsp;&nbsp;&nbsp;&nbsp;&nbsp;&nbsp;&nbsp;&nbsp;Har menigheten i egen regi tiltak for \u00e5 inkludere de som er nye? Dekker disse behovet?<u><\/u><u><\/u><\/div>\n<div style=\"background-color: white; color: #222222; font-family: tahoma; font-size: x-small; line-height: 15px; margin: 0cm 0cm 0pt 94.8pt;\">\n4.&nbsp;&nbsp;&nbsp;&nbsp;&nbsp;&nbsp;&nbsp;&nbsp;Hvilke positive muligheter gir innvandringen St Ansgar menighet?<u><\/u><u><\/u><\/div>\n<div style=\"background-color: white; color: #222222; font-family: tahoma; font-size: x-small; line-height: 15px; margin: 0cm 0cm 0pt 94.8pt;\">\n5.&nbsp;&nbsp;&nbsp;&nbsp;&nbsp;&nbsp;&nbsp;&nbsp;Hvilke utfordringer har\/f\u00e5r menigheten n\u00e5r det gjelder; innvandringsvekst, samhandling, \u00e5 skape en felles menighetsidentitet?<u><\/u><u><\/u><\/div>\n<div style=\"background-color: white; color: #222222; font-family: tahoma; font-size: x-small; line-height: 15px; margin: 0cm 0cm 0pt 94.8pt;\">\n6.&nbsp;&nbsp;&nbsp;&nbsp;&nbsp;&nbsp;&nbsp;&nbsp;Hvordan bruke resultatene fra seminaret i menighetens videre arbeid?<u><\/u><u><\/u><\/div>\n<div style=\"background-color: white; color: #222222; font-family: tahoma; font-size: x-small; line-height: 15px; margin: 0cm 0cm 0pt 94.8pt;\">\n7.&nbsp;&nbsp;&nbsp;&nbsp;&nbsp;&nbsp;&nbsp;&nbsp;Kan sosiall\u00e6ren inspirere oss videre \u2013 hvordan?<u><\/u><u><\/u><\/div>\n<div style=\"background-color: white; color: #222222; font-family: tahoma; font-size: x-small; line-height: 15px; margin: 0cm 0cm 0pt 36pt;\">\n\u00b7&nbsp;&nbsp;&nbsp;&nbsp;&nbsp;&nbsp;&nbsp;&nbsp;&nbsp;<b>Pause med br\u00f8dlunsj<u><\/u><u><\/u><\/b><\/div>\n<div class=\"MsoNormal\" style=\"background-color: white; color: #222222; font-family: tahoma; font-size: x-small; margin: 0cm 0cm 0pt; text-indent: 2.25pt;\">\n<\/div>\n<div style=\"background-color: white; color: #222222; font-family: tahoma; font-size: x-small; margin: 0cm 0cm 0pt 36pt;\">\n\u00b7&nbsp;&nbsp;&nbsp;&nbsp;&nbsp;&nbsp;&nbsp;&nbsp;&nbsp;<b>Plenum \u2013 og veien videre<\/b><u><\/u><u><\/u><\/div>\n<div class=\"MsoNormal\" style=\"background-color: white; color: #222222; font-family: tahoma; font-size: x-small; margin: 0cm 0cm 0pt;\">\n<\/div>\n","protected":false},"excerpt":{"rendered":"<p>\u00abInkludering av innvandrere i menigheten\u00bb Menighetsseminar i Caritas St. Ansgar 20 april kl. 0830 \u2013 1230 PROGRAM M\u00e5l: inspirere p\u00e5 bakgrunn av kunnskap og tro \u00b7&nbsp;&nbsp;&nbsp;&nbsp;&nbsp;&nbsp;&nbsp;&nbsp;&nbsp;Innledning: (15 min) Befolkningsutvikling og innvandring \u2013 Kirken vokser i rekordfart v\/Bernt Gulbrandsen \u00b7&nbsp;&nbsp;&nbsp;&nbsp;&nbsp;&nbsp;&nbsp;&nbsp;&nbsp;Foredrag: (20&#8230;<br \/><a class=\"read-more-button\" href=\"https:\/\/stansgar.katolsk.no\/?p=899\">Read more<\/a><\/p>\n","protected":false},"author":3,"featured_media":0,"comment_status":"open","ping_status":"open","sticky":false,"template":"","format":"standard","meta":{"footnotes":""},"categories":[1],"tags":[71],"class_list":["post-899","post","type-post","status-publish","format-standard","hentry","category-ukategorisert","tag-caritas"],"_links":{"self":[{"href":"https:\/\/stansgar.katolsk.no\/index.php?rest_route=\/wp\/v2\/posts\/899","targetHints":{"allow":["GET"]}}],"collection":[{"href":"https:\/\/stansgar.katolsk.no\/index.php?rest_route=\/wp\/v2\/posts"}],"about":[{"href":"https:\/\/stansgar.katolsk.no\/index.php?rest_route=\/wp\/v2\/types\/post"}],"author":[{"embeddable":true,"href":"https:\/\/stansgar.katolsk.no\/index.php?rest_route=\/wp\/v2\/users\/3"}],"replies":[{"embeddable":true,"href":"https:\/\/stansgar.katolsk.no\/index.php?rest_route=%2Fwp%2Fv2%2Fcomments&post=899"}],"version-history":[{"count":1,"href":"https:\/\/stansgar.katolsk.no\/index.php?rest_route=\/wp\/v2\/posts\/899\/revisions"}],"predecessor-version":[{"id":2959,"href":"https:\/\/stansgar.katolsk.no\/index.php?rest_route=\/wp\/v2\/posts\/899\/revisions\/2959"}],"wp:attachment":[{"href":"https:\/\/stansgar.katolsk.no\/index.php?rest_route=%2Fwp%2Fv2%2Fmedia&parent=899"}],"wp:term":[{"taxonomy":"category","embeddable":true,"href":"https:\/\/stansgar.katolsk.no\/index.php?rest_route=%2Fwp%2Fv2%2Fcategories&post=899"},{"taxonomy":"post_tag","embeddable":true,"href":"https:\/\/stansgar.katolsk.no\/index.php?rest_route=%2Fwp%2Fv2%2Ftags&post=899"}],"curies":[{"name":"wp","href":"https:\/\/api.w.org\/{rel}","templated":true}]}}