{"id":8972,"date":"2021-05-23T11:57:22","date_gmt":"2021-05-23T09:57:22","guid":{"rendered":"https:\/\/stansgar.katolsk.no\/?p=8972"},"modified":"2021-05-23T11:57:53","modified_gmt":"2021-05-23T09:57:53","slug":"caritas-vandrende-fellesskap","status":"publish","type":"post","link":"https:\/\/stansgar.katolsk.no\/?p=8972","title":{"rendered":"Caritas vandrende fellesskap"},"content":{"rendered":"<p>Coronapandemien har v\u00e6rt og er fortsatt utfordrende for mange. Ikke minst sosialt. Mange har savnet det store fellesskapet i Menigheten, slik vi kjenner det fra \u00abgode tider\u00bb. Med fullsatt kirke, kirkekaffe, m\u00f8ter og fester. Vi har savnet hverandre.<br \/>\nFortsatt setter smittevernreglene begrensninger p\u00e5 aktivitetene v\u00e5re, og vil nok gj\u00f8re det en tid fremover.<br \/>\nMens vi venter p\u00e5 bedre tider INVITERER CARITAS ST. ANSGAR TIL FELLES G\u00c5TURER<br \/>\nFelles vandreturer for sosialt \u00abp\u00e5fyll\u00bb, fellesskap og samtaler..<br \/>\nVi m\u00f8tes annenhver mandag i bakg\u00e5rden bak til kirka (Kirkegata 3, Kristiansand) og utstyrt med godt hum\u00f8r og termos begir vi oss ut p\u00e5 kortere (eller lengre) turer til ulike turm\u00e5l i eller rundt bykjernen. Blir vi mange deler vi oss opp i mindre grupper.<br \/>\nVi tar oss god tid, s\u00e5 alle som \u00f8nsker kan bli med.<br \/>\nVi forventer latter, gode samtaler og nye vennskap. I pauser underveis kan kaffekoppen om \u00f8nskelig kombineres med b\u00f8nn og sang.<br \/>\nN\u00c5R: mandag 31.mai, 14.juni, 28.juni, 23.august, 6. september og 20.september<br \/>\nStart: kl 18.00<br \/>\nAvslutning: samme sted, ca kl 19:00\/19:30<br \/>\nIngen p\u00e5melding. Intet v\u00e6rforbehold.<br \/>\nVELKOMMEN!<br \/>\n<img loading=\"lazy\" decoding=\"async\" src=\"https:\/\/stansgar.katolsk.no\/wp-content\/uploads\/2021\/04\/image.png\" alt=\"\" width=\"138\" height=\"77\" class=\"alignnone size-full wp-image-8754\" \/><\/p>\n","protected":false},"excerpt":{"rendered":"<p>Coronapandemien har v\u00e6rt og er fortsatt utfordrende for mange. Ikke minst sosialt. Mange har savnet det store fellesskapet i Menigheten, slik vi kjenner det fra \u00abgode tider\u00bb. Med fullsatt kirke, kirkekaffe, m\u00f8ter og fester. Vi har savnet hverandre. Fortsatt setter&#8230;<br \/><a class=\"read-more-button\" href=\"https:\/\/stansgar.katolsk.no\/?p=8972\">Read more<\/a><\/p>\n","protected":false},"author":1,"featured_media":0,"comment_status":"open","ping_status":"open","sticky":false,"template":"","format":"standard","meta":{"footnotes":""},"categories":[204],"tags":[],"class_list":["post-8972","post","type-post","status-publish","format-standard","hentry","category-ukategorisert-nb"],"_links":{"self":[{"href":"https:\/\/stansgar.katolsk.no\/index.php?rest_route=\/wp\/v2\/posts\/8972","targetHints":{"allow":["GET"]}}],"collection":[{"href":"https:\/\/stansgar.katolsk.no\/index.php?rest_route=\/wp\/v2\/posts"}],"about":[{"href":"https:\/\/stansgar.katolsk.no\/index.php?rest_route=\/wp\/v2\/types\/post"}],"author":[{"embeddable":true,"href":"https:\/\/stansgar.katolsk.no\/index.php?rest_route=\/wp\/v2\/users\/1"}],"replies":[{"embeddable":true,"href":"https:\/\/stansgar.katolsk.no\/index.php?rest_route=%2Fwp%2Fv2%2Fcomments&post=8972"}],"version-history":[{"count":2,"href":"https:\/\/stansgar.katolsk.no\/index.php?rest_route=\/wp\/v2\/posts\/8972\/revisions"}],"predecessor-version":[{"id":8974,"href":"https:\/\/stansgar.katolsk.no\/index.php?rest_route=\/wp\/v2\/posts\/8972\/revisions\/8974"}],"wp:attachment":[{"href":"https:\/\/stansgar.katolsk.no\/index.php?rest_route=%2Fwp%2Fv2%2Fmedia&parent=8972"}],"wp:term":[{"taxonomy":"category","embeddable":true,"href":"https:\/\/stansgar.katolsk.no\/index.php?rest_route=%2Fwp%2Fv2%2Fcategories&post=8972"},{"taxonomy":"post_tag","embeddable":true,"href":"https:\/\/stansgar.katolsk.no\/index.php?rest_route=%2Fwp%2Fv2%2Ftags&post=8972"}],"curies":[{"name":"wp","href":"https:\/\/api.w.org\/{rel}","templated":true}]}}