{"id":8914,"date":"2021-05-09T10:01:36","date_gmt":"2021-05-09T08:01:36","guid":{"rendered":"https:\/\/stansgar.katolsk.no\/?p=8914"},"modified":"2021-05-07T11:14:03","modified_gmt":"2021-05-07T09:14:03","slug":"kunngjoringer-sondag-09-mai-2021","status":"publish","type":"post","link":"https:\/\/stansgar.katolsk.no\/?p=8914","title":{"rendered":"KUNNGJ\u00d8RINGER S\u00d8NDAG 09. MAI 2021"},"content":{"rendered":"<p style=\"text-align: center;\"><strong>KUNNGJ\u00d8RINGER S\u00d8NDAG 09. MAI 2021<\/strong><\/p>\n<table width=\"624\">\n<tbody>\n<tr>\n<td rowspan=\"2\" width=\"79\">Tirsdag<\/td>\n<td colspan=\"2\" rowspan=\"2\" width=\"65\">11.05.<\/td>\n<td colspan=\"3\" width=\"479\">JUBILEUM FOR 25 \u00c5RS PRESTEVIELSE TIL P. DAWID<\/td>\n<\/tr>\n<tr>\n<td width=\"31\">kl.<\/p>\n<p>kl.<\/td>\n<td width=\"53\">17.00<\/p>\n<p>18.00<\/td>\n<td width=\"396\">Tilbedelse<\/p>\n<p>Takksigelse messe p\u00e5 polsk<\/td>\n<\/tr>\n<tr>\n<td width=\"79\">Onsdag<\/td>\n<td colspan=\"2\" width=\"65\">12.05.<\/td>\n<td width=\"31\">kl.<\/p>\n<p>kl.<\/td>\n<td width=\"53\">17.30<\/p>\n<p>18.00<\/td>\n<td width=\"396\">Rosenkransandakt p\u00e5 vietnamesisk<\/p>\n<p>Messe<\/td>\n<\/tr>\n<tr>\n<td width=\"79\">Torsdag<\/td>\n<td colspan=\"2\" width=\"65\">13.05.<\/td>\n<td width=\"31\">&nbsp;<\/p>\n<p>&nbsp;<\/p>\n<p>kl.<\/p>\n<p>kl.<\/p>\n<p>kl.<\/td>\n<td width=\"53\">&nbsp;<\/p>\n<p>&nbsp;<\/p>\n<p>09.00<\/p>\n<p>11.00<\/p>\n<p>13.00<\/td>\n<td width=\"396\"><strong>Kristi himmelfart<\/strong><\/p>\n<p><strong>&nbsp;<\/strong><\/p>\n<p>Messe p\u00e5 polsk (ogs\u00e5 direktesendt)&nbsp;<\/p>\n<p>H\u00f8ymesse (ogs\u00e5 direktesendt)&nbsp;<\/p>\n<p>Messe p\u00e5 vietnamesisk (ogs\u00e5 direktesendt)&nbsp;<\/td>\n<\/tr>\n<tr>\n<td width=\"79\">Fredag<\/td>\n<td colspan=\"2\" width=\"65\">14.05.<\/td>\n<td width=\"31\">kl.<\/p>\n<p>kl.<\/td>\n<td width=\"53\">17.30<\/p>\n<p>18.00<\/td>\n<td width=\"396\">Rosenkransandakt p\u00e5 norsk<\/p>\n<p>Messe<\/td>\n<\/tr>\n<tr>\n<td width=\"79\">L\u00f8rdag<\/td>\n<td colspan=\"2\" width=\"65\">15.05.<\/td>\n<td width=\"31\">kl.<\/p>\n<p>kl.<\/p>\n<p>kl.<\/p>\n<p>kl.<\/td>\n<td width=\"53\">12.30<\/p>\n<p>13.00<\/p>\n<p>14.00<\/p>\n<p>18.00<\/td>\n<td width=\"396\">Rosenkransandakt<\/p>\n<p>Katekesemesse<\/p>\n<p>Messe p\u00e5 spansk<\/p>\n<p>Messe p\u00e5 polsk<\/td>\n<\/tr>\n<tr>\n<td colspan=\"6\" width=\"624\">S\u00f8ndag &nbsp;&nbsp;&nbsp;&nbsp;&nbsp;&nbsp;&nbsp;16.05.&nbsp;&nbsp;&nbsp;&nbsp;&nbsp; &nbsp;&nbsp;&nbsp;&nbsp;&nbsp;&nbsp;&nbsp;&nbsp; 7. S\u00d8NDAG I P\u00c5SKETIDEN.<\/td>\n<\/tr>\n<tr>\n<td colspan=\"2\" width=\"142\">&nbsp;<\/td>\n<td colspan=\"2\" width=\"33\">kl.<\/p>\n<p>kl.<\/p>\n<p>kl.<\/td>\n<td width=\"53\">09.00<\/p>\n<p>11.00<\/p>\n<p>13.00<\/td>\n<td width=\"396\">Messe p\u00e5 polsk (ogs\u00e5 direktesendt)&nbsp;<\/p>\n<p>Messe p\u00e5 norsk (ogs\u00e5 direktesendt)&nbsp;<\/p>\n<p>Messe p\u00e5 vietnamesisk (ogs\u00e5 direktesendt)&nbsp;<\/td>\n<\/tr>\n<\/tbody>\n<\/table>\n<p>&nbsp;<\/p>\n<p><strong>Annet:<\/strong><\/p>\n<p><strong>Feiring av 25 \u00e5rs jubileum for p. Dawids prestevielse<\/strong><\/p>\n<p>&nbsp;<\/p>\n<p>Tirsdag 11. mai feier p. Dawid 25 \u00e5rs jubileum som prest. Alle er velkomne til messen i St. Ansgar kirke tirsdag 11. mai kl. 18.00 for \u00e5 lovprise og takke v\u00e5r Far i himmelen sammen med p. Dawid p\u00e5 denne uforglemmelige dagen.<\/p>\n<p><strong>&nbsp;<\/strong><\/p>\n<p><strong>Ikke fysisk katekese l\u00f8rdag 15.05.21<\/strong><\/p>\n<p>Det blir ikke fysisk katekese l\u00f8rdag 15.05. Kateketene tar kontakt med foreldre om alternativ katekese p\u00e5 digitale plattformer eller sender oppgaver p\u00e5 mail. Etter hvert blir det ogs\u00e5 lagt ut p\u00e5 bloggen en oversikt over aktiviteter til de forskjellige klassene.<\/p>\n<p>Det er online direktesendt katekesemesse kl. 13.00. Vi oppfordrer spesielt konfirmantene og deres foreldre til \u00e5 delta p\u00e5 denne digitale messen.<\/p>\n<p><strong>&nbsp;<\/strong><\/p>\n<p><strong>I mai har vi rosenkransandakt:<\/strong><\/p>\n<ul>\n<li>f\u00f8r messene kl. 17.30: onsdager p\u00e5 vietnamesisk, torsdager og fredager p\u00e5 norsk og l\u00f8rdager p\u00e5 polsk.<\/li>\n<li>p\u00e5 torsdager p\u00e5 spansk kl. 19.00<\/li>\n<li>p\u00e5 onsdag p\u00e5 tagalog kl. 19.00<\/li>\n<\/ul>\n<p><strong>&nbsp;<\/strong><\/p>\n<p><strong>(Dette leses i hver s\u00f8ndagsmesse etter kunngj\u00f8ringene)<\/strong><\/p>\n<p>Etter messen bes alle om<\/p>\n<p>&#8211; \u00e5 ikke samles i grupper i kirkerommet eller ved d\u00f8rene.<\/p>\n<p>&#8211; \u00e5 g\u00e5 ut av kirken gjennom d\u00f8ren som dere gikk inn i kirken.<\/p>\n<p>&#8211; \u00e5 ikke samles i grupper i bakg\u00e5rden, Kongens gate eller Kirkegata.<\/p>\n<p>&nbsp;<\/p>\n<p>(<strong>p\u00e5 polsk<\/strong>):<\/p>\n<p>Prosimy wszystkich uczestnik\u00f3w mszy aby po jej zako\u0144czeniu:<br \/>\n&#8211; nie gromadzi\u0107 si\u0119 w \u015brodku ko\u015bcio\u0142a lub przy drzwiach,<br \/>\n&#8211; wyj\u015b\u0107 z ko\u015bcio\u0142a przez drzwi, kt\u00f3rymi si\u0119 wesz\u0142o,<br \/>\n&#8211; nie gromadzi\u0107 si\u0119 na podw\u00f3rku(plebanii), w bramie lub na ulicy Kirkegata.<\/p>\n<p>&nbsp;<\/p>\n<p>(<strong>p\u00e5 vietnamesisk<\/strong>)<\/p>\n<p>Sau Th\u00e1nh L\u1ec5, xin m\u1ecdi ng\u01b0\u1eddi:<\/p>\n<p>&#8211; Kh\u00f4ng t\u1ee5 h\u1ecdp trong nh\u00e0 th\u1edd v\u00e0 \u1edf c\u1eeda ra v\u00e0o.<\/p>\n<p>&#8211; V\u00e0o l\u1ed1i n\u00e0o th\u00ec xin \u0111i ra b\u1eb1ng l\u1ed1i \u0111\u00f3.<\/p>\n<p>&#8211; Kh\u00f4ng t\u1ee5 h\u1ecdp \u1edf s\u00e2n nh\u00e0 th\u1edd, c\u1ea3 hai ph\u00eda \u0111\u01b0\u1eddng Kongens gate v\u00e0 Kirkegata.<\/p>\n<p><strong>&nbsp;<\/strong><\/p>\n<p style=\"text-align: center;\"><strong>&nbsp;&nbsp;&nbsp;&nbsp;&nbsp;&nbsp;&nbsp;&nbsp;&nbsp;&nbsp;&nbsp;&nbsp;&nbsp;&nbsp;&nbsp;&nbsp;&nbsp;&nbsp;&nbsp;&nbsp;&nbsp;&nbsp;&nbsp;&nbsp;&nbsp;&nbsp;&nbsp;&nbsp;&nbsp;&nbsp;&nbsp;&nbsp;&nbsp;&nbsp;&nbsp;&nbsp;&nbsp;&nbsp;&nbsp;&nbsp;&nbsp;&nbsp;&nbsp;&nbsp;&nbsp;&nbsp;&nbsp;&nbsp;&nbsp;&nbsp; <\/strong><strong>\u00d8nsker dere en riktig god s\u00f8ndag! <\/strong><\/p>\n<p>&nbsp;<\/p>\n<p><strong>&nbsp;<\/strong><\/p>\n","protected":false},"excerpt":{"rendered":"<p>KUNNGJ\u00d8RINGER S\u00d8NDAG 09. MAI 2021 Tirsdag 11.05. JUBILEUM FOR 25 \u00c5RS PRESTEVIELSE TIL P. DAWID kl. kl. 17.00 18.00 Tilbedelse Takksigelse messe p\u00e5 polsk Onsdag 12.05. kl. kl. 17.30 18.00 Rosenkransandakt p\u00e5 vietnamesisk Messe Torsdag 13.05. &nbsp; &nbsp; kl. kl&#8230;.<br \/><a class=\"read-more-button\" href=\"https:\/\/stansgar.katolsk.no\/?p=8914\">Read more<\/a><\/p>\n","protected":false},"author":1,"featured_media":0,"comment_status":"open","ping_status":"open","sticky":false,"template":"","format":"standard","meta":{"footnotes":""},"categories":[482],"tags":[],"class_list":["post-8914","post","type-post","status-publish","format-standard","hentry","category-kunngjoringer"],"_links":{"self":[{"href":"https:\/\/stansgar.katolsk.no\/index.php?rest_route=\/wp\/v2\/posts\/8914","targetHints":{"allow":["GET"]}}],"collection":[{"href":"https:\/\/stansgar.katolsk.no\/index.php?rest_route=\/wp\/v2\/posts"}],"about":[{"href":"https:\/\/stansgar.katolsk.no\/index.php?rest_route=\/wp\/v2\/types\/post"}],"author":[{"embeddable":true,"href":"https:\/\/stansgar.katolsk.no\/index.php?rest_route=\/wp\/v2\/users\/1"}],"replies":[{"embeddable":true,"href":"https:\/\/stansgar.katolsk.no\/index.php?rest_route=%2Fwp%2Fv2%2Fcomments&post=8914"}],"version-history":[{"count":1,"href":"https:\/\/stansgar.katolsk.no\/index.php?rest_route=\/wp\/v2\/posts\/8914\/revisions"}],"predecessor-version":[{"id":8915,"href":"https:\/\/stansgar.katolsk.no\/index.php?rest_route=\/wp\/v2\/posts\/8914\/revisions\/8915"}],"wp:attachment":[{"href":"https:\/\/stansgar.katolsk.no\/index.php?rest_route=%2Fwp%2Fv2%2Fmedia&parent=8914"}],"wp:term":[{"taxonomy":"category","embeddable":true,"href":"https:\/\/stansgar.katolsk.no\/index.php?rest_route=%2Fwp%2Fv2%2Fcategories&post=8914"},{"taxonomy":"post_tag","embeddable":true,"href":"https:\/\/stansgar.katolsk.no\/index.php?rest_route=%2Fwp%2Fv2%2Ftags&post=8914"}],"curies":[{"name":"wp","href":"https:\/\/api.w.org\/{rel}","templated":true}]}}