{"id":8906,"date":"2021-05-02T10:01:37","date_gmt":"2021-05-02T08:01:37","guid":{"rendered":"https:\/\/stansgar.katolsk.no\/?p=8906"},"modified":"2021-04-30T13:19:14","modified_gmt":"2021-04-30T11:19:14","slug":"kunngjoringer-sondag-2-mai-2021","status":"publish","type":"post","link":"https:\/\/stansgar.katolsk.no\/?p=8906","title":{"rendered":"KUNNGJ\u00d8RINGER S\u00d8NDAG 2. MAI 2021"},"content":{"rendered":"<p style=\"text-align: center;\"><strong>KUNNGJ\u00d8RINGER S\u00d8NDAG 2. MAI 2021<\/strong><\/p>\n<table width=\"624\">\n<tbody>\n<tr>\n<td width=\"79\">Mandag<\/td>\n<td colspan=\"2\" width=\"65\">03.05<\/td>\n<td width=\"31\">&nbsp;<\/p>\n<p>&nbsp;<\/p>\n<p>kl.<\/td>\n<td width=\"53\">&nbsp;<\/p>\n<p>&nbsp;<\/p>\n<p>18.00<\/td>\n<td width=\"396\"><strong>H\u00f8ytid i Polen &#8211; Jomfru Maria fra Cz\u0119stochowa<br \/>\nog polsk nasjonaldag (Grunnlovsdag)<\/strong><\/p>\n<p>Messe p\u00e5 polsk<\/td>\n<\/tr>\n<tr>\n<td width=\"79\">Tirsdag<\/td>\n<td colspan=\"2\" width=\"65\">04.05<\/td>\n<td width=\"31\">kl.<\/p>\n<p>kl.<\/td>\n<td width=\"53\">17.30<\/p>\n<p>18.00<\/td>\n<td width=\"396\">Vesper<\/p>\n<p>Messe &#8211; etterfulgt av sakramentstilbedelse<\/td>\n<\/tr>\n<tr>\n<td width=\"79\">Onsdag<\/td>\n<td colspan=\"2\" width=\"65\">05.05<\/td>\n<td width=\"31\">kl.<\/td>\n<td width=\"53\">18.00<\/td>\n<td width=\"396\">Messe<\/td>\n<\/tr>\n<tr>\n<td width=\"79\">Torsdag<\/td>\n<td colspan=\"2\" width=\"65\">06.05<\/td>\n<td width=\"31\">kl.<\/p>\n<p>&nbsp;<\/p>\n<p>&nbsp;<\/p>\n<p>kl.<\/td>\n<td width=\"53\">11.00<\/p>\n<p>&nbsp;<\/p>\n<p>&nbsp;<\/p>\n<p>18.00<\/td>\n<td width=\"396\">Messe &#8211; Etter messen er det stille tilbedelse fram til<br \/>\nkl. 17.45. Vi ber spesielt for kall til ordenslivet<br \/>\nog presteskapet.<\/p>\n<p>Messe<\/td>\n<\/tr>\n<tr>\n<td width=\"79\">Fredag<\/td>\n<td colspan=\"2\" width=\"65\">07.05<\/td>\n<td width=\"31\">kl.<\/p>\n<p>kl.<\/td>\n<td width=\"53\">17.00<\/p>\n<p>18.00<\/td>\n<td width=\"396\">Sakramentstilbedelse \u2013 Skriftem\u00e5l under tilbedelsen<\/p>\n<p>Messe<\/td>\n<\/tr>\n<tr>\n<td width=\"79\">L\u00f8rdag<\/td>\n<td colspan=\"2\" width=\"65\">08.05<\/td>\n<td width=\"31\">kl.<\/p>\n<p>kl.<\/p>\n<p>kl.<\/td>\n<td width=\"53\">12.30<\/p>\n<p>13.00<\/p>\n<p>18.00<\/td>\n<td width=\"396\">Rosenkransandakt<\/p>\n<p>Katekesemesse<\/p>\n<p>Messe p\u00e5 polsk<\/td>\n<\/tr>\n<tr>\n<td colspan=\"6\" width=\"624\">S\u00f8ndag &nbsp;&nbsp;&nbsp;&nbsp;&nbsp;&nbsp;&nbsp;09.05 &nbsp;&nbsp;&nbsp;&nbsp;&nbsp; &nbsp;&nbsp;&nbsp;&nbsp;&nbsp;&nbsp;&nbsp;&nbsp;&nbsp;6. S\u00d8NDAG I P\u00c5SKETIDEN.<\/td>\n<\/tr>\n<tr>\n<td colspan=\"2\" width=\"142\">&nbsp;<\/td>\n<td colspan=\"2\" width=\"33\">kl.<\/p>\n<p>kl.<\/p>\n<p>kl.<\/td>\n<td width=\"53\">09.00<\/p>\n<p>11.00<\/p>\n<p>13.00<\/td>\n<td width=\"396\">Messe p\u00e5 polsk (ogs\u00e5 direktesendt)&nbsp;<\/p>\n<p>Messe p\u00e5 norsk (ogs\u00e5 direktesendt)&nbsp;<\/p>\n<p>Messe p\u00e5 vietnamesisk (ogs\u00e5 direktesendt)&nbsp;<\/td>\n<\/tr>\n<\/tbody>\n<\/table>\n<p><strong>Annet:<\/strong><\/p>\n<p><strong>Ikke fysisk katekese l\u00f8rdag 8.05.21<\/strong><\/p>\n<p>&nbsp;<\/p>\n<p>Det blir ikke fysisk katekese l\u00f8rdag 8.05. Kateketene tar kontakt med foreldre om alternativ katekese p\u00e5 digitale plattformer eller sender oppgaver p\u00e5 mail.<\/p>\n<p>Etter hvert blir det ogs\u00e5 lagt ut p\u00e5 bloggen en oversikt over aktiviteter til de forskjellige klassene.<\/p>\n<p>Det er online direktesendt katekesemesse kl. 13.00. Vi oppfordrer spesielt foreldre til<br \/>\n&nbsp;1. kommunions barn til \u00e5 delta sammen med barna p\u00e5 denne digitale messen.<\/p>\n<p><strong>&nbsp;<\/strong><\/p>\n<p><strong>I mai har vi rosenkransandakt:<\/strong><\/p>\n<ul>\n<li>f\u00f8r messene kl. 17.30: onsdager p\u00e5 vietnamesisk, torsdager og fredager p\u00e5 norsk og l\u00f8rdager p\u00e5 polsk.<\/li>\n<li>p\u00e5 torsdager p\u00e5 spansk kl. 19.00<\/li>\n<\/ul>\n<ul>\n<li>Munnbind anbefales sterkt i messen.<\/li>\n<li>Tirsdag 4. mai kl. 19:00 er det bibelgruppe.<\/li>\n<\/ul>\n<p><strong>&nbsp;<\/strong><\/p>\n<p><strong>(Dette leses i hver s\u00f8ndagsmesse etter kunngj\u00f8ringene.)<\/strong><\/p>\n<p>Etter messen bes alle om<\/p>\n<p>&#8211; \u00e5 ikke samles i grupper i kirkerommet eller ved d\u00f8rene.<\/p>\n<p>&#8211; \u00e5 g\u00e5 ut av kirken gjennom d\u00f8ren som dere gikk inn i kirken.<\/p>\n<p>&#8211; \u00e5 ikke samles i grupper i bakg\u00e5rden, Kongens gate eller Kirkegata.<\/p>\n<p>&nbsp;<\/p>\n<p>(<strong>p\u00e5 polsk<\/strong>):<br \/>\nProsimy wszystkich uczestnik\u00f3w mszy aby po jej zako\u0144czeniu:<br \/>\n&#8211; nie gromadzi\u0107 si\u0119 w \u015brodku ko\u015bcio\u0142a lub przy drzwiach,<br \/>\n&#8211; wyj\u015b\u0107 z ko\u015bcio\u0142a przez drzwi, kt\u00f3rymi si\u0119 wesz\u0142o,<br \/>\n&#8211; nie gromadzi\u0107 si\u0119 na podw\u00f3rku(plebanii), w bramie lub na ulicy Kirkegata.<\/p>\n<p>&nbsp;<\/p>\n<p>(<strong>p\u00e5 vietnamesisk<\/strong>)<\/p>\n<p>Sau Th\u00e1nh L\u1ec5, xin m\u1ecdi ng\u01b0\u1eddi:<\/p>\n<p>&#8211; Kh\u00f4ng t\u1ee5 h\u1ecdp trong nh\u00e0 th\u1edd v\u00e0 \u1edf c\u1eeda ra v\u00e0o.<\/p>\n<p>&#8211; V\u00e0o l\u1ed1i n\u00e0o th\u00ec xin \u0111i ra b\u1eb1ng l\u1ed1i \u0111\u00f3.<\/p>\n<p>&#8211; Kh\u00f4ng t\u1ee5 h\u1ecdp \u1edf s\u00e2n nh\u00e0 th\u1edd, c\u1ea3 hai ph\u00eda \u0111\u01b0\u1eddng Kongens gate v\u00e0 Kirkegata.<\/p>\n<p><strong>&nbsp;<\/strong><\/p>\n<p style=\"text-align: center;\"><strong>&nbsp;&nbsp;&nbsp;&nbsp;&nbsp;&nbsp;&nbsp;&nbsp;&nbsp;&nbsp;&nbsp;&nbsp;&nbsp;&nbsp;&nbsp;&nbsp;&nbsp;&nbsp;&nbsp;&nbsp;&nbsp;&nbsp;&nbsp;&nbsp;&nbsp;&nbsp;&nbsp;&nbsp;&nbsp;&nbsp;&nbsp;&nbsp;&nbsp;&nbsp;&nbsp;&nbsp;&nbsp;&nbsp;&nbsp;&nbsp;&nbsp;&nbsp;&nbsp;&nbsp;&nbsp;&nbsp;&nbsp;&nbsp;&nbsp;&nbsp; <\/strong><strong>\u00d8nsker dere en riktig god s\u00f8ndag! <\/strong><\/p>\n<p style=\"text-align: center;\">&nbsp;<\/p>\n<p><strong>&nbsp;<\/strong><\/p>\n","protected":false},"excerpt":{"rendered":"<p>KUNNGJ\u00d8RINGER S\u00d8NDAG 2. MAI 2021 Mandag 03.05 &nbsp; &nbsp; kl. &nbsp; &nbsp; 18.00 H\u00f8ytid i Polen &#8211; Jomfru Maria fra Cz\u0119stochowa og polsk nasjonaldag (Grunnlovsdag) Messe p\u00e5 polsk Tirsdag 04.05 kl. kl. 17.30 18.00 Vesper Messe &#8211; etterfulgt av sakramentstilbedelse&#8230;<br \/><a class=\"read-more-button\" href=\"https:\/\/stansgar.katolsk.no\/?p=8906\">Read more<\/a><\/p>\n","protected":false},"author":1,"featured_media":0,"comment_status":"open","ping_status":"open","sticky":false,"template":"","format":"standard","meta":{"footnotes":""},"categories":[482],"tags":[],"class_list":["post-8906","post","type-post","status-publish","format-standard","hentry","category-kunngjoringer"],"_links":{"self":[{"href":"https:\/\/stansgar.katolsk.no\/index.php?rest_route=\/wp\/v2\/posts\/8906","targetHints":{"allow":["GET"]}}],"collection":[{"href":"https:\/\/stansgar.katolsk.no\/index.php?rest_route=\/wp\/v2\/posts"}],"about":[{"href":"https:\/\/stansgar.katolsk.no\/index.php?rest_route=\/wp\/v2\/types\/post"}],"author":[{"embeddable":true,"href":"https:\/\/stansgar.katolsk.no\/index.php?rest_route=\/wp\/v2\/users\/1"}],"replies":[{"embeddable":true,"href":"https:\/\/stansgar.katolsk.no\/index.php?rest_route=%2Fwp%2Fv2%2Fcomments&post=8906"}],"version-history":[{"count":1,"href":"https:\/\/stansgar.katolsk.no\/index.php?rest_route=\/wp\/v2\/posts\/8906\/revisions"}],"predecessor-version":[{"id":8907,"href":"https:\/\/stansgar.katolsk.no\/index.php?rest_route=\/wp\/v2\/posts\/8906\/revisions\/8907"}],"wp:attachment":[{"href":"https:\/\/stansgar.katolsk.no\/index.php?rest_route=%2Fwp%2Fv2%2Fmedia&parent=8906"}],"wp:term":[{"taxonomy":"category","embeddable":true,"href":"https:\/\/stansgar.katolsk.no\/index.php?rest_route=%2Fwp%2Fv2%2Fcategories&post=8906"},{"taxonomy":"post_tag","embeddable":true,"href":"https:\/\/stansgar.katolsk.no\/index.php?rest_route=%2Fwp%2Fv2%2Ftags&post=8906"}],"curies":[{"name":"wp","href":"https:\/\/api.w.org\/{rel}","templated":true}]}}