{"id":886,"date":"2013-05-06T11:17:00","date_gmt":"2013-05-06T09:17:00","guid":{"rendered":"http:\/\/stansgar.katolsk.no\/index.php\/2013\/05\/06\/17-mai-i-stansgar\/"},"modified":"2018-10-12T09:12:56","modified_gmt":"2018-10-12T07:12:56","slug":"17-mai-i-stansgar","status":"publish","type":"post","link":"https:\/\/stansgar.katolsk.no\/?p=886","title":{"rendered":"17. mai i St.Ansgar"},"content":{"rendered":"<p><\/p>\n<div class=\"MsoNormal\" style=\"background-color: white; color: #222222; font-size: 13px;\">\n<b>Fredag 17. mai<\/b>&nbsp;blir det messe i KIGA kl 15<u><\/u><u><\/u><\/div>\n<div class=\"MsoNormal\" style=\"background-color: white; color: #222222; font-size: 13px;\">\n<\/div>\n<div class=\"MsoNormal\" style=\"background-color: white; color: #222222; font-size: 13px;\">\n<b>Kl. 17<\/b> blir det grillfest i og utenfor KIGA i anledning grunnlovsdagen, og i anledning p. Frodes f\u00f8dselsdag, som er p\u00e5 17. mai. Kollekt ved inngangen g\u00e5r til utsmykning av den nye kirken.<u><\/u><u><\/u><\/div>\n<div class=\"MsoNormal\" style=\"background-color: white; color: #222222; font-size: 13px;\">\nVi m\u00e5 vite hvor mange som kommer slik at mat kan forberedes. Meld deg p\u00e5 til Ragnhild Loch, Doan Van Tao eller send e-post til&nbsp;<a href=\"mailto:kristiansand@katolsk.no\" style=\"color: #1155cc;\" target=\"_blank\">kristiansand@katolsk.no<\/a><\/div>\n<div class=\"separator\" style=\"clear: both; text-align: center;\">\n<\/div>\n<div class=\"separator\" style=\"clear: both; text-align: center;\">\n<\/div>\n<div class=\"separator\" style=\"clear: both; text-align: center;\">\n<\/div>\n<div class=\"separator\" style=\"clear: both; text-align: center;\">\n<a href=\"http:\/\/t3.gstatic.com\/images?q=tbn:ANd9GcTB3YL4uW_WOvGgcsvFpwKuI_iWuCgbb1X-_rm-WOTFwVbyppIrNQ\" imageanchor=\"1\" style=\"margin-left: 1em; margin-right: 1em;\"><img loading=\"lazy\" decoding=\"async\" border=\"0\" height=\"238\" src=\"http:\/\/t3.gstatic.com\/images?q=tbn:ANd9GcTB3YL4uW_WOvGgcsvFpwKuI_iWuCgbb1X-_rm-WOTFwVbyppIrNQ\" width=\"320\" \/><\/a><\/div>\n<div class=\"MsoNormal\" style=\"background-color: white; color: #222222; font-size: 13px;\">\n<\/div>\n","protected":false},"excerpt":{"rendered":"<p>Fredag 17. mai&nbsp;blir det messe i KIGA kl 15 Kl. 17 blir det grillfest i og utenfor KIGA i anledning grunnlovsdagen, og i anledning p. Frodes f\u00f8dselsdag, som er p\u00e5 17. mai. Kollekt ved inngangen g\u00e5r til utsmykning av den&#8230;<br \/><a class=\"read-more-button\" href=\"https:\/\/stansgar.katolsk.no\/?p=886\">Read more<\/a><\/p>\n","protected":false},"author":3,"featured_media":0,"comment_status":"open","ping_status":"open","sticky":false,"template":"","format":"standard","meta":{"footnotes":""},"categories":[1],"tags":[77,152],"class_list":["post-886","post","type-post","status-publish","format-standard","hentry","category-ukategorisert","tag-17-mai","tag-fest"],"_links":{"self":[{"href":"https:\/\/stansgar.katolsk.no\/index.php?rest_route=\/wp\/v2\/posts\/886","targetHints":{"allow":["GET"]}}],"collection":[{"href":"https:\/\/stansgar.katolsk.no\/index.php?rest_route=\/wp\/v2\/posts"}],"about":[{"href":"https:\/\/stansgar.katolsk.no\/index.php?rest_route=\/wp\/v2\/types\/post"}],"author":[{"embeddable":true,"href":"https:\/\/stansgar.katolsk.no\/index.php?rest_route=\/wp\/v2\/users\/3"}],"replies":[{"embeddable":true,"href":"https:\/\/stansgar.katolsk.no\/index.php?rest_route=%2Fwp%2Fv2%2Fcomments&post=886"}],"version-history":[{"count":1,"href":"https:\/\/stansgar.katolsk.no\/index.php?rest_route=\/wp\/v2\/posts\/886\/revisions"}],"predecessor-version":[{"id":2938,"href":"https:\/\/stansgar.katolsk.no\/index.php?rest_route=\/wp\/v2\/posts\/886\/revisions\/2938"}],"wp:attachment":[{"href":"https:\/\/stansgar.katolsk.no\/index.php?rest_route=%2Fwp%2Fv2%2Fmedia&parent=886"}],"wp:term":[{"taxonomy":"category","embeddable":true,"href":"https:\/\/stansgar.katolsk.no\/index.php?rest_route=%2Fwp%2Fv2%2Fcategories&post=886"},{"taxonomy":"post_tag","embeddable":true,"href":"https:\/\/stansgar.katolsk.no\/index.php?rest_route=%2Fwp%2Fv2%2Ftags&post=886"}],"curies":[{"name":"wp","href":"https:\/\/api.w.org\/{rel}","templated":true}]}}