{"id":881,"date":"2013-05-22T08:07:00","date_gmt":"2013-05-22T06:07:00","guid":{"rendered":"http:\/\/stansgar.katolsk.no\/index.php\/2013\/05\/22\/kunngjringer-sndag-19-mai-2013\/"},"modified":"2018-10-12T09:12:56","modified_gmt":"2018-10-12T07:12:56","slug":"kunngjringer-sndag-19-mai-2013","status":"publish","type":"post","link":"https:\/\/stansgar.katolsk.no\/?p=881","title":{"rendered":"Kunngj\u00f8ringer s\u00f8ndag 19. mai  2013"},"content":{"rendered":"<p><\/p>\n<div class=\"MsoNormal\" style=\"background-color: white; color: #222222; font-size: 13px;\">\n<\/div>\n<div class=\"MsoNormal\" style=\"background-color: white; color: #222222; font-size: 13px;\">\n<\/div>\n<div class=\"MsoNormal\" style=\"background-color: white; color: #222222; font-size: 13px;\">\n<\/div>\n<div class=\"MsoNormal\" style=\"background-color: white; color: #222222; font-size: 13px;\">\n<b>Tirsdag til fredag er det messe i KIGA kl. 18<\/b><u><\/u><u><\/u><\/div>\n<div class=\"MsoNormal\" style=\"background-color: white; color: #222222; font-size: 13px;\">\n<\/div>\n<div class=\"MsoNormal\" style=\"background-color: white; color: #222222; font-size: 13px;\">\n<b>L\u00f8rdag 25. mai<\/b> er det messe i Farsund kl 12 og i Flekkefjord kl 16<u><\/u><u><\/u><\/div>\n<div class=\"MsoNormal\" style=\"background-color: white; color: #222222; font-size: 13px;\">\n<\/div>\n<div class=\"MsoNormal\" style=\"background-color: white; color: #222222; font-size: 13px;\">\n<b>S\u00f8ndag 26. mai<\/b> er det messe i Domkirken kl 14<u><\/u><u><\/u><\/div>\n<div class=\"MsoNormal\" style=\"background-color: white; color: #222222; font-size: 13px;\">\n<\/div>\n<div class=\"MsoNormal\" style=\"background-color: white; color: #222222; font-size: 13px;\">\n<b>S\u00f8ndag 26. mai<\/b> er det messe p\u00e5 polsk p\u00e5 Stella Maris i Mandal<u><\/u><u><\/u><\/div>\n<div class=\"MsoNormal\" style=\"background-color: white; color: #222222; font-size: 13px;\">\n<\/div>\n<div class=\"MsoNormal\" style=\"background-color: white; color: #222222; font-size: 13px;\">\n<b>Norges Unge katolikker<\/b> inviterer barn og unge p\u00e5 leir til sommeren.&nbsp; Informasjonsbrosjyrer kan f\u00e5s ved henvendelse til menighetskontoret. Informasjonen st\u00e5r p\u00e5 polsk, tamil, engelsk og vietnamesisk, i tillegg til norsk.<\/div>\n","protected":false},"excerpt":{"rendered":"<p>Tirsdag til fredag er det messe i KIGA kl. 18 L\u00f8rdag 25. mai er det messe i Farsund kl 12 og i Flekkefjord kl 16 S\u00f8ndag 26. mai er det messe i Domkirken kl 14 S\u00f8ndag 26. mai er det&#8230;<br \/><a class=\"read-more-button\" href=\"https:\/\/stansgar.katolsk.no\/?p=881\">Read more<\/a><\/p>\n","protected":false},"author":3,"featured_media":0,"comment_status":"open","ping_status":"open","sticky":false,"template":"","format":"standard","meta":{"footnotes":""},"categories":[1],"tags":[3],"class_list":["post-881","post","type-post","status-publish","format-standard","hentry","category-ukategorisert","tag-kunngjoringer"],"_links":{"self":[{"href":"https:\/\/stansgar.katolsk.no\/index.php?rest_route=\/wp\/v2\/posts\/881","targetHints":{"allow":["GET"]}}],"collection":[{"href":"https:\/\/stansgar.katolsk.no\/index.php?rest_route=\/wp\/v2\/posts"}],"about":[{"href":"https:\/\/stansgar.katolsk.no\/index.php?rest_route=\/wp\/v2\/types\/post"}],"author":[{"embeddable":true,"href":"https:\/\/stansgar.katolsk.no\/index.php?rest_route=\/wp\/v2\/users\/3"}],"replies":[{"embeddable":true,"href":"https:\/\/stansgar.katolsk.no\/index.php?rest_route=%2Fwp%2Fv2%2Fcomments&post=881"}],"version-history":[{"count":1,"href":"https:\/\/stansgar.katolsk.no\/index.php?rest_route=\/wp\/v2\/posts\/881\/revisions"}],"predecessor-version":[{"id":2931,"href":"https:\/\/stansgar.katolsk.no\/index.php?rest_route=\/wp\/v2\/posts\/881\/revisions\/2931"}],"wp:attachment":[{"href":"https:\/\/stansgar.katolsk.no\/index.php?rest_route=%2Fwp%2Fv2%2Fmedia&parent=881"}],"wp:term":[{"taxonomy":"category","embeddable":true,"href":"https:\/\/stansgar.katolsk.no\/index.php?rest_route=%2Fwp%2Fv2%2Fcategories&post=881"},{"taxonomy":"post_tag","embeddable":true,"href":"https:\/\/stansgar.katolsk.no\/index.php?rest_route=%2Fwp%2Fv2%2Ftags&post=881"}],"curies":[{"name":"wp","href":"https:\/\/api.w.org\/{rel}","templated":true}]}}