{"id":8673,"date":"2021-03-19T15:01:25","date_gmt":"2021-03-19T14:01:25","guid":{"rendered":"https:\/\/stansgar.katolsk.no\/?p=8673"},"modified":"2021-03-20T08:27:32","modified_gmt":"2021-03-20T07:27:32","slug":"forberedelse-til-paskes-feiring","status":"publish","type":"post","link":"https:\/\/stansgar.katolsk.no\/?p=8673","title":{"rendered":"FORBEREDELSE TIL P\u00c5SKENS FEIRING"},"content":{"rendered":"<p>FORBEREDELSE TIL P\u00c5SKENS FEIRING<img loading=\"lazy\" decoding=\"async\" class=\"alignright wp-image-8679 \" src=\"https:\/\/stansgar.katolsk.no\/wp-content\/uploads\/2021\/03\/ny11.jpg\" alt=\"\" width=\"116\" height=\"219\" srcset=\"https:\/\/stansgar.katolsk.no\/wp-content\/uploads\/2021\/03\/ny11.jpg 1121w, https:\/\/stansgar.katolsk.no\/wp-content\/uploads\/2021\/03\/ny11-158x300.jpg 158w, https:\/\/stansgar.katolsk.no\/wp-content\/uploads\/2021\/03\/ny11-541x1024.jpg 541w, https:\/\/stansgar.katolsk.no\/wp-content\/uploads\/2021\/03\/ny11-768x1454.jpg 768w, https:\/\/stansgar.katolsk.no\/wp-content\/uploads\/2021\/03\/ny11-811x1536.jpg 811w, https:\/\/stansgar.katolsk.no\/wp-content\/uploads\/2021\/03\/ny11-1082x2048.jpg 1082w, https:\/\/stansgar.katolsk.no\/wp-content\/uploads\/2021\/03\/ny11-956x1810.jpg 956w\" sizes=\"auto, (max-width: 116px) 100vw, 116px\" \/><\/p>\n<p>Vi kan ikke planlegge messene i den Hellige Uke f\u00f8r de nye lokale tiltakene kommer 30. mars. Vi h\u00e5per at situasjonen skal bli bedre slik at vi kan feire P\u00e5ske sammen.<\/p>\n<p>Vi forbereder oss allikevel til P\u00e5skens feiring ved \u00e5 omvende oss, komme til skriftem\u00e5lets sakrament og gj\u00f8re gode kj\u00e6rlighetsgjerninger mot v\u00e5r neste.<\/p>\n<p>Vi prester oppfordrer alle til \u00e5 komme til skriftem\u00e5lets sakrament.<\/p>\n<p>Vi h\u00f8rer skriftem\u00e5l fra tirsdag til l\u00f8rdag, fra kl. 9.00 til kl. 19.00. Alle som \u00f8nsker \u00e5 skrifte, gir beskjed til oss.<\/p>\n<p>p. Tien og p. Dawid.<\/p>\n","protected":false},"excerpt":{"rendered":"<p>FORBEREDELSE TIL P\u00c5SKENS FEIRING Vi kan ikke planlegge messene i den Hellige Uke f\u00f8r de nye lokale tiltakene kommer 30. mars. Vi h\u00e5per at situasjonen skal bli bedre slik at vi kan feire P\u00e5ske sammen. Vi forbereder oss allikevel til&#8230;<br \/><a class=\"read-more-button\" href=\"https:\/\/stansgar.katolsk.no\/?p=8673\">Read more<\/a><\/p>\n","protected":false},"author":5,"featured_media":8679,"comment_status":"open","ping_status":"open","sticky":false,"template":"","format":"standard","meta":{"footnotes":""},"categories":[482],"tags":[547,26,87],"class_list":["post-8673","post","type-post","status-publish","format-standard","has-post-thumbnail","hentry","category-kunngjoringer","tag-kunngjorinerg","tag-paske","tag-skriftemal"],"_links":{"self":[{"href":"https:\/\/stansgar.katolsk.no\/index.php?rest_route=\/wp\/v2\/posts\/8673","targetHints":{"allow":["GET"]}}],"collection":[{"href":"https:\/\/stansgar.katolsk.no\/index.php?rest_route=\/wp\/v2\/posts"}],"about":[{"href":"https:\/\/stansgar.katolsk.no\/index.php?rest_route=\/wp\/v2\/types\/post"}],"author":[{"embeddable":true,"href":"https:\/\/stansgar.katolsk.no\/index.php?rest_route=\/wp\/v2\/users\/5"}],"replies":[{"embeddable":true,"href":"https:\/\/stansgar.katolsk.no\/index.php?rest_route=%2Fwp%2Fv2%2Fcomments&post=8673"}],"version-history":[{"count":7,"href":"https:\/\/stansgar.katolsk.no\/index.php?rest_route=\/wp\/v2\/posts\/8673\/revisions"}],"predecessor-version":[{"id":8689,"href":"https:\/\/stansgar.katolsk.no\/index.php?rest_route=\/wp\/v2\/posts\/8673\/revisions\/8689"}],"wp:featuredmedia":[{"embeddable":true,"href":"https:\/\/stansgar.katolsk.no\/index.php?rest_route=\/wp\/v2\/media\/8679"}],"wp:attachment":[{"href":"https:\/\/stansgar.katolsk.no\/index.php?rest_route=%2Fwp%2Fv2%2Fmedia&parent=8673"}],"wp:term":[{"taxonomy":"category","embeddable":true,"href":"https:\/\/stansgar.katolsk.no\/index.php?rest_route=%2Fwp%2Fv2%2Fcategories&post=8673"},{"taxonomy":"post_tag","embeddable":true,"href":"https:\/\/stansgar.katolsk.no\/index.php?rest_route=%2Fwp%2Fv2%2Ftags&post=8673"}],"curies":[{"name":"wp","href":"https:\/\/api.w.org\/{rel}","templated":true}]}}