{"id":862,"date":"2013-07-03T17:15:00","date_gmt":"2013-07-03T15:15:00","guid":{"rendered":"http:\/\/stansgar.katolsk.no\/index.php\/2013\/07\/03\/rip-2\/"},"modified":"2018-10-12T09:12:54","modified_gmt":"2018-10-12T07:12:54","slug":"rip-2","status":"publish","type":"post","link":"https:\/\/stansgar.katolsk.no\/?p=862","title":{"rendered":"R.I.P."},"content":{"rendered":"<p><\/p>\n<div style=\"background-color: white;\">\n<div class=\"separator\" style=\"clear: both; font-size: 13px; text-align: center;\">\n<a href=\"http:\/\/2.bp.blogspot.com\/-iqElsno2bSw\/UdRawOry_kI\/AAAAAAAAEGQ\/WkfPKQtomFA\/s1600\/SCAN0003.jpg\" imageanchor=\"1\" style=\"margin-left: 1em; margin-right: 1em;\"><br \/><\/a><\/div>\n<div style=\"margin-left: 1em; margin-right: 1em; text-align: -webkit-auto;\">\n<a href=\"http:\/\/2.bp.blogspot.com\/-iqElsno2bSw\/UdRawOry_kI\/AAAAAAAAEGQ\/WkfPKQtomFA\/s1600\/SCAN0003.jpg\" imageanchor=\"1\" style=\"margin-left: 1em; margin-right: 1em;\"><img loading=\"lazy\" decoding=\"async\" border=\"0\" height=\"476\" src=\"http:\/\/stansgar.katolsk.no\/wp-content\/uploads\/2013\/07\/SCAN0003.jpg\" width=\"640\" \/><\/a><\/div>\n<p><\/p>\n<div class=\"MsoNormal\" style=\"font-size: 13px;\">\n<\/div>\n<div class=\"MsoNormal\">\n<\/div>\n<p>&nbsp;&nbsp;<u><\/u>Johannes B. Nguy\u1ec5n V\u0103n Qu\u00fd d\u00f8de den 29.06.2013 , 71 \u00e5r gammel.<\/p>\n<p><b>Herre, gi ham den evige hvile, og la det evige lys skinne for ham. Han hvile i fred. Amen<\/b><\/p>\n<p>&nbsp; &nbsp;&nbsp;<u style=\"font-family: Times, 'Times New Roman', serif;\"><\/u>Det blir felles minneb\u00f8nn p\u00e5 torsdag, 04.07.2013 p\u00e5 Oddernes kirkeg\u00e5rd\/kapell.<br \/>\n&nbsp; &nbsp;&nbsp;<u style=\"font-family: Times, 'Times New Roman', serif;\"><\/u>Requiemmesse p\u00e5 Oddernes kirkeg\u00e5rd\/kapell kl.9.00 p\u00e5 fredag,05.07.2013 med begravelse etterp\u00e5.<br \/>\n&nbsp; &nbsp;&nbsp;<u style=\"font-family: Times, 'Times New Roman', serif;\"><\/u>3 dager\/minneb\u00f8nn hjemme i Lerkeveien 7, 4622 Kr.sand\/V\u00e5gsbygd kl.18.00 p\u00e5 fredag, l\u00f8rdag og &nbsp;<br \/>\n&nbsp; s\u00f8ndag.<\/p>\n<p><\/p>\n<div style=\"color: #222222;\">\n<\/div>\n<p><\/p>\n<div class=\"MsoNormal\" style=\"color: #222222;\">\nNgay thu nam 04.07 &nbsp;doc kinh tai Oddenes Capel luc 19:00<u><\/u><u><\/u><\/div>\n<\/div>\n<div style=\"background-color: white; color: #222222;\">\n<div class=\"MsoNormal\">\n<\/div>\n<\/div>\n<div style=\"background-color: white; color: #222222;\">\n<div class=\"MsoNormal\">\nNgay thu sau 05.07 Thanh le luc 9:00 sang, tai Oddenes Capel, cung ngay do doc kinh tai tu gia luc 18:00<u><\/u><u><\/u><\/div>\n<\/div>\n<div style=\"background-color: white; color: #222222;\">\n<div class=\"MsoNormal\">\n<\/div>\n<\/div>\n<div style=\"background-color: white; color: #222222;\">\n<div class=\"MsoNormal\">\nNgay thu bay &nbsp; 06.07 Doc kinh tai tu gia luc 18:00<u><\/u><u><\/u><\/div>\n<\/div>\n<div style=\"background-color: white; color: #222222;\">\n<div class=\"MsoNormal\">\nNgay chu nhat 07.07 Doc kinh tai tu gia luc &nbsp;18:00<\/div>\n<div class=\"MsoNormal\" style=\"font-family: arial, sans-serif; font-size: 13px;\">\n<\/div>\n<div class=\"MsoNormal\" style=\"font-family: arial, sans-serif; font-size: 13px;\">\n<\/div>\n<div class=\"MsoNormal\" style=\"font-family: arial, sans-serif; font-size: 13px;\">\n<\/div>\n<\/div>\n","protected":false},"excerpt":{"rendered":"<p>&nbsp;&nbsp;Johannes B. Nguy\u1ec5n V\u0103n Qu\u00fd d\u00f8de den 29.06.2013 , 71 \u00e5r gammel. Herre, gi ham den evige hvile, og la det evige lys skinne for ham. Han hvile i fred. Amen &nbsp; &nbsp;&nbsp;Det blir felles minneb\u00f8nn p\u00e5 torsdag, 04.07.2013 p\u00e5&#8230;<br \/><a class=\"read-more-button\" href=\"https:\/\/stansgar.katolsk.no\/?p=862\">Read more<\/a><\/p>\n","protected":false},"author":3,"featured_media":2901,"comment_status":"open","ping_status":"open","sticky":false,"template":"","format":"standard","meta":{"footnotes":""},"categories":[1],"tags":[128],"class_list":["post-862","post","type-post","status-publish","format-standard","has-post-thumbnail","hentry","category-ukategorisert","tag-r-i-p"],"_links":{"self":[{"href":"https:\/\/stansgar.katolsk.no\/index.php?rest_route=\/wp\/v2\/posts\/862","targetHints":{"allow":["GET"]}}],"collection":[{"href":"https:\/\/stansgar.katolsk.no\/index.php?rest_route=\/wp\/v2\/posts"}],"about":[{"href":"https:\/\/stansgar.katolsk.no\/index.php?rest_route=\/wp\/v2\/types\/post"}],"author":[{"embeddable":true,"href":"https:\/\/stansgar.katolsk.no\/index.php?rest_route=\/wp\/v2\/users\/3"}],"replies":[{"embeddable":true,"href":"https:\/\/stansgar.katolsk.no\/index.php?rest_route=%2Fwp%2Fv2%2Fcomments&post=862"}],"version-history":[{"count":1,"href":"https:\/\/stansgar.katolsk.no\/index.php?rest_route=\/wp\/v2\/posts\/862\/revisions"}],"predecessor-version":[{"id":2902,"href":"https:\/\/stansgar.katolsk.no\/index.php?rest_route=\/wp\/v2\/posts\/862\/revisions\/2902"}],"wp:featuredmedia":[{"embeddable":true,"href":"https:\/\/stansgar.katolsk.no\/index.php?rest_route=\/wp\/v2\/media\/2901"}],"wp:attachment":[{"href":"https:\/\/stansgar.katolsk.no\/index.php?rest_route=%2Fwp%2Fv2%2Fmedia&parent=862"}],"wp:term":[{"taxonomy":"category","embeddable":true,"href":"https:\/\/stansgar.katolsk.no\/index.php?rest_route=%2Fwp%2Fv2%2Fcategories&post=862"},{"taxonomy":"post_tag","embeddable":true,"href":"https:\/\/stansgar.katolsk.no\/index.php?rest_route=%2Fwp%2Fv2%2Ftags&post=862"}],"curies":[{"name":"wp","href":"https:\/\/api.w.org\/{rel}","templated":true}]}}