{"id":8537,"date":"2021-02-07T10:01:01","date_gmt":"2021-02-07T09:01:01","guid":{"rendered":"https:\/\/stansgar.katolsk.no\/?p=8537"},"modified":"2021-02-07T09:20:27","modified_gmt":"2021-02-07T08:20:27","slug":"kunngjoringer-sondag-7-februar-2020","status":"publish","type":"post","link":"https:\/\/stansgar.katolsk.no\/?p=8537","title":{"rendered":"KUNNGJ\u00d8RINGER S\u00d8NDAG 7. FEBRUAR 2020"},"content":{"rendered":"<p style=\"text-align: center;\"><strong>KUNNGJ\u00d8RINGER S\u00d8NDAG 7. FEBRUAR 2020<\/strong><\/p>\n<table width=\"0\">\n<tbody>\n<tr>\n<td width=\"93\">Tirsdag<\/td>\n<td width=\"67\">09.02<\/td>\n<td width=\"35\">kl.<\/p>\n<p>kl.<\/p>\n<p>kl.<\/td>\n<td width=\"60\">09.00<\/p>\n<p>17.30<\/p>\n<p>18.00<\/td>\n<td width=\"416\">Messe<\/p>\n<p>Vesper<\/p>\n<p>Messe &#8211; etterfulgt av Sakramentstilbedelse<\/td>\n<\/tr>\n<tr>\n<td width=\"93\">Onsdag<\/td>\n<td width=\"67\">10.02<\/td>\n<td width=\"35\">kl.<\/p>\n<p>kl.<\/td>\n<td width=\"60\">09.00<\/p>\n<p>18.00<\/td>\n<td width=\"416\">Messe &#8211; Den hellige Scholastica<\/p>\n<p>Messe<\/td>\n<\/tr>\n<tr>\n<td width=\"93\">Torsdag<\/td>\n<td width=\"67\">11.02<\/td>\n<td width=\"35\">kl.<\/p>\n<p>kl.<\/td>\n<td width=\"60\">11.00<\/p>\n<p>18.00<\/td>\n<td width=\"416\">Messe &#8211; V\u00e5r Frue av Lourdes<\/p>\n<p>Messe<\/td>\n<\/tr>\n<tr>\n<td width=\"93\">Fredag<\/td>\n<td width=\"67\">12.02<\/td>\n<td width=\"35\">kl.<\/p>\n<p>kl.<\/td>\n<td width=\"60\">09.00<\/p>\n<p>18.00<\/td>\n<td width=\"416\">Messe<\/p>\n<p>Messe<\/td>\n<\/tr>\n<tr>\n<td width=\"93\">L\u00f8rdag<\/td>\n<td width=\"67\">13.02<\/td>\n<td width=\"35\">kl.<\/p>\n<p>kl.<\/p>\n<p>kl.<\/p>\n<p>kl.<\/td>\n<td width=\"60\">09.00<\/p>\n<p>10.15<\/p>\n<p>13.00<\/p>\n<p>18.00<\/td>\n<td width=\"416\">Messe for menigheten<\/p>\n<p>Katekesemesse<\/p>\n<p>Katekesemesse<\/p>\n<p>Messe p\u00e5 polsk<\/td>\n<\/tr>\n<tr>\n<td colspan=\"5\" width=\"671\">S\u00f8ndag&nbsp;&nbsp;&nbsp;&nbsp;&nbsp;&nbsp;&nbsp;&nbsp;&nbsp;&nbsp; 14.02&nbsp;&nbsp;&nbsp;&nbsp;&nbsp;&nbsp;&nbsp;&nbsp;&nbsp;&nbsp;&nbsp; &nbsp;6. S\u00d8NDAG I DET ALMINNELIGE KIRKE\u00c5R<\/td>\n<\/tr>\n<tr>\n<td colspan=\"2\" width=\"160\">&nbsp;<\/td>\n<td width=\"35\">kl.<\/p>\n<p>kl.<\/p>\n<p>kl.<\/p>\n<p>kl.<\/p>\n<p>kl.<\/td>\n<td width=\"60\">09.00<\/p>\n<p>11.00<\/p>\n<p>13.00<\/p>\n<p>14.30<\/p>\n<p>18.00<\/td>\n<td width=\"416\">Messe p\u00e5 polsk (ogs\u00e5 direktesendt)&nbsp;<\/p>\n<p>Messe p\u00e5 norsk (ogs\u00e5 direktesendt)<\/p>\n<p>Messe p\u00e5 vietnamesisk (ogs\u00e5 direktesendt)<\/p>\n<p>Messe p\u00e5 norsk<\/p>\n<p>Messe p\u00e5 vietnamesisk<\/td>\n<\/tr>\n<tr>\n<td colspan=\"2\" width=\"160\">&nbsp;<\/td>\n<td width=\"35\"><strong>&nbsp;<\/strong><\/p>\n<p>kl.<\/td>\n<td width=\"60\">&nbsp;<\/p>\n<p>17.00<\/td>\n<td width=\"416\"><strong>I Stelle Maris kapell<\/strong><\/p>\n<p>Messe p\u00e5 norsk<\/td>\n<\/tr>\n<\/tbody>\n<\/table>\n<p><strong>Annet<\/strong><\/p>\n<ul>\n<li><strong>Fysisk katekese i Kiga l\u00f8rdag 13.02.<\/strong><\/li>\n<\/ul>\n<p><strong>&nbsp;<\/strong>Vi har f\u00e5tt godkjenning av Kristiansand kommune til \u00e5 gjennomf\u00f8re l\u00f8rdag 13.02. fysisk katekese i Kiga og katekesemesse i kirka for barn og ungdommer fra alle kommunene som h\u00f8rer til St. Ansgar menighet.<\/p>\n<p><strong>&nbsp;<\/strong>Kl. 10.00 &#8211; 14.00: Katekese for barn p\u00e5 2. og 3. trinn.<\/p>\n<p>Kl. 10.15 &#8211; 11.00: Katekesemesse 2. og 3. trinn<\/p>\n<p>&nbsp;<\/p>\n<p>Kl. 13.00 &#8211; 14.00: Katekesemesse for 5., 6. og 7. trinn<\/p>\n<p>Kl. 13.00 &#8211; 17.00: Katekese for barn p\u00e5 5., 6. og 7. trinn.<\/p>\n<p>&nbsp;<\/p>\n<p>L\u00f8rdag 13. februar kommer 2. trinn tilbake til fysisk katekese i Kiga.<\/p>\n<p><strong>Messene kl. 10.15 og kl. 13.00 er bare for barn og ungdommer i katekesen.<\/strong><\/p>\n<p><strong>&nbsp;<\/strong><\/p>\n<ul>\n<li><strong>Vi minner om smitteverntiltak.<\/strong><\/li>\n<\/ul>\n<p>Fysisk katekese er best for barn og ungdommer s\u00e5 lenge de eller familien ikke er i risikogruppen eller ikke har symptomer p\u00e5 forkj\u00f8lelse eller sykdom. Dersom barn og ungdommer er syke eller har symptomer p\u00e5 forkj\u00f8lelse, kan de ikke komme til katekesen.<\/p>\n<p>Det er foreldrenes ansvar \u00e5 avgj\u00f8re om barna kommer til katekese<\/p>\n<p><strong>&nbsp;<\/strong><\/p>\n<ul>\n<li><strong>Sakramentstilbedelse og kommunion<\/strong>: St. Ansgar Kirke er \u00e5pen torsdag 11. februar kl. 12.00 \u2013 17.00 for Sakramentstilbedelse og kommunion. De som \u00f8nsker \u00e5 komme, m\u00e5 f\u00f8rst melde seg til p. Dawid p\u00e5 479 78&nbsp;577.<\/li>\n<\/ul>\n<p>&nbsp;<\/p>\n<ul>\n<li>De som \u00f8nsker \u00e5 skrive egne b\u00f8nner i b\u00f8nneboken og ikke har anledninger til \u00e5 komme til kirken, kan sende b\u00f8nnene til p. Tien eller p. Dawid p\u00e5 e-post. B\u00f8nnene blir skrevet ut og lagt i b\u00f8nneboken.<\/li>\n<\/ul>\n<p>&nbsp;<\/p>\n<ul>\n<li>Torsdag 11. februar kl. 18:45 er det troskurs.<\/li>\n<\/ul>\n<p>&nbsp;<\/p>\n<ul>\n<li>Fastetiden begynner med askeonsdag 17. februar. Vi ber om noen leverer palmegrener som dere mottok i fjor i kirken innen s\u00f8ndag 14. februar. Grenene brennes og askene brukes p\u00e5 askeonsdag.<\/li>\n<\/ul>\n<p>&nbsp;<\/p>\n<p>&nbsp;<\/p>\n<p style=\"text-align: center;\"><strong>&nbsp;&nbsp;&nbsp;&nbsp;&nbsp;&nbsp;&nbsp;&nbsp;&nbsp;&nbsp;&nbsp;&nbsp;&nbsp;&nbsp;&nbsp;&nbsp;&nbsp;&nbsp;&nbsp;&nbsp;&nbsp;&nbsp;&nbsp;&nbsp;&nbsp;&nbsp;&nbsp;&nbsp;&nbsp;&nbsp;&nbsp;&nbsp;&nbsp;&nbsp;&nbsp;&nbsp;&nbsp;&nbsp;&nbsp;&nbsp;&nbsp;&nbsp;&nbsp;&nbsp;&nbsp;&nbsp;&nbsp;&nbsp;&nbsp;&nbsp; \u00d8nsker dere en riktig god s\u00f8ndag! <\/strong><\/p>\n","protected":false},"excerpt":{"rendered":"<p>KUNNGJ\u00d8RINGER S\u00d8NDAG 7. FEBRUAR 2020 Tirsdag 09.02 kl. kl. kl. 09.00 17.30 18.00 Messe Vesper Messe &#8211; etterfulgt av Sakramentstilbedelse Onsdag 10.02 kl. kl. 09.00 18.00 Messe &#8211; Den hellige Scholastica Messe Torsdag 11.02 kl. kl. 11.00 18.00 Messe &#8211;&#8230;<br \/><a class=\"read-more-button\" href=\"https:\/\/stansgar.katolsk.no\/?p=8537\">Read more<\/a><\/p>\n","protected":false},"author":1,"featured_media":0,"comment_status":"open","ping_status":"open","sticky":false,"template":"","format":"standard","meta":{"footnotes":""},"categories":[482],"tags":[3],"class_list":["post-8537","post","type-post","status-publish","format-standard","hentry","category-kunngjoringer","tag-kunngjoringer"],"_links":{"self":[{"href":"https:\/\/stansgar.katolsk.no\/index.php?rest_route=\/wp\/v2\/posts\/8537","targetHints":{"allow":["GET"]}}],"collection":[{"href":"https:\/\/stansgar.katolsk.no\/index.php?rest_route=\/wp\/v2\/posts"}],"about":[{"href":"https:\/\/stansgar.katolsk.no\/index.php?rest_route=\/wp\/v2\/types\/post"}],"author":[{"embeddable":true,"href":"https:\/\/stansgar.katolsk.no\/index.php?rest_route=\/wp\/v2\/users\/1"}],"replies":[{"embeddable":true,"href":"https:\/\/stansgar.katolsk.no\/index.php?rest_route=%2Fwp%2Fv2%2Fcomments&post=8537"}],"version-history":[{"count":5,"href":"https:\/\/stansgar.katolsk.no\/index.php?rest_route=\/wp\/v2\/posts\/8537\/revisions"}],"predecessor-version":[{"id":8548,"href":"https:\/\/stansgar.katolsk.no\/index.php?rest_route=\/wp\/v2\/posts\/8537\/revisions\/8548"}],"wp:attachment":[{"href":"https:\/\/stansgar.katolsk.no\/index.php?rest_route=%2Fwp%2Fv2%2Fmedia&parent=8537"}],"wp:term":[{"taxonomy":"category","embeddable":true,"href":"https:\/\/stansgar.katolsk.no\/index.php?rest_route=%2Fwp%2Fv2%2Fcategories&post=8537"},{"taxonomy":"post_tag","embeddable":true,"href":"https:\/\/stansgar.katolsk.no\/index.php?rest_route=%2Fwp%2Fv2%2Ftags&post=8537"}],"curies":[{"name":"wp","href":"https:\/\/api.w.org\/{rel}","templated":true}]}}