{"id":8526,"date":"2021-01-31T10:01:43","date_gmt":"2021-01-31T09:01:43","guid":{"rendered":"https:\/\/stansgar.katolsk.no\/?p=8526"},"modified":"2021-01-29T13:08:30","modified_gmt":"2021-01-29T12:08:30","slug":"kunngjoringer-sondag-31-januar-2020","status":"publish","type":"post","link":"https:\/\/stansgar.katolsk.no\/?p=8526","title":{"rendered":"KUNNGJ\u00d8RINGER S\u00d8NDAG 31. JANUAR 2020"},"content":{"rendered":"<p style=\"text-align: center;\"><strong>KUNNGJ\u00d8RINGER S\u00d8NDAG 31. JANUAR 2020 <\/strong><\/p>\n<table width=\"671\">\n<tbody>\n<tr>\n<td width=\"93\">Tirsdag<\/td>\n<td width=\"67\">02.02<\/td>\n<td width=\"35\">kl.<\/p>\n<p>&nbsp;<\/p>\n<p>kl.<\/p>\n<p>kl.<\/td>\n<td width=\"60\">09.00<\/p>\n<p>&nbsp;<\/p>\n<p>17.30<\/p>\n<p>18.00<\/td>\n<td width=\"416\">Messe &#8211; Festen for Herrens fremstilling i tempelet<\/p>\n<p>(ogs\u00e5 direktesendt)&nbsp;<\/p>\n<p>Vesper<\/p>\n<p>Messe<\/td>\n<\/tr>\n<tr>\n<td width=\"93\">Onsdag<\/td>\n<td width=\"67\">03.02<\/td>\n<td width=\"35\">kl.<\/p>\n<p>kl.<\/td>\n<td width=\"60\">09.00<\/p>\n<p>18.00<\/td>\n<td width=\"416\">Messe<\/p>\n<p>Messe &#8211; <strong>Den hellige Ansgar, Vernehelgen til v\u00e5r menighet<br \/>\n<\/strong>(ogs\u00e5 direktesendt)&nbsp;<\/td>\n<\/tr>\n<tr>\n<td width=\"93\">Torsdag<\/td>\n<td width=\"67\">04.02<\/td>\n<td width=\"35\">kl.<\/p>\n<p>kl.<\/p>\n<p>&nbsp;<\/p>\n<p>kl.<\/td>\n<td width=\"60\">09.00<\/p>\n<p>12.00 -18.00<\/p>\n<p>18.00<\/td>\n<td width=\"416\">Messe<\/p>\n<p>Tilbedelse: Vi ber spesielt for kall til ordenslivet og presteskapet.<\/p>\n<p>Messe<\/td>\n<\/tr>\n<tr>\n<td width=\"93\">Fredag<\/td>\n<td width=\"67\">05.02<\/td>\n<td width=\"35\">kl.<\/p>\n<p>kl.<\/p>\n<p>kl.<\/td>\n<td width=\"60\">09.00<\/p>\n<p>17.00<\/p>\n<p>18.00<\/td>\n<td width=\"416\">Messe<\/p>\n<p>Sakramentstilbedelse \u2013 Skriftem\u00e5l under tilbedelsen<\/p>\n<p>Messe<\/td>\n<\/tr>\n<tr>\n<td width=\"93\">L\u00f8rdag<\/td>\n<td width=\"67\">06.02<\/td>\n<td width=\"35\">kl.<\/p>\n<p>kl.<\/p>\n<p>kl.<\/td>\n<td width=\"60\">12.30<\/p>\n<p>13.00<\/p>\n<p>18.00<\/td>\n<td width=\"416\">Rosenkransb\u00f8nn<\/p>\n<p>Messe<\/p>\n<p>Messe p\u00e5 polsk<\/td>\n<\/tr>\n<tr>\n<td colspan=\"5\" width=\"671\">S\u00f8ndag&nbsp;&nbsp;&nbsp;&nbsp;&nbsp;&nbsp;&nbsp;&nbsp;&nbsp;&nbsp; 07.02&nbsp;&nbsp;&nbsp;&nbsp;&nbsp;&nbsp;&nbsp;&nbsp;&nbsp;&nbsp;&nbsp; &nbsp;5. S\u00d8NDAG I DET ALMINNELIGE KIRKE\u00c5R<\/td>\n<\/tr>\n<tr>\n<td colspan=\"2\" width=\"160\">&nbsp;<\/td>\n<td width=\"35\">kl.<\/p>\n<p>kl.<\/p>\n<p>kl.<\/p>\n<p>kl.<\/p>\n<p>kl.<\/p>\n<p>kl.<\/td>\n<td width=\"60\">09.00<\/p>\n<p>11.00<\/p>\n<p>13.00<\/p>\n<p>15.00<\/p>\n<p>16.30<\/p>\n<p>18.00<\/td>\n<td width=\"416\">Messe p\u00e5 polsk (ogs\u00e5 direktesendt)&nbsp;<\/p>\n<p>Messe p\u00e5 norsk (ogs\u00e5 direktesendt)<\/p>\n<p>Messe p\u00e5 vietnamesisk (ogs\u00e5 direktesendt)<\/p>\n<p>Messe p\u00e5 kaldeisk<\/p>\n<p>Messe p\u00e5 norsk<\/p>\n<p>Messe p\u00e5 vietnamesisk<\/td>\n<\/tr>\n<tr>\n<td colspan=\"2\" width=\"160\">&nbsp;<\/td>\n<td width=\"35\"><strong>&nbsp;<\/strong><\/p>\n<p>kl.<\/td>\n<td width=\"60\">&nbsp;<\/p>\n<p>17.00<\/td>\n<td width=\"416\"><strong>I Stelle Maris kapell<\/strong><\/p>\n<p>Messe p\u00e5 norsk<\/td>\n<\/tr>\n<\/tbody>\n<\/table>\n<p><strong>Annet<\/strong><\/p>\n<ul>\n<li><strong>Sakramentstilbedelse og kommunion<\/strong>: St. Ansgar Kirke er \u00e5pen torsdag 4. februar kl. 12.00 \u2013 17.00 for Sakramentstilbedelse og kommunion. De som \u00f8nsker \u00e5 komme, m\u00e5 f\u00f8rst melde seg til p. Dawid p\u00e5 479 78&nbsp;577.<\/li>\n<li>Tirsdag 02.02. kl. 19.00 er det bibelgruppe.<\/li>\n<\/ul>\n<p>&nbsp;<\/p>\n<p>&nbsp;<\/p>\n<p style=\"text-align: center;\"><strong>&nbsp;&nbsp;&nbsp;&nbsp;&nbsp;&nbsp;&nbsp;&nbsp;&nbsp;&nbsp;&nbsp;&nbsp;&nbsp;&nbsp;&nbsp;&nbsp;&nbsp;&nbsp;&nbsp;&nbsp;&nbsp;&nbsp;&nbsp;&nbsp;&nbsp;&nbsp;&nbsp;&nbsp;&nbsp;&nbsp;&nbsp;&nbsp;&nbsp;&nbsp;&nbsp;&nbsp;&nbsp;&nbsp;&nbsp;&nbsp;&nbsp;&nbsp;&nbsp;&nbsp;&nbsp;&nbsp;&nbsp;&nbsp;&nbsp;&nbsp; \u00d8nsker dere en riktig god s\u00f8ndag! <\/strong><\/p>\n","protected":false},"excerpt":{"rendered":"<p>KUNNGJ\u00d8RINGER S\u00d8NDAG 31. JANUAR 2020 Tirsdag 02.02 kl. &nbsp; kl. kl. 09.00 &nbsp; 17.30 18.00 Messe &#8211; Festen for Herrens fremstilling i tempelet (ogs\u00e5 direktesendt)&nbsp; Vesper Messe Onsdag 03.02 kl. kl. 09.00 18.00 Messe Messe &#8211; Den hellige Ansgar, Vernehelgen&#8230;<br \/><a class=\"read-more-button\" href=\"https:\/\/stansgar.katolsk.no\/?p=8526\">Read more<\/a><\/p>\n","protected":false},"author":1,"featured_media":0,"comment_status":"open","ping_status":"open","sticky":false,"template":"","format":"standard","meta":{"footnotes":""},"categories":[482],"tags":[3],"class_list":["post-8526","post","type-post","status-publish","format-standard","hentry","category-kunngjoringer","tag-kunngjoringer"],"_links":{"self":[{"href":"https:\/\/stansgar.katolsk.no\/index.php?rest_route=\/wp\/v2\/posts\/8526","targetHints":{"allow":["GET"]}}],"collection":[{"href":"https:\/\/stansgar.katolsk.no\/index.php?rest_route=\/wp\/v2\/posts"}],"about":[{"href":"https:\/\/stansgar.katolsk.no\/index.php?rest_route=\/wp\/v2\/types\/post"}],"author":[{"embeddable":true,"href":"https:\/\/stansgar.katolsk.no\/index.php?rest_route=\/wp\/v2\/users\/1"}],"replies":[{"embeddable":true,"href":"https:\/\/stansgar.katolsk.no\/index.php?rest_route=%2Fwp%2Fv2%2Fcomments&post=8526"}],"version-history":[{"count":1,"href":"https:\/\/stansgar.katolsk.no\/index.php?rest_route=\/wp\/v2\/posts\/8526\/revisions"}],"predecessor-version":[{"id":8527,"href":"https:\/\/stansgar.katolsk.no\/index.php?rest_route=\/wp\/v2\/posts\/8526\/revisions\/8527"}],"wp:attachment":[{"href":"https:\/\/stansgar.katolsk.no\/index.php?rest_route=%2Fwp%2Fv2%2Fmedia&parent=8526"}],"wp:term":[{"taxonomy":"category","embeddable":true,"href":"https:\/\/stansgar.katolsk.no\/index.php?rest_route=%2Fwp%2Fv2%2Fcategories&post=8526"},{"taxonomy":"post_tag","embeddable":true,"href":"https:\/\/stansgar.katolsk.no\/index.php?rest_route=%2Fwp%2Fv2%2Ftags&post=8526"}],"curies":[{"name":"wp","href":"https:\/\/api.w.org\/{rel}","templated":true}]}}