{"id":8488,"date":"2021-01-17T10:01:11","date_gmt":"2021-01-17T09:01:11","guid":{"rendered":"https:\/\/stansgar.katolsk.no\/?p=8488"},"modified":"2021-01-15T12:28:27","modified_gmt":"2021-01-15T11:28:27","slug":"kunngjoringer-sondag-17-januar-2020","status":"publish","type":"post","link":"https:\/\/stansgar.katolsk.no\/?p=8488","title":{"rendered":"KUNNGJ\u00d8RINGER S\u00d8NDAG 17. JANUAR 2020"},"content":{"rendered":"<p style=\"text-align: center;\"><strong>KUNNGJ\u00d8RINGER S\u00d8NDAG 17. JANUAR 2020 <\/strong><\/p>\n<p>&nbsp;<\/p>\n<table width=\"631\">\n<tbody>\n<tr>\n<td width=\"93\">Tirsdag<\/td>\n<td width=\"67\">19.01<\/td>\n<td width=\"35\">kl.<\/p>\n<p>kl.<\/td>\n<td width=\"53\">17.30<\/p>\n<p>18.00<\/td>\n<td width=\"382\">Vesper<\/p>\n<p>Messe &#8211; etterfulgt av Sakramentstilbedelse<\/td>\n<\/tr>\n<tr>\n<td width=\"93\">Onsdag<\/td>\n<td width=\"67\">20.01<\/td>\n<td width=\"35\">kl.<\/td>\n<td width=\"53\">18.00<\/td>\n<td width=\"382\">Messe<\/td>\n<\/tr>\n<tr>\n<td width=\"93\">Torsdag<\/td>\n<td width=\"67\">21.01<\/td>\n<td width=\"35\">kl.<\/td>\n<td width=\"53\">18.00<\/td>\n<td width=\"382\">Messe<\/td>\n<\/tr>\n<tr>\n<td width=\"93\">Fredag<\/td>\n<td width=\"67\">22.01<\/td>\n<td width=\"35\">kl.<\/td>\n<td width=\"53\">18.00<\/td>\n<td width=\"382\">Messe<\/td>\n<\/tr>\n<tr>\n<td width=\"93\">L\u00f8rdag<\/td>\n<td width=\"67\">23.01<\/td>\n<td width=\"35\">kl.<\/p>\n<p>kl.<\/p>\n<p>kl.<\/td>\n<td width=\"53\">12.30<\/p>\n<p>13.00<\/p>\n<p>18.00<\/td>\n<td width=\"382\">Rosenkransb\u00f8nn<\/p>\n<p>Messe<\/p>\n<p>Messe p\u00e5 polsk<\/td>\n<\/tr>\n<tr>\n<td colspan=\"5\" width=\"631\">S\u00f8ndag&nbsp;&nbsp;&nbsp;&nbsp;&nbsp;&nbsp;&nbsp;&nbsp;&nbsp;&nbsp; 24.01&nbsp;&nbsp;&nbsp;&nbsp;&nbsp;&nbsp;&nbsp;&nbsp;&nbsp;&nbsp;&nbsp; &nbsp;3. S\u00d8NDAG I DET ALMINNELIGE KIRKE\u00c5R<\/td>\n<\/tr>\n<tr>\n<td colspan=\"2\" width=\"160\">&nbsp;<\/td>\n<td width=\"35\">kl.<\/p>\n<p>kl.<\/p>\n<p>kl.<\/p>\n<p>kl.<\/p>\n<p>kl.<\/td>\n<td width=\"53\">09.00<\/p>\n<p>11.00<\/p>\n<p>13.00<\/p>\n<p>14.30<\/p>\n<p>18.00<\/td>\n<td width=\"382\">Messe p\u00e5 polsk (ogs\u00e5 direktesendt)&nbsp;<\/p>\n<p>Messe p\u00e5 norsk (ogs\u00e5 direktesendt)<\/p>\n<p>Messe p\u00e5 vietnamesisk (ogs\u00e5 direktesendt)<\/p>\n<p>Messe p\u00e5 norsk<\/p>\n<p>Messe p\u00e5 vietnamesisk<\/td>\n<\/tr>\n<\/tbody>\n<\/table>\n<p><strong>Annet<\/strong><\/p>\n<p>&nbsp;<\/p>\n<ul>\n<li><strong>L\u00f8rdag 23.01<\/strong>:<\/li>\n<\/ul>\n<p>+ messer i Lyngdal og Flekkefjord er avlyst.<\/p>\n<p>+ messer p\u00e5 fransk og tagalog i St. Ansgar kirke er avlyst.<\/p>\n<ul>\n<li><strong>Sakramentstilbedelse og kommunion<\/strong>: St. Ansgar Kirke er \u00e5pen torsdag, 21.januar, kl. 12.00 \u2013 17.00 for Sakramentstilbedelse og kommunion. De som \u00f8nsker \u00e5 komme, m\u00e5 f\u00f8rst melde seg til p. Dawid p\u00e5 479 78&nbsp;577.<\/li>\n<\/ul>\n<p>&nbsp;<\/p>\n<ul>\n<li><strong>CARITAS-kurs for frivillige<\/strong>: P\u00e5 grunn av de gjeldende smittevernbegrensninger m\u00e5 Caritas-kurset for frivillige dessverre utsettes. Planlagt kursstart den 19 januar avlyses.<br \/>\nNye kursdatoer settes opp n\u00e5r smittevernreglene tillater det.<\/li>\n<\/ul>\n<p><strong>&nbsp;<\/strong><\/p>\n<p style=\"text-align: center;\"><strong>&nbsp;&nbsp;&nbsp;&nbsp;&nbsp;&nbsp;&nbsp;&nbsp;&nbsp;&nbsp;&nbsp;&nbsp;&nbsp;&nbsp;&nbsp;&nbsp;&nbsp;&nbsp;&nbsp;&nbsp;&nbsp;&nbsp;&nbsp;&nbsp;&nbsp;&nbsp;&nbsp;&nbsp;&nbsp;&nbsp;&nbsp;&nbsp;&nbsp;&nbsp;&nbsp;&nbsp;&nbsp;&nbsp;&nbsp;&nbsp;&nbsp;&nbsp;&nbsp;&nbsp;&nbsp;&nbsp;&nbsp;&nbsp;&nbsp;&nbsp; \u00d8nsker dere en riktig god s\u00f8ndag! <\/strong><\/p>\n","protected":false},"excerpt":{"rendered":"<p>KUNNGJ\u00d8RINGER S\u00d8NDAG 17. JANUAR 2020 &nbsp; Tirsdag 19.01 kl. kl. 17.30 18.00 Vesper Messe &#8211; etterfulgt av Sakramentstilbedelse Onsdag 20.01 kl. 18.00 Messe Torsdag 21.01 kl. 18.00 Messe Fredag 22.01 kl. 18.00 Messe L\u00f8rdag 23.01 kl. kl. kl. 12.30 13.00&#8230;<br \/><a class=\"read-more-button\" href=\"https:\/\/stansgar.katolsk.no\/?p=8488\">Read more<\/a><\/p>\n","protected":false},"author":1,"featured_media":0,"comment_status":"open","ping_status":"open","sticky":false,"template":"","format":"standard","meta":{"footnotes":""},"categories":[482],"tags":[3],"class_list":["post-8488","post","type-post","status-publish","format-standard","hentry","category-kunngjoringer","tag-kunngjoringer"],"_links":{"self":[{"href":"https:\/\/stansgar.katolsk.no\/index.php?rest_route=\/wp\/v2\/posts\/8488","targetHints":{"allow":["GET"]}}],"collection":[{"href":"https:\/\/stansgar.katolsk.no\/index.php?rest_route=\/wp\/v2\/posts"}],"about":[{"href":"https:\/\/stansgar.katolsk.no\/index.php?rest_route=\/wp\/v2\/types\/post"}],"author":[{"embeddable":true,"href":"https:\/\/stansgar.katolsk.no\/index.php?rest_route=\/wp\/v2\/users\/1"}],"replies":[{"embeddable":true,"href":"https:\/\/stansgar.katolsk.no\/index.php?rest_route=%2Fwp%2Fv2%2Fcomments&post=8488"}],"version-history":[{"count":1,"href":"https:\/\/stansgar.katolsk.no\/index.php?rest_route=\/wp\/v2\/posts\/8488\/revisions"}],"predecessor-version":[{"id":8489,"href":"https:\/\/stansgar.katolsk.no\/index.php?rest_route=\/wp\/v2\/posts\/8488\/revisions\/8489"}],"wp:attachment":[{"href":"https:\/\/stansgar.katolsk.no\/index.php?rest_route=%2Fwp%2Fv2%2Fmedia&parent=8488"}],"wp:term":[{"taxonomy":"category","embeddable":true,"href":"https:\/\/stansgar.katolsk.no\/index.php?rest_route=%2Fwp%2Fv2%2Fcategories&post=8488"},{"taxonomy":"post_tag","embeddable":true,"href":"https:\/\/stansgar.katolsk.no\/index.php?rest_route=%2Fwp%2Fv2%2Ftags&post=8488"}],"curies":[{"name":"wp","href":"https:\/\/api.w.org\/{rel}","templated":true}]}}