{"id":8477,"date":"2021-01-10T10:10:34","date_gmt":"2021-01-10T09:10:34","guid":{"rendered":"https:\/\/stansgar.katolsk.no\/?p=8477"},"modified":"2021-01-08T13:13:03","modified_gmt":"2021-01-08T12:13:03","slug":"kunngjoringer-sondag-10-januar-2021","status":"publish","type":"post","link":"https:\/\/stansgar.katolsk.no\/?p=8477","title":{"rendered":"KUNNGJ\u00d8RINGER S\u00d8NDAG 10. JANUAR 2021"},"content":{"rendered":"<p style=\"text-align: center;\"><strong>KUNNGJ\u00d8RINGER S\u00d8NDAG 10. JANUAR 2021<\/strong><\/p>\n<p>&nbsp;<\/p>\n<table width=\"631\">\n<tbody>\n<tr>\n<td width=\"93\">Tirsdag<\/td>\n<td width=\"67\">12.01<\/td>\n<td width=\"35\">kl.<\/p>\n<p>kl.<\/td>\n<td width=\"53\">17.30<\/p>\n<p>18.00<\/td>\n<td width=\"382\">Vesper<\/p>\n<p>Messe &#8211; etterfulgt av Sakramentstilbedelse<\/td>\n<\/tr>\n<tr>\n<td width=\"93\">Onsdag<\/td>\n<td width=\"67\">13.01<\/td>\n<td width=\"35\">kl.<\/td>\n<td width=\"53\">18.00<\/td>\n<td width=\"382\">Messe<\/td>\n<\/tr>\n<tr>\n<td width=\"93\">Torsdag<\/td>\n<td width=\"67\">14.01<\/td>\n<td width=\"35\">kl.<\/td>\n<td width=\"53\">18.00<\/td>\n<td width=\"382\">Messe<\/td>\n<\/tr>\n<tr>\n<td width=\"93\">Fredag<\/td>\n<td width=\"67\">15.01<\/td>\n<td width=\"35\">kl.<\/td>\n<td width=\"53\">18.00<\/td>\n<td width=\"382\">Messe<\/td>\n<\/tr>\n<tr>\n<td width=\"93\">L\u00f8rdag<\/td>\n<td width=\"67\">16.01<\/td>\n<td width=\"35\">kl.<\/p>\n<p>kl.<\/p>\n<p>kl.<\/td>\n<td width=\"53\">12.30<\/p>\n<p>13.00<\/p>\n<p>18.00<\/td>\n<td width=\"382\">Rosenkransb\u00f8nn<\/p>\n<p>Messe<\/p>\n<p>Messe p\u00e5 polsk<\/td>\n<\/tr>\n<tr>\n<td colspan=\"5\" width=\"631\">S\u00f8ndag&nbsp;&nbsp;&nbsp;&nbsp;&nbsp;&nbsp;&nbsp;&nbsp;&nbsp;&nbsp; 17.01&nbsp;&nbsp;&nbsp;&nbsp;&nbsp;&nbsp;&nbsp;&nbsp;&nbsp;&nbsp;&nbsp; 2. S\u00d8NDAG I DET ALMINNELIGE KIRKE\u00c5R<\/td>\n<\/tr>\n<tr>\n<td colspan=\"2\" width=\"160\">&nbsp;<\/td>\n<td width=\"35\">kl.<\/p>\n<p>kl.<\/p>\n<p>kl.<\/p>\n<p>kl.<\/p>\n<p>kl.<\/td>\n<td width=\"53\">09.00<\/p>\n<p>11.00<\/p>\n<p>13.00<\/p>\n<p>14.30<\/p>\n<p>18.00<\/td>\n<td width=\"382\">Messe p\u00e5 polsk (ogs\u00e5 direktesendt)&nbsp;<\/p>\n<p>Messe p\u00e5 norsk (ogs\u00e5 direktesendt)<\/p>\n<p>Messe p\u00e5 vietnamesisk (ogs\u00e5 direktesendt)<\/p>\n<p>Messe p\u00e5 norsk<\/p>\n<p>Messe p\u00e5 vietnamesisk<\/td>\n<\/tr>\n<\/tbody>\n<\/table>\n<p>&nbsp;<\/p>\n<p>&nbsp;<\/p>\n<p><strong>Annet<\/strong><\/p>\n<ul>\n<li>&nbsp;Messe p\u00e5 spansk, l\u00f8rdag 16.01, kl. 14.00 er avlyst<\/li>\n<li><strong>Sakramentstilbedelse og kommunion<\/strong>: St. Ansgar Kirke er \u00e5pen fra tirsdag til fredag (12.01 \u2013 15.01), kl. 12.00 \u2013 17.00 for Sakramentstilbedelse og kommunion. Bare 10 personer kan v\u00e6re i kirken p\u00e5 samme tid. Derfor m\u00e5 den som \u00f8nsker \u00e5 komme melde seg f\u00f8rst hos p. Dawid.<\/li>\n<\/ul>\n<ul>\n<li><strong>CARITAS-kurs for frivillige: <\/strong>P\u00e5 grunn av nye smittevernregler blir f\u00f8rste kurskveld for frivillige i Caritas utsatt til 19. januar.<\/li>\n<\/ul>\n<ul>\n<li><strong>Katekese:<\/strong> Det er <strong><u>ikke<\/u><\/strong> fysisk katekese i Kiga l\u00f8rdag 16. januar, men kateketene sender til foreldre og ungdommer oppgaver p\u00e5 mail, eller de har digital katekese.<\/li>\n<\/ul>\n<ul>\n<li>Torsdag 14. januar kl. 18:45 blir det troskurs.<\/li>\n<\/ul>\n<p><strong>&nbsp;<\/strong><\/p>\n<p style=\"text-align: center;\"><strong>&nbsp;&nbsp;&nbsp;&nbsp;&nbsp;&nbsp;&nbsp;&nbsp;&nbsp;&nbsp;&nbsp;&nbsp;&nbsp;&nbsp;&nbsp;&nbsp;&nbsp;&nbsp;&nbsp;&nbsp;&nbsp;&nbsp;&nbsp;&nbsp;&nbsp;&nbsp;&nbsp;&nbsp;&nbsp;&nbsp;&nbsp;&nbsp;&nbsp;&nbsp;&nbsp;&nbsp;&nbsp;&nbsp;&nbsp;&nbsp;&nbsp;&nbsp;&nbsp;&nbsp;&nbsp;&nbsp;&nbsp;&nbsp;&nbsp;&nbsp; \u00d8nsker dere en riktig god s\u00f8ndag! <\/strong><\/p>\n<p style=\"text-align: center;\">&nbsp;<\/p>\n","protected":false},"excerpt":{"rendered":"<p>KUNNGJ\u00d8RINGER S\u00d8NDAG 10. JANUAR 2021 &nbsp; Tirsdag 12.01 kl. kl. 17.30 18.00 Vesper Messe &#8211; etterfulgt av Sakramentstilbedelse Onsdag 13.01 kl. 18.00 Messe Torsdag 14.01 kl. 18.00 Messe Fredag 15.01 kl. 18.00 Messe L\u00f8rdag 16.01 kl. kl. kl. 12.30 13.00&#8230;<br \/><a class=\"read-more-button\" href=\"https:\/\/stansgar.katolsk.no\/?p=8477\">Read more<\/a><\/p>\n","protected":false},"author":1,"featured_media":0,"comment_status":"open","ping_status":"open","sticky":false,"template":"","format":"standard","meta":{"footnotes":""},"categories":[482],"tags":[3],"class_list":["post-8477","post","type-post","status-publish","format-standard","hentry","category-kunngjoringer","tag-kunngjoringer"],"_links":{"self":[{"href":"https:\/\/stansgar.katolsk.no\/index.php?rest_route=\/wp\/v2\/posts\/8477","targetHints":{"allow":["GET"]}}],"collection":[{"href":"https:\/\/stansgar.katolsk.no\/index.php?rest_route=\/wp\/v2\/posts"}],"about":[{"href":"https:\/\/stansgar.katolsk.no\/index.php?rest_route=\/wp\/v2\/types\/post"}],"author":[{"embeddable":true,"href":"https:\/\/stansgar.katolsk.no\/index.php?rest_route=\/wp\/v2\/users\/1"}],"replies":[{"embeddable":true,"href":"https:\/\/stansgar.katolsk.no\/index.php?rest_route=%2Fwp%2Fv2%2Fcomments&post=8477"}],"version-history":[{"count":1,"href":"https:\/\/stansgar.katolsk.no\/index.php?rest_route=\/wp\/v2\/posts\/8477\/revisions"}],"predecessor-version":[{"id":8478,"href":"https:\/\/stansgar.katolsk.no\/index.php?rest_route=\/wp\/v2\/posts\/8477\/revisions\/8478"}],"wp:attachment":[{"href":"https:\/\/stansgar.katolsk.no\/index.php?rest_route=%2Fwp%2Fv2%2Fmedia&parent=8477"}],"wp:term":[{"taxonomy":"category","embeddable":true,"href":"https:\/\/stansgar.katolsk.no\/index.php?rest_route=%2Fwp%2Fv2%2Fcategories&post=8477"},{"taxonomy":"post_tag","embeddable":true,"href":"https:\/\/stansgar.katolsk.no\/index.php?rest_route=%2Fwp%2Fv2%2Ftags&post=8477"}],"curies":[{"name":"wp","href":"https:\/\/api.w.org\/{rel}","templated":true}]}}