{"id":845,"date":"2013-08-25T21:15:00","date_gmt":"2013-08-25T19:15:00","guid":{"rendered":"http:\/\/stansgar.katolsk.no\/index.php\/2013\/08\/25\/kunngjringer-sndag-25-august-2013\/"},"modified":"2018-10-12T09:12:53","modified_gmt":"2018-10-12T07:12:53","slug":"kunngjringer-sndag-25-august-2013","status":"publish","type":"post","link":"https:\/\/stansgar.katolsk.no\/?p=845","title":{"rendered":"Kunngj\u00f8ringer s\u00f8ndag 25. august  2013"},"content":{"rendered":"<p><\/p>\n<div class=\"MsoNormal\" style=\"background-color: white; color: #222222; font-size: 11pt; line-height: 17px; margin: 0cm 0cm 10pt;\">\n<\/div>\n<div class=\"MsoNormal\" style=\"background-color: white; color: #222222; font-size: 11pt; line-height: 17px; margin: 0cm 0cm 10pt;\">\nDenne uken er det messe i menighetssalen i KIGA <b>tirsdag til fredag kl.18<\/b><u><\/u><u><\/u><\/div>\n<div class=\"MsoNormal\" style=\"background-color: white; color: #222222; font-size: 11pt; line-height: 17px; margin: 0cm 0cm 10pt;\">\n<\/div>\n<div class=\"MsoNormal\" style=\"background-color: white; color: #222222; font-size: 11pt; line-height: 17px; margin: 0cm 0cm 10pt;\">\n<b>L\u00f8rdag 31. august<\/b> er det messe i Farsund kl 12 og i Flekkefjord kl. 16<u><\/u><u><\/u><\/div>\n<div class=\"MsoNormal\" style=\"background-color: white; color: #222222; font-size: 11pt; line-height: 17px; margin: 0cm 0cm 10pt;\">\n<\/div>\n<div class=\"MsoNormal\" style=\"background-color: white; color: #222222; font-size: 11pt; line-height: 17px; margin: 0cm 0cm 10pt;\">\n<b>S\u00f8ndag 1. september<\/b> er det messe p\u00e5 polsk i KIGA kl. 10.00 og h\u00f8ymesse i Domkirken kl. 14.00<u><\/u><u><\/u><\/div>\n<div class=\"MsoNormal\" style=\"background-color: white; color: #222222; font-size: 11pt; line-height: 17px; margin: 0cm 0cm 10pt;\">\n<\/div>\n<div class=\"MsoNormal\" style=\"background-color: white; color: #222222; font-size: 11pt; line-height: 17px; margin: 0cm 0cm 10pt;\">\n<b>H\u00f8stens katekese<\/b> for barn og ungdom starter l\u00f8rdag 14. september. Brev med n\u00e6rmere informasjon sendes om kort tid til alle familier med barn og ungdom registrert i menigheten.<\/div>\n","protected":false},"excerpt":{"rendered":"<p>Denne uken er det messe i menighetssalen i KIGA tirsdag til fredag kl.18 L\u00f8rdag 31. august er det messe i Farsund kl 12 og i Flekkefjord kl. 16 S\u00f8ndag 1. september er det messe p\u00e5 polsk i KIGA kl. 10.00&#8230;<br \/><a class=\"read-more-button\" href=\"https:\/\/stansgar.katolsk.no\/?p=845\">Read more<\/a><\/p>\n","protected":false},"author":3,"featured_media":0,"comment_status":"open","ping_status":"open","sticky":false,"template":"","format":"standard","meta":{"footnotes":""},"categories":[1],"tags":[3],"class_list":["post-845","post","type-post","status-publish","format-standard","hentry","category-ukategorisert","tag-kunngjoringer"],"_links":{"self":[{"href":"https:\/\/stansgar.katolsk.no\/index.php?rest_route=\/wp\/v2\/posts\/845","targetHints":{"allow":["GET"]}}],"collection":[{"href":"https:\/\/stansgar.katolsk.no\/index.php?rest_route=\/wp\/v2\/posts"}],"about":[{"href":"https:\/\/stansgar.katolsk.no\/index.php?rest_route=\/wp\/v2\/types\/post"}],"author":[{"embeddable":true,"href":"https:\/\/stansgar.katolsk.no\/index.php?rest_route=\/wp\/v2\/users\/3"}],"replies":[{"embeddable":true,"href":"https:\/\/stansgar.katolsk.no\/index.php?rest_route=%2Fwp%2Fv2%2Fcomments&post=845"}],"version-history":[{"count":1,"href":"https:\/\/stansgar.katolsk.no\/index.php?rest_route=\/wp\/v2\/posts\/845\/revisions"}],"predecessor-version":[{"id":2872,"href":"https:\/\/stansgar.katolsk.no\/index.php?rest_route=\/wp\/v2\/posts\/845\/revisions\/2872"}],"wp:attachment":[{"href":"https:\/\/stansgar.katolsk.no\/index.php?rest_route=%2Fwp%2Fv2%2Fmedia&parent=845"}],"wp:term":[{"taxonomy":"category","embeddable":true,"href":"https:\/\/stansgar.katolsk.no\/index.php?rest_route=%2Fwp%2Fv2%2Fcategories&post=845"},{"taxonomy":"post_tag","embeddable":true,"href":"https:\/\/stansgar.katolsk.no\/index.php?rest_route=%2Fwp%2Fv2%2Ftags&post=845"}],"curies":[{"name":"wp","href":"https:\/\/api.w.org\/{rel}","templated":true}]}}