{"id":8405,"date":"2021-01-03T10:00:58","date_gmt":"2021-01-03T09:00:58","guid":{"rendered":"https:\/\/stansgar.katolsk.no\/?p=8405"},"modified":"2021-01-03T10:14:30","modified_gmt":"2021-01-03T09:14:30","slug":"kunngjoringer-sondag-3-januar-2020","status":"publish","type":"post","link":"https:\/\/stansgar.katolsk.no\/?p=8405","title":{"rendered":"KUNNGJ\u00d8RINGER S\u00d8NDAG 3. JANUAR 2020"},"content":{"rendered":"<p style=\"text-align: center;\"><strong>KUNNGJ\u00d8RINGER S\u00d8NDAG 3. JANUAR 2020 <\/strong><\/p>\n<p>&nbsp;<\/p>\n<table width=\"631\">\n<tbody>\n<tr>\n<td width=\"93\">Tirsdag<\/td>\n<td width=\"67\">5.01<\/td>\n<td width=\"35\">kl.<\/p>\n<p>kl.<\/td>\n<td width=\"53\">17.30<\/p>\n<p>18.00<\/td>\n<td width=\"382\">Vesper<\/p>\n<p>Messe &#8211; etterfulgt av Sakramentstilbedelse<\/td>\n<\/tr>\n<tr>\n<td width=\"93\">Onsdag<\/td>\n<td width=\"67\">6.01<\/td>\n<td width=\"35\">kl.<\/td>\n<td width=\"53\">18.00<\/td>\n<td width=\"382\">H\u00f8ytid: HERRENS \u00c5PENBARING<\/td>\n<\/tr>\n<tr>\n<td width=\"93\">Torsdag<\/td>\n<td width=\"67\">7.01<\/td>\n<td width=\"35\">kl.<\/p>\n<p>kl.<\/td>\n<td width=\"53\">17.00<\/p>\n<p>18.00<\/td>\n<td width=\"382\">Tilbedelse: Vi ber spesielt for kall til ordenslivet og presteskapet.<\/p>\n<p>Messe<\/td>\n<\/tr>\n<tr>\n<td width=\"93\">Fredag<\/td>\n<td width=\"67\">8.01<\/td>\n<td width=\"35\">kl.<\/p>\n<p>&nbsp;<\/p>\n<p>kl.<\/td>\n<td width=\"53\">17.00<\/p>\n<p>&nbsp;<\/p>\n<p>18.00<\/td>\n<td width=\"382\">Sakramentstilbedelse \u2013<\/p>\n<p>Skriftem\u00e5l under tilbedelsen<\/p>\n<p>Messe<\/td>\n<\/tr>\n<tr>\n<td width=\"93\">L\u00f8rdag<\/td>\n<td width=\"67\">9.01<\/td>\n<td width=\"35\">kl.<\/p>\n<p>kl.<\/p>\n<p>kl.<\/td>\n<td width=\"53\">10.15<\/p>\n<p>13.00<\/p>\n<p>18.00<\/td>\n<td width=\"382\">Katekesemesse<\/p>\n<p>Katekesemesse<\/p>\n<p>Messe p\u00e5 polsk<\/td>\n<\/tr>\n<tr>\n<td colspan=\"5\" width=\"631\">S\u00f8ndag&nbsp;&nbsp;&nbsp;&nbsp;&nbsp;&nbsp;&nbsp;&nbsp;&nbsp;&nbsp; 10.01&nbsp;&nbsp;&nbsp;&nbsp;&nbsp;&nbsp;&nbsp;&nbsp;&nbsp;&nbsp;&nbsp; HERRENS D\u00c5P<\/td>\n<\/tr>\n<tr>\n<td colspan=\"2\" width=\"160\">&nbsp;<\/td>\n<td width=\"35\">kl.<\/p>\n<p>kl.<\/p>\n<p>kl.<\/p>\n<p>kl.<\/p>\n<p>kl.<\/td>\n<td width=\"53\">09.00<\/p>\n<p>11.00<\/p>\n<p>13.00<\/p>\n<p>14.30<\/p>\n<p>17.00<\/td>\n<td width=\"382\">Messe p\u00e5 polsk (ogs\u00e5 direktesendt)&nbsp;<\/p>\n<p>Messe p\u00e5 norsk (ogs\u00e5 direktesendt)<\/p>\n<p>Messe p\u00e5 vietnamesisk (ogs\u00e5 direktesendt)<\/p>\n<p>Messe p\u00e5 norsk<\/p>\n<p>Messe p\u00e5 Stella Maris<\/td>\n<\/tr>\n<\/tbody>\n<\/table>\n<p>&nbsp;<\/p>\n<p><strong>Annet<\/strong><\/p>\n<p><strong>Annet<\/strong><\/p>\n<ol>\n<li><strong> Katekesen v\u00e5ren 2021 <\/strong><\/li>\n<\/ol>\n<p><strong>Vi fortsetter \u00e5 ha katekesen to l\u00f8rdager i m\u00e5neden v\u00e5ren 2021 <\/strong><\/p>\n<p>&#8211; Gruppe 1: 4., 8. og 9. trinn er flyttet til tredje l\u00f8rdag i m\u00e5neden.&nbsp;<\/p>\n<p>&#8211; Gruppe 2: 1., 2., 3., 5. 6. og 7. trinn fortsetter andre l\u00f8rdag i m\u00e5neden.<\/p>\n<p>Se datoer og tidspunkter for katekesen p\u00e5 menighetens nettside.<\/p>\n<p>&nbsp;<\/p>\n<p>L\u00f8rdag 9. januar kommer 2. trinn tilbake til fysisk katekese i Kiga.<br \/>\nFysisk katekese er best for barna s\u00e5 lenge de eller familien ikke er i<br \/>\nrisikogruppen eller ikke har symptomer p\u00e5 forkj\u00f8lelse eller sykdom.<br \/>\nDet er foreldrenes ansvar \u00e5 avgj\u00f8re om barna kommer til katekese.<\/p>\n<p>&nbsp;<\/p>\n<ol start=\"2\">\n<li><strong> Katekese l\u00f8rdag 9. januar 2021<\/strong><\/li>\n<\/ol>\n<p>Kl. 10.00 &#8211; 14.00: Katekese for barn p\u00e5 2. og 3. trinn.<\/p>\n<p>Kl. 10.15 &#8211; 11.00: Katekesemesse 2. og 3. trinn<\/p>\n<p>&nbsp;<\/p>\n<p>Kl. 13.00 &#8211; 14.00: Katekesemesse for 5., 6. og 7. trinn<\/p>\n<p>Kl. 13.00 &#8211; 17.00: Katekese for barn p\u00e5 5., 6. og 7. trinn.<\/p>\n<p><strong>&nbsp;<\/strong><\/p>\n<p><strong>Messene kl. 10.15 og kl. 13.00 er bare for barn og ungdommer i katekesen.<\/strong><\/p>\n<p>3. P\u00e5 dagen for Herrens \u00c5penbaring er det tradisjon \u00e5 st\u00f8tte den pavelige misjonsvirksomhet ogs\u00e5 kalt Missio i Norge ved \u00e5 gi 20 kroner for hver velsignelsesklistrelapp. I \u00e5ret faller Herrens \u00c5penbarings fest p\u00e5 onsdag. Derfor g\u00e5r kollekten p\u00e5 denne 2. s\u00f8ndagen etter jul til barnemissio, og vi kan i bytte for 20 kroner f\u00e5 velsignelsesklisterlapper. Vipps 534797<\/p>\n<p>&nbsp;<\/p>\n<p><strong>4.&nbsp; <\/strong><strong>CARITAS-kurs for frivillige&nbsp;<\/strong><\/p>\n<p>Cartitas St. Ansgar s\u00f8ker frivillige til \u00e5 bist\u00e5 med opps\u00f8kende telefonkontakt, st\u00f8tte og omsorg til mennesker som er rammet av Koronakrisen.<\/p>\n<p>Caritas \u00f8nsker at alle frivillige skal f\u00f8le seg trygge i denne tjenesten. Caritas arrangerer derfor kurs for medlemmer av menigheten som kan tenke seg \u00e5 tjenestegj\u00f8re som frivillige i dette arbeidet.<\/p>\n<p>Kurset vil v\u00e6re gratis for deltakerne og g\u00e5 over tre kvelder, 12, 19 og 26 januar 2021.<\/p>\n<p>Etter fullf\u00f8rt kurs m\u00e5 frivillige v\u00e6re innstilt p\u00e5 \u00e5 sette av tid til \u00e5 utf\u00f8re diakonalt arbeid.<\/p>\n<p>Interesserte kan ta kontakt med Mogens Alb\u00e6k, kontaktinfo henger p\u00e5 oppslag i inngangspartiet.<\/p>\n<p>&nbsp;<\/p>\n<p><strong>5. Onsdag 5. januar kl. 19.00 er det bibelgruppe .<\/strong><\/p>\n<p style=\"text-align: center;\">&nbsp;<\/p>\n<p><strong>&nbsp;<\/strong><\/p>\n<p style=\"text-align: center;\"><strong>&nbsp;&nbsp;&nbsp;&nbsp;&nbsp;&nbsp;&nbsp;&nbsp;&nbsp;&nbsp;&nbsp;&nbsp;&nbsp;&nbsp;&nbsp;&nbsp;&nbsp;&nbsp;&nbsp;&nbsp;&nbsp;&nbsp;&nbsp;&nbsp;&nbsp;&nbsp;&nbsp;&nbsp;&nbsp;&nbsp;&nbsp;&nbsp;&nbsp;&nbsp;&nbsp;&nbsp;&nbsp;&nbsp;&nbsp;&nbsp;&nbsp;&nbsp;&nbsp;&nbsp;&nbsp;&nbsp;&nbsp;&nbsp;&nbsp;&nbsp; \u00d8nsker dere en riktig god s\u00f8ndag! <\/strong><\/p>\n","protected":false},"excerpt":{"rendered":"<p>KUNNGJ\u00d8RINGER S\u00d8NDAG 3. JANUAR 2020 &nbsp; Tirsdag 5.01 kl. kl. 17.30 18.00 Vesper Messe &#8211; etterfulgt av Sakramentstilbedelse Onsdag 6.01 kl. 18.00 H\u00f8ytid: HERRENS \u00c5PENBARING Torsdag 7.01 kl. kl. 17.00 18.00 Tilbedelse: Vi ber spesielt for kall til ordenslivet og&#8230;<br \/><a class=\"read-more-button\" href=\"https:\/\/stansgar.katolsk.no\/?p=8405\">Read more<\/a><\/p>\n","protected":false},"author":1,"featured_media":0,"comment_status":"open","ping_status":"open","sticky":false,"template":"","format":"standard","meta":{"footnotes":""},"categories":[482,204],"tags":[],"class_list":["post-8405","post","type-post","status-publish","format-standard","hentry","category-kunngjoringer","category-ukategorisert-nb"],"_links":{"self":[{"href":"https:\/\/stansgar.katolsk.no\/index.php?rest_route=\/wp\/v2\/posts\/8405","targetHints":{"allow":["GET"]}}],"collection":[{"href":"https:\/\/stansgar.katolsk.no\/index.php?rest_route=\/wp\/v2\/posts"}],"about":[{"href":"https:\/\/stansgar.katolsk.no\/index.php?rest_route=\/wp\/v2\/types\/post"}],"author":[{"embeddable":true,"href":"https:\/\/stansgar.katolsk.no\/index.php?rest_route=\/wp\/v2\/users\/1"}],"replies":[{"embeddable":true,"href":"https:\/\/stansgar.katolsk.no\/index.php?rest_route=%2Fwp%2Fv2%2Fcomments&post=8405"}],"version-history":[{"count":7,"href":"https:\/\/stansgar.katolsk.no\/index.php?rest_route=\/wp\/v2\/posts\/8405\/revisions"}],"predecessor-version":[{"id":8450,"href":"https:\/\/stansgar.katolsk.no\/index.php?rest_route=\/wp\/v2\/posts\/8405\/revisions\/8450"}],"wp:attachment":[{"href":"https:\/\/stansgar.katolsk.no\/index.php?rest_route=%2Fwp%2Fv2%2Fmedia&parent=8405"}],"wp:term":[{"taxonomy":"category","embeddable":true,"href":"https:\/\/stansgar.katolsk.no\/index.php?rest_route=%2Fwp%2Fv2%2Fcategories&post=8405"},{"taxonomy":"post_tag","embeddable":true,"href":"https:\/\/stansgar.katolsk.no\/index.php?rest_route=%2Fwp%2Fv2%2Ftags&post=8405"}],"curies":[{"name":"wp","href":"https:\/\/api.w.org\/{rel}","templated":true}]}}