{"id":838,"date":"2013-09-10T18:54:00","date_gmt":"2013-09-10T16:54:00","guid":{"rendered":"http:\/\/stansgar.katolsk.no\/index.php\/2013\/09\/10\/katekesebrev-fra-sognepresten\/"},"modified":"2018-10-12T09:12:53","modified_gmt":"2018-10-12T07:12:53","slug":"katekesebrev-fra-sognepresten","status":"publish","type":"post","link":"https:\/\/stansgar.katolsk.no\/?p=838","title":{"rendered":"Katekesebrev fra sognepresten"},"content":{"rendered":"<p><\/p>\n<div class=\"MsoNormal\" style=\"background-color: white; color: #222222;\">\nF\u00f8lgende brev er sendt ut til alle familier med barn som er registrert i St.Ansgar menighet. Noen har kanskje ikke f\u00e5tt det av forskjellige grunner &#8211; kanskje er de ikke registrert i v\u00e5r menighet, kanskje er barnet d\u00f8pt et annet sted &#8211; eller andre grunner. Har du ikke f\u00e5tt brevet i posten, eller kjenner noen som ikke har f\u00e5tt det &#8211; kontakt presten!<\/div>\n<div class=\"MsoNormal\" style=\"background-color: white; color: #222222; font-size: 13px;\">\n<b><br \/><\/b><\/div>\n<div class=\"MsoNormal\" style=\"background-color: white; color: #222222; font-size: 13px;\">\n<b><br \/><\/b><\/div>\n<div class=\"MsoNormal\" style=\"background-color: white; color: #222222; font-size: 13px;\">\n<b>KJ\u00c6RE ALLE BARN, UNGDOMMER&nbsp;&nbsp;OG FORELDRE<\/b><\/div>\n<div class=\"MsoNormal\" style=\"background-color: white; color: #222222; font-size: 13px;\">\n<\/div>\n<div class=\"MsoNormal\" style=\"background-color: white; color: #222222; font-size: 13px;\">\nVelkommen til h\u00f8stens katekese! Vi starter&nbsp;<b>l\u00f8rdag 14. september for alle klasser&nbsp;<\/b>i menighetshuset \u201dKIGA\u201d i Kongensgate 17.<u><\/u><u><\/u><\/div>\n<div class=\"MsoNormal\" style=\"background-color: white; color: #222222; font-size: 13px;\">\n<\/div>\n<div class=\"MsoNormal\" style=\"background-color: white; color: #222222; font-size: 13px;\">\nByggeprosjektet er ikke helt ferdig, derfor kan ungdomslokalet under kirken ikke brukes i h\u00f8st.&nbsp;&nbsp;Derfor m\u00e5 katekesen fordeles slik at alle f\u00e5r ett klasserom.<u><\/u><u><\/u><\/div>\n<div class=\"MsoNormal\" style=\"background-color: white; color: #222222; font-size: 13px;\">\n<\/div>\n<div class=\"MsoNormal\" style=\"background-color: white; color: #222222; font-size: 13px;\">\n<b>1.-5. klasse&nbsp;<\/b>har katekese<b>&nbsp;&nbsp;klokken 10.00 \u2013 13.00<\/b>&nbsp;Barna f\u00e5r servert mat og drikke i pausen. Det er ikke lov \u00e5 g\u00e5 i butikken. Den f\u00f8rste katekesedagen blir det et kort foreldrem\u00f8te<b>&nbsp;kl. 10.00<u><\/u><u><\/u><\/b><\/div>\n<div class=\"MsoNormal\" style=\"background-color: white; color: #222222; font-size: 13px;\">\n<\/div>\n<div class=\"MsoNormal\" style=\"background-color: white; color: #222222; font-size: 13px;\">\n<b>6. &#8211; 9. klasse&nbsp;<\/b>har katekese&nbsp;&nbsp;<b>kl 13.30 -17.00.&nbsp;<\/b>Mat og drikke serveres i pausen. Den f\u00f8rste katekesedagen blir det et kort&nbsp;<b>m\u00f8te sammen med foreldre kl 13.30.<\/b><u><\/u><u><\/u><\/div>\n<div class=\"MsoNormal\" style=\"background-color: white; color: #222222; font-size: 13px;\">\n<\/div>\n<div class=\"MsoNormal\" style=\"background-color: white; color: #222222; font-size: 13px;\">\n<b>NB Husk 6. Klasse begynner n\u00e5 kl. 13.30!<u><\/u><u><\/u><\/b><\/div>\n<div class=\"MsoNormal\" style=\"background-color: white; color: #222222; font-size: 13px;\">\n<\/div>\n<div class=\"MsoNormal\" style=\"background-color: white; color: #222222; font-size: 13px;\">\n<b>Konfirmasjonsforberedelsen er 2 \u00e5r.&nbsp;<\/b>8. klasse er f\u00f8rste \u00e5r av konfirmasjonsforberedelsen. De som \u00f8nsker \u00e5 bli konfirmert i september 2015 m\u00e5 bli med n\u00e5.<u><\/u><u><\/u><\/div>\n<div class=\"MsoNormal\" style=\"background-color: white; color: #222222; font-size: 13px;\">\n<\/div>\n<div class=\"MsoNormal\" style=\"background-color: white; color: #222222; font-size: 13px;\">\nDenne h\u00f8sten blir det katekese l\u00f8rdagene&nbsp;<b>12. oktober, 9. november og 7.desember.<u><\/u><u><\/u><\/b><\/div>\n<div class=\"MsoNormal\" style=\"background-color: white; color: #222222; font-size: 13px;\">\n<\/div>\n<div class=\"MsoNormal\" style=\"background-color: white; color: #222222; font-size: 13px;\">\n<\/div>\n<div class=\"MsoNormal\" style=\"background-color: white; color: #222222; font-size: 13px;\">\n<\/div>\n<div class=\"MsoNormal\" style=\"background-color: white; color: #222222; font-size: 13px;\">\nVelkommen alle sammen til h\u00f8stens katekese!<u><\/u><u><\/u><\/div>\n<div class=\"MsoNormal\" style=\"background-color: white; color: #222222; font-size: 13px;\">\nJeg gleder meg til \u00e5 se dere!<u><\/u><u><\/u><\/div>\n<div class=\"MsoNormal\" style=\"background-color: white; color: #222222; font-size: 13px;\">\n<\/div>\n<div class=\"MsoNormal\" style=\"background-color: white; color: #222222; font-size: 13px;\">\n<\/div>\n<div class=\"MsoNormal\" style=\"background-color: white; color: #222222; font-size: 13px;\">\nKristiansand, august&nbsp;&nbsp;2013<u><\/u><u><\/u><\/div>\n<div class=\"MsoNormal\" style=\"background-color: white; color: #222222; font-size: 13px;\">\n<\/div>\n<div class=\"MsoNormal\" style=\"background-color: white; color: #222222; font-size: 13px;\">\n<\/div>\n<div class=\"MsoNormal\" style=\"background-color: white; color: #222222; font-size: 13px;\">\np.Frode Eikenes<u><\/u><u><\/u><\/div>\n<div class=\"MsoNormal\" style=\"background-color: white; color: #222222; font-size: 13px;\">\nSogneprest<\/div>\n","protected":false},"excerpt":{"rendered":"<p>F\u00f8lgende brev er sendt ut til alle familier med barn som er registrert i St.Ansgar menighet. Noen har kanskje ikke f\u00e5tt det av forskjellige grunner &#8211; kanskje er de ikke registrert i v\u00e5r menighet, kanskje er barnet d\u00f8pt et annet&#8230;<br \/><a class=\"read-more-button\" href=\"https:\/\/stansgar.katolsk.no\/?p=838\">Read more<\/a><\/p>\n","protected":false},"author":3,"featured_media":0,"comment_status":"open","ping_status":"open","sticky":false,"template":"","format":"standard","meta":{"footnotes":""},"categories":[1],"tags":[10],"class_list":["post-838","post","type-post","status-publish","format-standard","hentry","category-ukategorisert","tag-katekese"],"_links":{"self":[{"href":"https:\/\/stansgar.katolsk.no\/index.php?rest_route=\/wp\/v2\/posts\/838","targetHints":{"allow":["GET"]}}],"collection":[{"href":"https:\/\/stansgar.katolsk.no\/index.php?rest_route=\/wp\/v2\/posts"}],"about":[{"href":"https:\/\/stansgar.katolsk.no\/index.php?rest_route=\/wp\/v2\/types\/post"}],"author":[{"embeddable":true,"href":"https:\/\/stansgar.katolsk.no\/index.php?rest_route=\/wp\/v2\/users\/3"}],"replies":[{"embeddable":true,"href":"https:\/\/stansgar.katolsk.no\/index.php?rest_route=%2Fwp%2Fv2%2Fcomments&post=838"}],"version-history":[{"count":1,"href":"https:\/\/stansgar.katolsk.no\/index.php?rest_route=\/wp\/v2\/posts\/838\/revisions"}],"predecessor-version":[{"id":2863,"href":"https:\/\/stansgar.katolsk.no\/index.php?rest_route=\/wp\/v2\/posts\/838\/revisions\/2863"}],"wp:attachment":[{"href":"https:\/\/stansgar.katolsk.no\/index.php?rest_route=%2Fwp%2Fv2%2Fmedia&parent=838"}],"wp:term":[{"taxonomy":"category","embeddable":true,"href":"https:\/\/stansgar.katolsk.no\/index.php?rest_route=%2Fwp%2Fv2%2Fcategories&post=838"},{"taxonomy":"post_tag","embeddable":true,"href":"https:\/\/stansgar.katolsk.no\/index.php?rest_route=%2Fwp%2Fv2%2Ftags&post=838"}],"curies":[{"name":"wp","href":"https:\/\/api.w.org\/{rel}","templated":true}]}}