{"id":8371,"date":"2020-12-13T10:00:22","date_gmt":"2020-12-13T09:00:22","guid":{"rendered":"https:\/\/stansgar.katolsk.no\/?p=8371"},"modified":"2020-12-13T07:14:14","modified_gmt":"2020-12-13T06:14:14","slug":"kunngjoringer-sondag-13-desember-2020","status":"publish","type":"post","link":"https:\/\/stansgar.katolsk.no\/?p=8371","title":{"rendered":"KUNNGJ\u00d8RINGER S\u00d8NDAG 13. DESEMBER 2020"},"content":{"rendered":"<p style=\"text-align: center;\"><strong>KUNNGJ\u00d8RINGER S\u00d8NDAG 13. DESEMBER 2020<\/strong><\/p>\n<p>&nbsp;<\/p>\n<table width=\"631\">\n<tbody>\n<tr>\n<td width=\"93\">Tirsdag<\/td>\n<td width=\"67\">15.12<\/td>\n<td width=\"35\">kl.<\/p>\n<p>kl.<\/td>\n<td width=\"53\">17.30<\/p>\n<p>18.00<\/td>\n<td width=\"382\">Vesper<\/p>\n<p>Messe &#8211; etterfulgt av<\/p>\n<p>Sakramentstilbedelse<\/td>\n<\/tr>\n<tr>\n<td width=\"93\">Onsdag<\/td>\n<td width=\"67\">16.12<\/td>\n<td width=\"35\">kl.<\/p>\n<p>kl.<\/td>\n<td width=\"53\">06.30<\/p>\n<p>18.00<\/td>\n<td width=\"382\">Roratemesse<\/p>\n<p>Messe<\/td>\n<\/tr>\n<tr>\n<td width=\"93\">Torsdag<\/td>\n<td width=\"67\">17.12<\/td>\n<td width=\"35\">kl.<\/td>\n<td width=\"53\">18.00<\/td>\n<td width=\"382\">Messe<\/td>\n<\/tr>\n<tr>\n<td width=\"93\">Fredag<\/td>\n<td width=\"67\">18.12<\/td>\n<td width=\"35\">kl.<\/td>\n<td width=\"53\">18.00<\/td>\n<td width=\"382\">Messe<\/td>\n<\/tr>\n<tr>\n<td width=\"93\">L\u00f8rdag<\/td>\n<td width=\"67\">19.12<\/td>\n<td width=\"35\">kl.<\/p>\n<p>kl.<\/p>\n<p>kl.<\/td>\n<td width=\"53\">13.00<\/p>\n<p>14.00<\/p>\n<p>18.00<\/td>\n<td width=\"382\">Messe p\u00e5 norsk<\/p>\n<p>Messe p\u00e5 spansk<\/p>\n<p>Messe p\u00e5 polsk<\/td>\n<\/tr>\n<tr>\n<td colspan=\"5\" width=\"631\">S\u00f8ndag&nbsp;&nbsp;&nbsp;&nbsp;&nbsp;&nbsp;&nbsp;&nbsp;&nbsp;&nbsp; 20.12&nbsp;&nbsp;&nbsp;&nbsp;&nbsp;&nbsp;&nbsp;&nbsp;&nbsp;&nbsp;&nbsp; 4. S\u00d8NDAG I ADVENT<\/td>\n<\/tr>\n<tr>\n<td colspan=\"2\" width=\"160\">&nbsp;<\/td>\n<td width=\"35\">kl.<\/p>\n<p>&nbsp;<\/p>\n<p>kl.<\/p>\n<p>&nbsp;<\/p>\n<p>kl.<\/p>\n<p>&nbsp;<\/p>\n<p>kl.<\/p>\n<p>kl.<\/td>\n<td width=\"53\">09.00<\/p>\n<p>&nbsp;<\/p>\n<p>11.00<\/p>\n<p>&nbsp;<\/p>\n<p>13.00<\/p>\n<p>&nbsp;<\/p>\n<p>14.30<\/p>\n<p>18.00<\/td>\n<td width=\"382\">Messe p\u00e5 polsk<\/p>\n<p>(ogs\u00e5 direktesendt)&nbsp;<\/p>\n<p>Messe p\u00e5 norsk<\/p>\n<p>(ogs\u00e5 direktesendt)<\/p>\n<p>Messe p\u00e5 vietnamesisk<\/p>\n<p>(ogs\u00e5 direktesendt)<\/p>\n<p>Messe p\u00e5 norsk<\/p>\n<p>Messe p\u00e5 vietnamesisk<\/td>\n<\/tr>\n<\/tbody>\n<\/table>\n<p><strong>Annet<\/strong><\/p>\n<p>&nbsp;<\/p>\n<ul>\n<li>Alle oppfordres sterkt til \u00e5 forberede veien til Herrens komme i sitt liv. <strong>P\u00e5<\/strong> <strong>tirsdag<br \/>\ndes. og onsdag 16. des. kl. 19.00<\/strong> er det \u00e5ndelig forberedelse for Kristi f\u00f8dselsfest<br \/>\ni kirken med meditasjon i stillhet \u2013 Skriftem\u00e5l under meditasjonen. P. Tien og p. Dawid h\u00f8rer skriftem\u00e5l.<\/li>\n<li>Sigurd kan ikke komme for \u00e5 h\u00f8re skriftem\u00e5l i \u00e5r.<\/li>\n<\/ul>\n<p>&nbsp;<\/p>\n<ul>\n<li>Registrering av billetter til messene Julen 2020 legges ut torsdag 17. desember.<\/li>\n<\/ul>\n<p>Alle anbefales \u00e5 komme til bare <strong><u>en<\/u><\/strong> messe i Julen, enten 24. desember eller 25. desember.<\/p>\n<p>Vi m\u00e5 vise hensyn til hverandre, og la v\u00e5re br\u00f8dre og s\u00f8stre f\u00e5 en plass i Julens messer.<\/p>\n<p>Husk at hvis du har registrert deg til en messe og ikke kan komme til messen, v\u00e6re s\u00e5 snill \u00e5 avbestille din registrering f\u00f8r kl. 23.00 dagen f\u00f8r messen finner sted.<\/p>\n<p>For \u00e5 avbestille billetten din, g\u00e5 inn p\u00e5 messebilletten din og trykk p\u00e5 \u00abbekreftet\u00bb og f\u00f8lg anvisningen til billetten er avbestilt.<\/p>\n<p>&nbsp;<\/p>\n<p>&#8211;&nbsp;&nbsp;&nbsp;&nbsp;&nbsp;&nbsp;&nbsp;&nbsp;&nbsp; <strong>CARITAS-kurs for frivillige&nbsp;<\/strong><\/p>\n<p>Cartitas St. Ansgar s\u00f8ker frivillige til \u00e5 bist\u00e5 med opps\u00f8kende telefonkontakt, st\u00f8tte og omsorg til mennesker som er rammet av Koronakrisen.<\/p>\n<p>Caritas \u00f8nsker at alle frivillige skal f\u00f8le seg trygge i denne tjenesten. Caritas arrangerer derfor kurs for medlemmer av menigheten som kan tenke seg \u00e5 tjenestegj\u00f8re som frivillige i dette arbeidet.<\/p>\n<p>Kurset vil v\u00e6re gratis for deltakerne og g\u00e5 over tre kvelder, 12, 19 og 26 januar 2021.<\/p>\n<p>Etter fullf\u00f8rt kurs m\u00e5 frivillige v\u00e6re innstilt p\u00e5 \u00e5 sette av tid til \u00e5 utf\u00f8re diakonalt arbeid.<\/p>\n<p>Interesserte kan ta kontakt med Mogens Alb\u00e6k, kontaktinfo henger p\u00e5 oppslag i inngangspartiet.<\/p>\n<p>&nbsp;<\/p>\n<p><strong>&nbsp;<\/strong><\/p>\n<p><strong>&nbsp;&nbsp;&nbsp;&nbsp;&nbsp;&nbsp;&nbsp;&nbsp;&nbsp;&nbsp;&nbsp;&nbsp;&nbsp;&nbsp;&nbsp;&nbsp;&nbsp;&nbsp;&nbsp;&nbsp;&nbsp;&nbsp;&nbsp;&nbsp;&nbsp;&nbsp;&nbsp;&nbsp;&nbsp;&nbsp;&nbsp;&nbsp;&nbsp;&nbsp;&nbsp;&nbsp;&nbsp;&nbsp;&nbsp;&nbsp;&nbsp;&nbsp;&nbsp;&nbsp;&nbsp;&nbsp;&nbsp;&nbsp;&nbsp;&nbsp; \u00d8nsker dere en riktig god s\u00f8ndag! <\/strong><\/p>\n","protected":false},"excerpt":{"rendered":"<p>KUNNGJ\u00d8RINGER S\u00d8NDAG 13. DESEMBER 2020 &nbsp; Tirsdag 15.12 kl. kl. 17.30 18.00 Vesper Messe &#8211; etterfulgt av Sakramentstilbedelse Onsdag 16.12 kl. kl. 06.30 18.00 Roratemesse Messe Torsdag 17.12 kl. 18.00 Messe Fredag 18.12 kl. 18.00 Messe L\u00f8rdag 19.12 kl. kl&#8230;.<br \/><a class=\"read-more-button\" href=\"https:\/\/stansgar.katolsk.no\/?p=8371\">Read more<\/a><\/p>\n","protected":false},"author":1,"featured_media":0,"comment_status":"open","ping_status":"open","sticky":false,"template":"","format":"standard","meta":{"footnotes":""},"categories":[482],"tags":[3],"class_list":["post-8371","post","type-post","status-publish","format-standard","hentry","category-kunngjoringer","tag-kunngjoringer"],"_links":{"self":[{"href":"https:\/\/stansgar.katolsk.no\/index.php?rest_route=\/wp\/v2\/posts\/8371","targetHints":{"allow":["GET"]}}],"collection":[{"href":"https:\/\/stansgar.katolsk.no\/index.php?rest_route=\/wp\/v2\/posts"}],"about":[{"href":"https:\/\/stansgar.katolsk.no\/index.php?rest_route=\/wp\/v2\/types\/post"}],"author":[{"embeddable":true,"href":"https:\/\/stansgar.katolsk.no\/index.php?rest_route=\/wp\/v2\/users\/1"}],"replies":[{"embeddable":true,"href":"https:\/\/stansgar.katolsk.no\/index.php?rest_route=%2Fwp%2Fv2%2Fcomments&post=8371"}],"version-history":[{"count":5,"href":"https:\/\/stansgar.katolsk.no\/index.php?rest_route=\/wp\/v2\/posts\/8371\/revisions"}],"predecessor-version":[{"id":8385,"href":"https:\/\/stansgar.katolsk.no\/index.php?rest_route=\/wp\/v2\/posts\/8371\/revisions\/8385"}],"wp:attachment":[{"href":"https:\/\/stansgar.katolsk.no\/index.php?rest_route=%2Fwp%2Fv2%2Fmedia&parent=8371"}],"wp:term":[{"taxonomy":"category","embeddable":true,"href":"https:\/\/stansgar.katolsk.no\/index.php?rest_route=%2Fwp%2Fv2%2Fcategories&post=8371"},{"taxonomy":"post_tag","embeddable":true,"href":"https:\/\/stansgar.katolsk.no\/index.php?rest_route=%2Fwp%2Fv2%2Ftags&post=8371"}],"curies":[{"name":"wp","href":"https:\/\/api.w.org\/{rel}","templated":true}]}}