{"id":83,"date":"2018-07-28T08:25:00","date_gmt":"2018-07-28T06:25:00","guid":{"rendered":"http:\/\/stansgar.katolsk.no\/index.php\/2018\/07\/28\/ogoszenia-duszpasterstwa-polskiego-w\/"},"modified":"2018-10-12T09:12:15","modified_gmt":"2018-10-12T07:12:15","slug":"ogoszenia-duszpasterstwa-polskiego-w","status":"publish","type":"post","link":"https:\/\/stansgar.katolsk.no\/?p=83","title":{"rendered":"Og\u0142oszenia duszpasterstwa polskiego w parafii \u015bw. Ansgara w Kristiansand"},"content":{"rendered":"<p>p.p1 {margin: 0.0px 0.0px 8.0px 0.0px; font: 18.0px Calibri; color: #ff2600}<br \/>\np.p2 {margin: 0.0px 0.0px 8.0px 7.1px; text-indent: 35.5px; font: 16.0px Calibri}<br \/>\np.p3 {margin: 0.0px 0.0px 8.0px 0.0px; text-align: center; font: 18.0px Calibri}<br \/>\np.p4 {margin: 0.0px 0.0px 8.0px 0.0px; font: 16.0px Calibri; color: #002f73}<br \/>\np.p5 {margin: 0.0px 0.0px 8.0px 0.0px; font: 16.0px Calibri}<br \/>\np.p6 {margin: 0.0px 0.0px 8.0px 0.0px; font: 8.0px &#8216;Times New Roman&#8217;; min-height: 9.0px}<br \/>\np.p7 {margin: 0.0px 0.0px 8.0px 0.0px; font: 16.0px Calibri; color: #47672e}<br \/>\np.p8 {margin: 0.0px 0.0px 8.0px 0.0px; text-align: center; font: 16.0px &#8216;Times New Roman&#8217;; color: #002f73}<br \/>\nspan.s1 {text-decoration: underline}<\/p>\n<p><\/p>\n<div class=\"p1\">\n<\/div>\n<div class=\"p2\">\nZ powodu urlopu ks. Dawida w miesi\u0105cu sierpniu, msze \u015bwi\u0119te i nabo\u017ce\u0144stwa dla Polak\u00f3w zostan\u0105 zredukowne w naszej parafii. Przewodniczy\u0107 im b\u0119dzie nasz proboszcz &#8211; ks. Luis Tien. Nabo\u017ce\u0144stwa b\u0119d\u0105 odprawiane w j\u0119z. norweskim, natomiast czytania, modlitwa wiernych i pie\u015bni b\u0119d\u0105 w j\u0119z. polskim. Bardzo prosz\u0119 wszystkich wiernych o anga\u017cowanie si\u0119 w liturgii.&nbsp; &nbsp;<\/div>\n<div class=\"p3\">\n<b>Oto plan mszy i nabo\u017ce\u0144stw dla Polak\u00f3w.<\/b><\/div>\n<div class=\"p4\">\n<b>Sobota \u2013 4.sierpnia<\/b><b> <\/b><i>(wyj\u0105tkowo odprawiana w sierpniu z ok. 1 soboty miesi\u0105ca)<\/i><\/div>\n<div class=\"p5\">\n<b>18.00 msza \u015bw. <\/b>(czytania i \u015bpiew w j\u0119z. polskim). <b>Po mszy \u015bw. nabo\u017ce\u0144stwo ku czci Matki Boskiej z ok. 1. soboty miesi\u0105ca <\/b>(prowadzone przez Polak\u00f3w)<\/div>\n<div class=\"p6\">\n<\/div>\n<div class=\"p7\">\n<b>Niedziela \u2013 5.sierpnia <i>(18. Niedziela Zwyk\u0142a B)<\/i><\/b><\/div>\n<div class=\"p5\">\n<b>8.30 r\u00f3\u017caniec po polsku<\/b><\/div>\n<div class=\"p5\">\n<b>9.00 msza \u015bw. <\/b>(czytania i \u015bpiew w j\u0119z. polskim)<\/div>\n<div class=\"p6\">\n<b><\/b><\/div>\n<div class=\"p7\">\n<b>Niedziela \u2013 12.sierpnia (19. Niedziela Zwyk\u0142a B)<\/b><\/div>\n<div class=\"p5\">\n<b>8.30 r\u00f3\u017caniec po polsku<\/b><\/div>\n<div class=\"p5\">\n<b>9.00 msza \u015bw. <\/b>(czytania i \u015bpiew w j\u0119z. polskim)<\/div>\n<div class=\"p6\">\n<b><\/b><\/div>\n<div class=\"p7\">\n<b>Niedziela \u2013 19.sierpnia (20. Niedziela Zwyk\u0142a B)<\/b><\/div>\n<div class=\"p5\">\n<b>8.30 r\u00f3\u017caniec po polsku<\/b><\/div>\n<div class=\"p5\">\n<b>9.00 msza \u015bw. <\/b>(czytania i \u015bpiew w j\u0119z. polskim)<\/div>\n<div class=\"p6\">\n<b><\/b><\/div>\n<div class=\"p7\">\n<b>Niedziela \u2013 26.sierpnia (21. Niedziela zwyk\u0142a B)<\/b><\/div>\n<div class=\"p5\">\n<b>8.30 r\u00f3\u017caniec po polsku<\/b><\/div>\n<div class=\"p5\">\n<b>9.00 msza \u015bw. <\/b>(czytania i \u015bpiew w j\u0119z. polskim)<\/div>\n<div class=\"p8\">\n<b>&#8212;&#8212;&#8212;&#8212;&#8212;&#8212;&#8212;&#8212;&#8212;&#8212;&#8212;&#8212;&#8212;&#8212;&#8212;&#8212;&#8212;&#8212;&#8212;&#8212;&#8212;&#8212;&#8212;&#8212;&#8212;&#8212;&#8212;&#8212;&#8212;-<\/b><\/div>\n<div class=\"p1\">\n<b>&nbsp;W sierpniu (poza 4.08.) nie b\u0119dzie mszy \u015bw. o godz. 18.00 w soboty!!!<\/b><\/div>\n<p><\/p>\n","protected":false},"excerpt":{"rendered":"<p>p.p1 {margin: 0.0px 0.0px 8.0px 0.0px; font: 18.0px Calibri; color: #ff2600} p.p2 {margin: 0.0px 0.0px 8.0px 7.1px; text-indent: 35.5px; font: 16.0px Calibri} p.p3 {margin: 0.0px 0.0px 8.0px 0.0px; text-align: center; font: 18.0px Calibri} p.p4 {margin: 0.0px 0.0px 8.0px 0.0px; font:&#8230;<br \/><a class=\"read-more-button\" href=\"https:\/\/stansgar.katolsk.no\/?p=83\">Read more<\/a><\/p>\n","protected":false},"author":3,"featured_media":0,"comment_status":"open","ping_status":"open","sticky":false,"template":"","format":"standard","meta":{"footnotes":""},"categories":[1],"tags":[15],"class_list":["post-83","post","type-post","status-publish","format-standard","hentry","category-ukategorisert","tag-polsk"],"_links":{"self":[{"href":"https:\/\/stansgar.katolsk.no\/index.php?rest_route=\/wp\/v2\/posts\/83","targetHints":{"allow":["GET"]}}],"collection":[{"href":"https:\/\/stansgar.katolsk.no\/index.php?rest_route=\/wp\/v2\/posts"}],"about":[{"href":"https:\/\/stansgar.katolsk.no\/index.php?rest_route=\/wp\/v2\/types\/post"}],"author":[{"embeddable":true,"href":"https:\/\/stansgar.katolsk.no\/index.php?rest_route=\/wp\/v2\/users\/3"}],"replies":[{"embeddable":true,"href":"https:\/\/stansgar.katolsk.no\/index.php?rest_route=%2Fwp%2Fv2%2Fcomments&post=83"}],"version-history":[{"count":1,"href":"https:\/\/stansgar.katolsk.no\/index.php?rest_route=\/wp\/v2\/posts\/83\/revisions"}],"predecessor-version":[{"id":1566,"href":"https:\/\/stansgar.katolsk.no\/index.php?rest_route=\/wp\/v2\/posts\/83\/revisions\/1566"}],"wp:attachment":[{"href":"https:\/\/stansgar.katolsk.no\/index.php?rest_route=%2Fwp%2Fv2%2Fmedia&parent=83"}],"wp:term":[{"taxonomy":"category","embeddable":true,"href":"https:\/\/stansgar.katolsk.no\/index.php?rest_route=%2Fwp%2Fv2%2Fcategories&post=83"},{"taxonomy":"post_tag","embeddable":true,"href":"https:\/\/stansgar.katolsk.no\/index.php?rest_route=%2Fwp%2Fv2%2Ftags&post=83"}],"curies":[{"name":"wp","href":"https:\/\/api.w.org\/{rel}","templated":true}]}}